{"id":126283,"date":"2026-04-26T13:57:14","date_gmt":"2026-04-26T19:57:14","guid":{"rendered":"https:\/\/elmetropolitano.com.gt\/es\/?p=126283"},"modified":"2026-04-26T13:57:15","modified_gmt":"2026-04-26T19:57:15","slug":"reginaldo-chocon-se-une-al-partido-unionista-en-el-municipio-de-chuarrancho","status":"publish","type":"post","link":"https:\/\/elmetropolitano.com.gt\/es\/reginaldo-chocon-se-une-al-partido-unionista-en-el-municipio-de-chuarrancho\/","title":{"rendered":"Reginaldo Choc\u00f3n se une al Partido Unionista en el municipio de Chuarrancho"},"content":{"rendered":"\n<p>El apoyo al Partido Unionista en el departamento de Guatemala continu\u00f3 este domingo al incorporarse al Partido Reginaldo Choc\u00f3n Xajap quien coordinar\u00e1 el municipio de Chuarrancho.<\/p>\n\n\n\n<p>El coordinador del departamento de Guatemala por los Uniosnistas diputado Adim Maldonado le dio la<\/p><div class=\"elmet-contenido\" id=\"elmet-1549452580\"><div class=\"elmet-adlabel\">Anuncios<\/div><div style=\"margin-top: 20px;margin-right: 20px;margin-bottom: 20px;margin-left: 20px;\" id=\"elmet-4183124114\"><a href=\"https:\/\/www.facebook.com\/arrincuanantigua\/\" aria-label=\"cintillo-arrin-cual\"><img loading=\"lazy\" decoding=\"async\" src=\"https:\/\/elmetropolitano.com.gt\/es\/wp-content\/uploads\/2021\/11\/cintillo-arrin-cual-1.jpg\" alt=\"\"  srcset=\"https:\/\/elmetropolitano.com.gt\/es\/wp-content\/uploads\/2021\/11\/cintillo-arrin-cual-1.jpg 750w, https:\/\/elmetropolitano.com.gt\/es\/wp-content\/uploads\/2021\/11\/cintillo-arrin-cual-1-300x36.jpg 300w, https:\/\/elmetropolitano.com.gt\/es\/wp-content\/uploads\/2021\/11\/cintillo-arrin-cual-1-600x72.jpg 600w\" sizes=\"(max-width: 750px) 100vw, 750px\" width=\"750\" height=\"90\"   \/><\/a><\/div><\/div>\n\n\n\n<p>Bienvenida a Reginaldo destacando que \u201ces un gran l\u00edder aqu\u00ed en Chuarrancho. Sabemos que har\u00e1 un gran trabajo para que el unionismo crezca por medio de la afiliaci\u00f3n\u201d<\/p>\n\n\n\n<p><a href=\"https:\/\/www.facebook.com\/hashtag\/chuarrancho?__cft__[0]=AZY8XPLT1NGKUx3Zh6oP_YHxooFovmQh4rY7qIM8aUBihm8Pt9ttppAfbyaELfHGE9gn2xBbTKE60jCHhGQ77y-gr75tJC292dlCKzOi1yXoxk6Z56SuoaG4zxteXHhjbjukbKwyqdDM7-p2P81UonycI51RcFFI7sQ0WwPKJOUEQVly2Lspcjh7M28n6cRSzTQ&amp;__tn__=*NK-R\">#Chuarrancho<\/a><a href=\"https:\/\/www.facebook.com\/hashtag\/partidounionista?__cft__[0]=AZY8XPLT1NGKUx3Zh6oP_YHxooFovmQh4rY7qIM8aUBihm8Pt9ttppAfbyaELfHGE9gn2xBbTKE60jCHhGQ77y-gr75tJC292dlCKzOi1yXoxk6Z56SuoaG4zxteXHhjbjukbKwyqdDM7-p2P81UonycI51RcFFI7sQ0WwPKJOUEQVly2Lspcjh7M28n6cRSzTQ&amp;__tn__=*NK-R\">#PartidoUnionista<\/a><a href=\"https:\/\/www.facebook.com\/hashtag\/metroredes?__cft__[0]=AZY8XPLT1NGKUx3Zh6oP_YHxooFovmQh4rY7qIM8aUBihm8Pt9ttppAfbyaELfHGE9gn2xBbTKE60jCHhGQ77y-gr75tJC292dlCKzOi1yXoxk6Z56SuoaG4zxteXHhjbjukbKwyqdDM7-p2P81UonycI51RcFFI7sQ0WwPKJOUEQVly2Lspcjh7M28n6cRSzTQ&amp;__tn__=*NK-R\">#metroredes<\/a><a href=\"https:\/\/www.facebook.com\/hashtag\/a%C3%B1oprelectoral?__cft__[0]=AZY8XPLT1NGKUx3Zh6oP_YHxooFovmQh4rY7qIM8aUBihm8Pt9ttppAfbyaELfHGE9gn2xBbTKE60jCHhGQ77y-gr75tJC292dlCKzOi1yXoxk6Z56SuoaG4zxteXHhjbjukbKwyqdDM7-p2P81UonycI51RcFFI7sQ0WwPKJOUEQVly2Lspcjh7M28n6cRSzTQ&amp;__tn__=*NK-R\">#a\u00f1oprelectoral<\/a><\/p>\n","protected":false},"excerpt":{"rendered":"<p>El apoyo al Partido Unionista en el departamento de Guatemala continu\u00f3 este domingo al incorporarse al Partido Reginaldo Choc\u00f3n Xajap quien coordinar\u00e1 el municipio de Chuarrancho. El coordinador del departamento de Guatemala por los Uniosnistas diputado Adim Maldonado le dio la Bienvenida a Reginaldo destacando que \u201ces un gran l\u00edder aqu\u00ed en Chuarrancho. Sabemos que <a class=\"read-more\" href=\"https:\/\/elmetropolitano.com.gt\/es\/reginaldo-chocon-se-une-al-partido-unionista-en-el-municipio-de-chuarrancho\/\">Leer m\u00e1s<\/a><\/p>\n","protected":false},"author":1,"featured_media":126284,"comment_status":"open","ping_status":"closed","sticky":false,"template":"","format":"standard","meta":{"footnotes":""},"categories":[4],"tags":[13],"class_list":["post-126283","post","type-post","status-publish","format-standard","has-post-thumbnail","hentry","category-departamentales","tag-departamentales"],"_links":{"self":[{"href":"https:\/\/elmetropolitano.com.gt\/es\/wp-json\/wp\/v2\/posts\/126283","targetHints":{"allow":["GET"]}}],"collection":[{"href":"https:\/\/elmetropolitano.com.gt\/es\/wp-json\/wp\/v2\/posts"}],"about":[{"href":"https:\/\/elmetropolitano.com.gt\/es\/wp-json\/wp\/v2\/types\/post"}],"author":[{"embeddable":true,"href":"https:\/\/elmetropolitano.com.gt\/es\/wp-json\/wp\/v2\/users\/1"}],"replies":[{"embeddable":true,"href":"https:\/\/elmetropolitano.com.gt\/es\/wp-json\/wp\/v2\/comments?post=126283"}],"version-history":[{"count":1,"href":"https:\/\/elmetropolitano.com.gt\/es\/wp-json\/wp\/v2\/posts\/126283\/revisions"}],"predecessor-version":[{"id":126285,"href":"https:\/\/elmetropolitano.com.gt\/es\/wp-json\/wp\/v2\/posts\/126283\/revisions\/126285"}],"wp:featuredmedia":[{"embeddable":true,"href":"https:\/\/elmetropolitano.com.gt\/es\/wp-json\/wp\/v2\/media\/126284"}],"wp:attachment":[{"href":"https:\/\/elmetropolitano.com.gt\/es\/wp-json\/wp\/v2\/media?parent=126283"}],"wp:term":[{"taxonomy":"category","embeddable":true,"href":"https:\/\/elmetropolitano.com.gt\/es\/wp-json\/wp\/v2\/categories?post=126283"},{"taxonomy":"post_tag","embeddable":true,"href":"https:\/\/elmetropolitano.com.gt\/es\/wp-json\/wp\/v2\/tags?post=126283"}],"curies":[{"name":"wp","href":"https:\/\/api.w.org\/{rel}","templated":true}]}}