{"id":126330,"date":"2026-04-27T08:48:34","date_gmt":"2026-04-27T14:48:34","guid":{"rendered":"https:\/\/elmetropolitano.com.gt\/es\/?p=126330"},"modified":"2026-04-27T08:48:36","modified_gmt":"2026-04-27T14:48:36","slug":"asesinan-a-periodista-en-san-cristobal-verapaz","status":"publish","type":"post","link":"https:\/\/elmetropolitano.com.gt\/es\/asesinan-a-periodista-en-san-cristobal-verapaz\/","title":{"rendered":"Asesinan a periodista en San Crist\u00f3bal Verapaz"},"content":{"rendered":"\n<p>El comunicador, Carlos Humberto Cal muri\u00f3 al recibir m\u00faltiples impactos de bala que le ocasionaron sujetos desconocidos en la ruta de San Crist\u00f3bal Verapaz a\u00fan costado de la f\u00e1brica de Calzado Coban.<\/p>\n\n\n\n<p>Familiares y amigos lo identifican como una persona que se dedicaba al periodismo, adem\u00e1s formaba parte de la Asociaci\u00f3n de Periodistas de Cob\u00e1n.<\/p><div class=\"elmet-contenido\" id=\"elmet-1155992714\"><div class=\"elmet-adlabel\">Anuncios<\/div><div style=\"margin-top: 20px;margin-right: 20px;margin-bottom: 20px;margin-left: 20px;\" id=\"elmet-1358891389\"><a href=\"https:\/\/www.facebook.com\/arrincuanantigua\/\" aria-label=\"cintillo-arrin-cual\"><img loading=\"lazy\" decoding=\"async\" src=\"https:\/\/elmetropolitano.com.gt\/es\/wp-content\/uploads\/2021\/11\/cintillo-arrin-cual-1.jpg\" alt=\"\"  srcset=\"https:\/\/elmetropolitano.com.gt\/es\/wp-content\/uploads\/2021\/11\/cintillo-arrin-cual-1.jpg 750w, https:\/\/elmetropolitano.com.gt\/es\/wp-content\/uploads\/2021\/11\/cintillo-arrin-cual-1-300x36.jpg 300w, https:\/\/elmetropolitano.com.gt\/es\/wp-content\/uploads\/2021\/11\/cintillo-arrin-cual-1-600x72.jpg 600w\" sizes=\"(max-width: 750px) 100vw, 750px\" width=\"750\" height=\"90\"   \/><\/a><\/div><\/div>\n\n\n\n<p>Fiscales del Ministerio P\u00fablico MP de Guatemala y unidades de investigaci\u00f3n de la Polic\u00eda Nacional Civil PNC trabajan en el caso para determinar las razones del ataque armado que provoc\u00f3 la muerte del periodista, Carlos Cal.<\/p>\n\n\n\n<p><a href=\"https:\/\/www.facebook.com\/hashtag\/violencia?__cft__[0]=AZZKJs5WXK96cGvAYTUvjlJTAfvEuYzJiL3UVcCmqOjJoEB-QNmqX87uEjluVCPJ3xNjGyAJoo3hbvP6CNPy0JCFJfj7uh84R7aE3BBLUniXkotxPNCY2bBjCQ3nTOGdkjgc1w_e8vJelfPPkNSFqZGJCHMIB5d9FdLLNC-4qJ_6xRf61v1yE9YlwtFgMcDF5DM&amp;__tn__=*NK-R\">#Violencia<\/a><a href=\"https:\/\/www.facebook.com\/hashtag\/coban?__cft__[0]=AZZKJs5WXK96cGvAYTUvjlJTAfvEuYzJiL3UVcCmqOjJoEB-QNmqX87uEjluVCPJ3xNjGyAJoo3hbvP6CNPy0JCFJfj7uh84R7aE3BBLUniXkotxPNCY2bBjCQ3nTOGdkjgc1w_e8vJelfPPkNSFqZGJCHMIB5d9FdLLNC-4qJ_6xRf61v1yE9YlwtFgMcDF5DM&amp;__tn__=*NK-R\">#Coban<\/a><a href=\"https:\/\/www.facebook.com\/hashtag\/sancristobalaltaverapaz?__cft__[0]=AZZKJs5WXK96cGvAYTUvjlJTAfvEuYzJiL3UVcCmqOjJoEB-QNmqX87uEjluVCPJ3xNjGyAJoo3hbvP6CNPy0JCFJfj7uh84R7aE3BBLUniXkotxPNCY2bBjCQ3nTOGdkjgc1w_e8vJelfPPkNSFqZGJCHMIB5d9FdLLNC-4qJ_6xRf61v1yE9YlwtFgMcDF5DM&amp;__tn__=*NK-R\">#SanCristobalAltaVerapaz<\/a><\/p>\n\n\n\n<figure class=\"wp-block-gallery has-nested-images columns-default is-cropped wp-block-gallery-1 is-layout-flex wp-block-gallery-is-layout-flex\">\n<figure class=\"wp-block-image size-large\"><img loading=\"lazy\" decoding=\"async\" width=\"1008\" height=\"1024\" data-id=\"126332\" src=\"https:\/\/elmetropolitano.com.gt\/es\/wp-content\/uploads\/2026\/04\/682284460_1526243579501720_1256282161806086863_n-1-1008x1024.jpg\" alt=\"\" class=\"wp-image-126332\" srcset=\"https:\/\/elmetropolitano.com.gt\/es\/wp-content\/uploads\/2026\/04\/682284460_1526243579501720_1256282161806086863_n-1-1008x1024.jpg 1008w, https:\/\/elmetropolitano.com.gt\/es\/wp-content\/uploads\/2026\/04\/682284460_1526243579501720_1256282161806086863_n-1-295x300.jpg 295w, https:\/\/elmetropolitano.com.gt\/es\/wp-content\/uploads\/2026\/04\/682284460_1526243579501720_1256282161806086863_n-1-768x780.jpg 768w, https:\/\/elmetropolitano.com.gt\/es\/wp-content\/uploads\/2026\/04\/682284460_1526243579501720_1256282161806086863_n-1.jpg 1125w\" sizes=\"auto, (max-width: 1008px) 100vw, 1008px\" \/><\/figure>\n<\/figure>\n","protected":false},"excerpt":{"rendered":"<p>El comunicador, Carlos Humberto Cal muri\u00f3 al recibir m\u00faltiples impactos de bala que le ocasionaron sujetos desconocidos en la ruta de San Crist\u00f3bal Verapaz a\u00fan costado de la f\u00e1brica de Calzado Coban. Familiares y amigos lo identifican como una persona que se dedicaba al periodismo, adem\u00e1s formaba parte de la Asociaci\u00f3n de Periodistas de Cob\u00e1n. <a class=\"read-more\" href=\"https:\/\/elmetropolitano.com.gt\/es\/asesinan-a-periodista-en-san-cristobal-verapaz\/\">Leer m\u00e1s<\/a><\/p>\n","protected":false},"author":1,"featured_media":126331,"comment_status":"open","ping_status":"closed","sticky":false,"template":"","format":"standard","meta":{"footnotes":""},"categories":[4],"tags":[13],"class_list":["post-126330","post","type-post","status-publish","format-standard","has-post-thumbnail","hentry","category-departamentales","tag-departamentales"],"_links":{"self":[{"href":"https:\/\/elmetropolitano.com.gt\/es\/wp-json\/wp\/v2\/posts\/126330","targetHints":{"allow":["GET"]}}],"collection":[{"href":"https:\/\/elmetropolitano.com.gt\/es\/wp-json\/wp\/v2\/posts"}],"about":[{"href":"https:\/\/elmetropolitano.com.gt\/es\/wp-json\/wp\/v2\/types\/post"}],"author":[{"embeddable":true,"href":"https:\/\/elmetropolitano.com.gt\/es\/wp-json\/wp\/v2\/users\/1"}],"replies":[{"embeddable":true,"href":"https:\/\/elmetropolitano.com.gt\/es\/wp-json\/wp\/v2\/comments?post=126330"}],"version-history":[{"count":1,"href":"https:\/\/elmetropolitano.com.gt\/es\/wp-json\/wp\/v2\/posts\/126330\/revisions"}],"predecessor-version":[{"id":126333,"href":"https:\/\/elmetropolitano.com.gt\/es\/wp-json\/wp\/v2\/posts\/126330\/revisions\/126333"}],"wp:featuredmedia":[{"embeddable":true,"href":"https:\/\/elmetropolitano.com.gt\/es\/wp-json\/wp\/v2\/media\/126331"}],"wp:attachment":[{"href":"https:\/\/elmetropolitano.com.gt\/es\/wp-json\/wp\/v2\/media?parent=126330"}],"wp:term":[{"taxonomy":"category","embeddable":true,"href":"https:\/\/elmetropolitano.com.gt\/es\/wp-json\/wp\/v2\/categories?post=126330"},{"taxonomy":"post_tag","embeddable":true,"href":"https:\/\/elmetropolitano.com.gt\/es\/wp-json\/wp\/v2\/tags?post=126330"}],"curies":[{"name":"wp","href":"https:\/\/api.w.org\/{rel}","templated":true}]}}