{"id":126361,"date":"2026-04-27T16:41:21","date_gmt":"2026-04-27T22:41:21","guid":{"rendered":"https:\/\/elmetropolitano.com.gt\/es\/?p=126361"},"modified":"2026-04-27T16:41:22","modified_gmt":"2026-04-27T22:41:22","slug":"gobierno-busca-mitigar-riesgos-ciberneticos-y-espera-que-el-congreso-apruebe-ley-marco-contra-ciberataques","status":"publish","type":"post","link":"https:\/\/elmetropolitano.com.gt\/es\/gobierno-busca-mitigar-riesgos-ciberneticos-y-espera-que-el-congreso-apruebe-ley-marco-contra-ciberataques\/","title":{"rendered":"Gobierno busca mitigar riesgos cibern\u00e9ticos y espera que el Congreso apruebe ley marco contra ciberataques"},"content":{"rendered":"\n<p>Durante la Ronda de este lunes en el Palacio Nacional de la Cultura, el presidente Bernardo Ar\u00e9valo se refiri\u00f3 a los recientes ciberataques que han afectado a distintas instituciones del Ejecutivo, entre ellas la Direcci\u00f3n General de Control de Armas y Municiones (Digecam) y el m\u00e1s reciente incidente registrado en uno de los portales del Ministerio de Trabajo y Previsi\u00f3n Social (Mintrab).<\/p>\n\n\n\n<p>El mandatario reconoci\u00f3 que Guatemala enfrenta una posici\u00f3n de vulnerabilidad debido a la falta de atenci\u00f3n hist\u00f3rica al tema de la ciberseguridad. Seg\u00fan explic\u00f3, durante a\u00f1os se desarrollaron sistemas digitales sin incorporar medidas adecuadas de protecci\u00f3n, lo que hoy expone a las instituciones p\u00fablicas a ataques provenientes incluso desde fuera del pa\u00eds.<\/p><div class=\"elmet-contenido\" id=\"elmet-993237731\"><div class=\"elmet-adlabel\">Anuncios<\/div><div style=\"margin-top: 20px;margin-right: 20px;margin-bottom: 20px;margin-left: 20px;\" id=\"elmet-4009823987\"><a href=\"https:\/\/www.facebook.com\/arrincuanantigua\/\" aria-label=\"cintillo-arrin-cual\"><img loading=\"lazy\" decoding=\"async\" src=\"https:\/\/elmetropolitano.com.gt\/es\/wp-content\/uploads\/2021\/11\/cintillo-arrin-cual-1.jpg\" alt=\"\"  srcset=\"https:\/\/elmetropolitano.com.gt\/es\/wp-content\/uploads\/2021\/11\/cintillo-arrin-cual-1.jpg 750w, https:\/\/elmetropolitano.com.gt\/es\/wp-content\/uploads\/2021\/11\/cintillo-arrin-cual-1-300x36.jpg 300w, https:\/\/elmetropolitano.com.gt\/es\/wp-content\/uploads\/2021\/11\/cintillo-arrin-cual-1-600x72.jpg 600w\" sizes=\"(max-width: 750px) 100vw, 750px\" width=\"750\" height=\"90\"   \/><\/a><\/div><\/div>\n\n\n\n<p>Iniciativa de ley busca crear marco institucional<\/p>\n\n\n\n<p>Ar\u00e9valo confirm\u00f3 que actualmente existe una iniciativa de ley en el Congreso de la Rep\u00fablica de Guatemala, la cual tiene como objetivo establecer un marco legal e institucional que permita responder de forma efectiva a los ciberataques.<\/p>\n\n\n\n<p>De acuerdo con el presidente, la propuesta ya hab\u00eda avanzado a segunda lectura, pero la devolvieron a comisi\u00f3n para revisar los mecanismos interinstitucionales necesarios y garantizar que la normativa cuente con las capacidades adecuadas para enfrentar este tipo de amenazas digitales.<\/p>\n\n\n\n<p>El ciberespacio no tiene geograf\u00eda.<\/p>\n\n\n\n<p>Enfatiz\u00f3 el mandatario, al explicar que los ataques pueden originarse desde cualquier parte del mundo, lo que obliga al pa\u00eds a fortalecer sus herramientas legales y t\u00e9cnicas aplicables en el ciberespacio.<\/p>\n\n\n\n<p>Acciones inmediatas ante los ataques<\/p>\n\n\n\n<p>Mientras la iniciativa contin\u00faa su proceso legislativo, el Gobierno asegur\u00f3 que ya trabaja en medidas concretas para mitigar los riesgos actuales. Entre estas acciones destaca la realizaci\u00f3n de an\u00e1lisis forenses tras el ataque al Mintrab, con el fin de identificar vulnerabilidades y prevenir futuros incidentes.<\/p>\n\n\n\n<p>Asimismo, Ar\u00e9valo indic\u00f3 que existe una comisi\u00f3n de ciberseguridad que eval\u00faa, dentro del marco legal vigente, qu\u00e9 acciones pueden implementarse de inmediato para elevar los niveles de protecci\u00f3n en los sistemas del Ejecutivo.<\/p>\n\n\n\n<p>El mandatario subray\u00f3 que, aunque se espera que la ley sea aprobada en el corto plazo, el Ejecutivo no puede depender \u00fanicamente de ese proceso. Por ello, se encuentran desarrollando recomendaciones espec\u00edficas para cerrar brechas hist\u00f3ricas en los sistemas digitales del Estado.<\/p>\n\n\n\n<p>Estas medidas forman parte de una estrategia que busca ofrecer una respuesta sistem\u00e1tica e integrada frente a los ciberataques, en un contexto en que la digitalizaci\u00f3n avanza m\u00e1s r\u00e1pido que la capacidad de protecci\u00f3n institucional.<\/p>\n\n\n\n<p>El gobernante concluy\u00f3 que Guatemala enfrenta un momento cr\u00edtico en materia de ciberseguridad, lo que hace indispensable fortalecer tanto la legislaci\u00f3n como la infraestructura tecnol\u00f3gica del Estado.<\/p>\n\n\n\n<p>Texto Lincy Rodr\u00edguez<\/p>\n\n\n\n<p>#Ar\u00e9valoAtaquesCibern\u00e9ticos #metroredes <a href=\"http:\/\/www.elmetropolitano.com.gt\">www.elmetropolitano.com.gt<\/a> <a href=\"http:\/\/www.metroredes.com\">www.metroredes.com<\/a> <a href=\"http:\/\/www.elescuintleco.com\">www.elescuintleco.com<\/a><\/p>\n","protected":false},"excerpt":{"rendered":"<p>Durante la Ronda de este lunes en el Palacio Nacional de la Cultura, el presidente Bernardo Ar\u00e9valo se refiri\u00f3 a los recientes ciberataques que han afectado a distintas instituciones del Ejecutivo, entre ellas la Direcci\u00f3n General de Control de Armas y Municiones (Digecam) y el m\u00e1s reciente incidente registrado en uno de los portales del <a class=\"read-more\" href=\"https:\/\/elmetropolitano.com.gt\/es\/gobierno-busca-mitigar-riesgos-ciberneticos-y-espera-que-el-congreso-apruebe-ley-marco-contra-ciberataques\/\">Leer m\u00e1s<\/a><\/p>\n","protected":false},"author":1,"featured_media":126362,"comment_status":"open","ping_status":"closed","sticky":false,"template":"","format":"standard","meta":{"footnotes":""},"categories":[2],"tags":[12],"class_list":["post-126361","post","type-post","status-publish","format-standard","has-post-thumbnail","hentry","category-nacionales","tag-nacionales"],"_links":{"self":[{"href":"https:\/\/elmetropolitano.com.gt\/es\/wp-json\/wp\/v2\/posts\/126361","targetHints":{"allow":["GET"]}}],"collection":[{"href":"https:\/\/elmetropolitano.com.gt\/es\/wp-json\/wp\/v2\/posts"}],"about":[{"href":"https:\/\/elmetropolitano.com.gt\/es\/wp-json\/wp\/v2\/types\/post"}],"author":[{"embeddable":true,"href":"https:\/\/elmetropolitano.com.gt\/es\/wp-json\/wp\/v2\/users\/1"}],"replies":[{"embeddable":true,"href":"https:\/\/elmetropolitano.com.gt\/es\/wp-json\/wp\/v2\/comments?post=126361"}],"version-history":[{"count":1,"href":"https:\/\/elmetropolitano.com.gt\/es\/wp-json\/wp\/v2\/posts\/126361\/revisions"}],"predecessor-version":[{"id":126363,"href":"https:\/\/elmetropolitano.com.gt\/es\/wp-json\/wp\/v2\/posts\/126361\/revisions\/126363"}],"wp:featuredmedia":[{"embeddable":true,"href":"https:\/\/elmetropolitano.com.gt\/es\/wp-json\/wp\/v2\/media\/126362"}],"wp:attachment":[{"href":"https:\/\/elmetropolitano.com.gt\/es\/wp-json\/wp\/v2\/media?parent=126361"}],"wp:term":[{"taxonomy":"category","embeddable":true,"href":"https:\/\/elmetropolitano.com.gt\/es\/wp-json\/wp\/v2\/categories?post=126361"},{"taxonomy":"post_tag","embeddable":true,"href":"https:\/\/elmetropolitano.com.gt\/es\/wp-json\/wp\/v2\/tags?post=126361"}],"curies":[{"name":"wp","href":"https:\/\/api.w.org\/{rel}","templated":true}]}}