{"id":126364,"date":"2026-04-27T16:53:46","date_gmt":"2026-04-27T22:53:46","guid":{"rendered":"https:\/\/elmetropolitano.com.gt\/es\/?p=126364"},"modified":"2026-04-27T16:53:47","modified_gmt":"2026-04-27T22:53:47","slug":"presidente-comenzara-esta-semana-con-entrevistas-a-aspirantes-a-fiscal-general","status":"publish","type":"post","link":"https:\/\/elmetropolitano.com.gt\/es\/presidente-comenzara-esta-semana-con-entrevistas-a-aspirantes-a-fiscal-general\/","title":{"rendered":"Presidente comenzar\u00e1 esta semana con entrevistas a aspirantes a fiscal general"},"content":{"rendered":"\n<p>El presidente Bernardo Ar\u00e9valo inform\u00f3 que esta semana se iniciar\u00e1 con las entrevistas de los seis candidatos a fiscal general y jefe del Ministerio P\u00fablico.<\/p>\n\n\n\n<p>Tras la entrega de la n\u00f3mina de seis candidatos por parte de la Comisi\u00f3n de Postulaci\u00f3n, el mandatario se\u00f1al\u00f3 este d\u00eda en la Ronda:<\/p><div class=\"elmet-contenido\" id=\"elmet-2243701565\"><div class=\"elmet-adlabel\">Anuncios<\/div><div style=\"margin-top: 20px;margin-right: 20px;margin-bottom: 20px;margin-left: 20px;\" id=\"elmet-2169087424\"><a href=\"https:\/\/www.facebook.com\/arrincuanantigua\/\" aria-label=\"cintillo-arrin-cual\"><img loading=\"lazy\" decoding=\"async\" src=\"https:\/\/elmetropolitano.com.gt\/es\/wp-content\/uploads\/2021\/11\/cintillo-arrin-cual-1.jpg\" alt=\"\"  srcset=\"https:\/\/elmetropolitano.com.gt\/es\/wp-content\/uploads\/2021\/11\/cintillo-arrin-cual-1.jpg 750w, https:\/\/elmetropolitano.com.gt\/es\/wp-content\/uploads\/2021\/11\/cintillo-arrin-cual-1-300x36.jpg 300w, https:\/\/elmetropolitano.com.gt\/es\/wp-content\/uploads\/2021\/11\/cintillo-arrin-cual-1-600x72.jpg 600w\" sizes=\"(max-width: 750px) 100vw, 750px\" width=\"750\" height=\"90\"   \/><\/a><\/div><\/div>\n\n\n\n<p>Vamos a estar haciendo las entrevistas en el curso de esta semana para poder avanzar en el proceso, entre los d\u00edas martes, mi\u00e9rcoles y jueves, voy a realizar la entrevista de los candidatos que figuran en la lista.<\/p>\n\n\n\n<p>Agreg\u00f3 que el orden de estas se efectuar\u00e1 seg\u00fan el punteo obtenido en la calificaci\u00f3n de la Comisi\u00f3n de Postulaci\u00f3n. Adem\u00e1s, que dichas entrevistas no ser\u00e1n p\u00fablicas.<\/p>\n\n\n\n<p>El mandatario record\u00f3 que actualmente se encuentra a\u00fan en desarrollo la etapa en la que todav\u00eda son posibles algunas impugnaciones, y que la Corte de Constitucionalidad ya ha descartado varias tras su anterior pronunciamiento, el cual calific\u00f3 como claro.<\/p>\n\n\n\n<p>Sobre las entrevistas<\/p>\n\n\n\n<p>El jefe del Ejecutivo detall\u00f3 que una de las preguntas que ser\u00e1n propuestas en estas entrevistas ser\u00eda la lucha contra la corrupci\u00f3n y el fortalecimiento institucional.<\/p>\n\n\n\n<p>La pregunta central que les voy a hacer es a partir del hecho de que tenemos una fiscal\u00eda general que ha sido cooptada por redes pol\u00edtico-criminales, para criminalizar a personas, hacer persecuci\u00f3n por motivaciones pol\u00edticas o espurias. Necesitamos una estrategia para recuperar la fiscal\u00eda general.<\/p>\n\n\n\n<p>Adem\u00e1s, dijo que es importante que quien ocupe pr\u00f3ximamente el frente de la fiscal\u00eda general debe cumplir sus funciones tal y como est\u00e1n establecidas en la Constituci\u00f3n Pol\u00edtica de la Rep\u00fablica, de una manera independiente, aut\u00f3noma y apegada a la legislaci\u00f3n. Especialmente, que prevenga que no vuelva ser utilizada como herramienta de criminalizaci\u00f3n y persecuci\u00f3n. Se necesita una fiscal que trabaje para perseguir el crimen de Guatemala.<\/p>\n\n\n\n<p>En tanto, se\u00f1al\u00f3 que parte del mecanismo que se implementar\u00e1 para esta y las siguientes fases, hasta culminar con la designaci\u00f3n.<\/p>\n\n\n\n<p>El proceso<\/p>\n\n\n\n<p>El proceso para la elecci\u00f3n de fiscal general est\u00e1 en su etapa final. En medio de acciones legales y la anulaci\u00f3n de la n\u00f3mina que inicialmente integr\u00f3 la comisi\u00f3n de postulaci\u00f3n, la Presidencia de la Rep\u00fablica ya cuenta con el nuevo listado de aspirantes.<\/p>\n\n\n\n<p>La nueva o nuevo fiscal general y jefe del Ministerio P\u00fablico (MP) para el per\u00edodo 2026-2030 debe tomar posesi\u00f3n el 17 de mayo del presente a\u00f1o.<\/p>\n\n\n\n<p>Texto Brenda Larios<\/p>\n\n\n\n<p>#FiscalGeneral #BernardoAr\u00e9valo #metroredes <a href=\"http:\/\/www.elmetropolitano.com.gt\">www.elmetropolitano.com.gt<\/a> <a href=\"http:\/\/www.metroredes.com\">www.metroredes.com<\/a> <a href=\"http:\/\/www.elescuintleco.com\">www.elescuintleco.com<\/a><\/p>\n","protected":false},"excerpt":{"rendered":"<p>El presidente Bernardo Ar\u00e9valo inform\u00f3 que esta semana se iniciar\u00e1 con las entrevistas de los seis candidatos a fiscal general y jefe del Ministerio P\u00fablico. Tras la entrega de la n\u00f3mina de seis candidatos por parte de la Comisi\u00f3n de Postulaci\u00f3n, el mandatario se\u00f1al\u00f3 este d\u00eda en la Ronda: Vamos a estar haciendo las entrevistas <a class=\"read-more\" href=\"https:\/\/elmetropolitano.com.gt\/es\/presidente-comenzara-esta-semana-con-entrevistas-a-aspirantes-a-fiscal-general\/\">Leer m\u00e1s<\/a><\/p>\n","protected":false},"author":1,"featured_media":126365,"comment_status":"open","ping_status":"closed","sticky":false,"template":"","format":"standard","meta":{"footnotes":""},"categories":[2],"tags":[12],"class_list":["post-126364","post","type-post","status-publish","format-standard","has-post-thumbnail","hentry","category-nacionales","tag-nacionales"],"_links":{"self":[{"href":"https:\/\/elmetropolitano.com.gt\/es\/wp-json\/wp\/v2\/posts\/126364","targetHints":{"allow":["GET"]}}],"collection":[{"href":"https:\/\/elmetropolitano.com.gt\/es\/wp-json\/wp\/v2\/posts"}],"about":[{"href":"https:\/\/elmetropolitano.com.gt\/es\/wp-json\/wp\/v2\/types\/post"}],"author":[{"embeddable":true,"href":"https:\/\/elmetropolitano.com.gt\/es\/wp-json\/wp\/v2\/users\/1"}],"replies":[{"embeddable":true,"href":"https:\/\/elmetropolitano.com.gt\/es\/wp-json\/wp\/v2\/comments?post=126364"}],"version-history":[{"count":1,"href":"https:\/\/elmetropolitano.com.gt\/es\/wp-json\/wp\/v2\/posts\/126364\/revisions"}],"predecessor-version":[{"id":126366,"href":"https:\/\/elmetropolitano.com.gt\/es\/wp-json\/wp\/v2\/posts\/126364\/revisions\/126366"}],"wp:featuredmedia":[{"embeddable":true,"href":"https:\/\/elmetropolitano.com.gt\/es\/wp-json\/wp\/v2\/media\/126365"}],"wp:attachment":[{"href":"https:\/\/elmetropolitano.com.gt\/es\/wp-json\/wp\/v2\/media?parent=126364"}],"wp:term":[{"taxonomy":"category","embeddable":true,"href":"https:\/\/elmetropolitano.com.gt\/es\/wp-json\/wp\/v2\/categories?post=126364"},{"taxonomy":"post_tag","embeddable":true,"href":"https:\/\/elmetropolitano.com.gt\/es\/wp-json\/wp\/v2\/tags?post=126364"}],"curies":[{"name":"wp","href":"https:\/\/api.w.org\/{rel}","templated":true}]}}