{"id":126367,"date":"2026-04-27T20:05:45","date_gmt":"2026-04-28T02:05:45","guid":{"rendered":"https:\/\/elmetropolitano.com.gt\/es\/?p=126367"},"modified":"2026-04-27T20:05:47","modified_gmt":"2026-04-28T02:05:47","slug":"guatemala-enfrenta-una-ola-de-calor-con-temperaturas-de-hasta-43-grados","status":"publish","type":"post","link":"https:\/\/elmetropolitano.com.gt\/es\/guatemala-enfrenta-una-ola-de-calor-con-temperaturas-de-hasta-43-grados\/","title":{"rendered":"Guatemala enfrenta una ola de calor con temperaturas de hasta 43 grados"},"content":{"rendered":"\n<p>Guatemala est\u00e1 experimentando una ola de calor, inform\u00f3 el Instituto Nacional de Sismolog\u00eda, Vulcanolog\u00eda, Meteorolog\u00eda e Hidrolog\u00eda (Insivumeh).<\/p>\n\n\n\n<p>Luego de un fin de semana con temperaturas altas, se cumplen tres d\u00edas consecutivos con condiciones por encima de las usuales, condici\u00f3n m\u00ednima para establecer que este fen\u00f3meno c\u00e1lido est\u00e1 presente. Cleofas Culajay, pronosticador del Insivumeh, explic\u00f3 que la temperatura m\u00e1xima se registr\u00f3 el s\u00e1bado en Zacapa, con 43.4\u00b0.<\/p><div class=\"elmet-contenido\" id=\"elmet-2488012999\"><div class=\"elmet-adlabel\">Anuncios<\/div><div style=\"margin-top: 20px;margin-right: 20px;margin-bottom: 20px;margin-left: 20px;\" id=\"elmet-3482355627\"><a href=\"https:\/\/www.facebook.com\/arrincuanantigua\/\" aria-label=\"cintillo-arrin-cual\"><img loading=\"lazy\" decoding=\"async\" src=\"https:\/\/elmetropolitano.com.gt\/es\/wp-content\/uploads\/2021\/11\/cintillo-arrin-cual-1.jpg\" alt=\"\"  srcset=\"https:\/\/elmetropolitano.com.gt\/es\/wp-content\/uploads\/2021\/11\/cintillo-arrin-cual-1.jpg 750w, https:\/\/elmetropolitano.com.gt\/es\/wp-content\/uploads\/2021\/11\/cintillo-arrin-cual-1-300x36.jpg 300w, https:\/\/elmetropolitano.com.gt\/es\/wp-content\/uploads\/2021\/11\/cintillo-arrin-cual-1-600x72.jpg 600w\" sizes=\"(max-width: 750px) 100vw, 750px\" width=\"750\" height=\"90\"   \/><\/a><\/div><\/div>\n\n\n\n<p>Las regiones del norte, oriente y cercanas al Pac\u00edfico podr\u00edan experimentar esta semana temperaturas m\u00e1ximas entre 40 y 43 grados Celsius. Mientras, en los departamentos de la regi\u00f3n central, el term\u00f3metro podr\u00eda llegar a 30 o hasta 32\u00b0.<\/p>\n\n\n\n<p>Por lo tanto, los expertos instan a evitar la exposici\u00f3n directa prolongada a los rayos del sol, especialmente entre las 10:00 y 16:00 horas, cuando se recibe la mayor cantidad de radiaci\u00f3n.<\/p>\n\n\n\n<p>A la ola de calor la acompa\u00f1ar\u00e1n d\u00edas de cielos poco nublados, de acuerdo con el bolet\u00edn semanal del Insivumeh. Asimismo, \u00fanicamente habr\u00e1 probabilidad de lluvias dispersas del sur al centro del pa\u00eds en horas de la tarde y noche.<\/p>\n\n\n\n<p>M\u00e1s probabilidad de incendios<\/p>\n\n\n\n<p>Paralelo al monitoreo del comportamiento de la ola de calor, el Insivumeh est\u00e1 monitoreando los puntos de calor por v\u00eda satelital. Seg\u00fan detalla Joel Ixcamparij, del Departamento de Meteorolog\u00eda, los puntos de calor se asocian a incendios, temperaturas elevadas del suelo u otras fuentes de calor.<\/p>\n\n\n\n<p>Actualmente, la mayor cantidad de puntos de calor se registra en el norte, noroccidente, sur, centro y oriente del territorio nacional.<\/p>\n\n\n\n<p>Ixcamparij advierte que la combinaci\u00f3n entre las altas temperaturas de la ola de calor, ausencia de lluvia y condiciones meteorol\u00f3gicas previstas facilita el comienzo de incendios y su propagaci\u00f3n. Por lo tanto, recomienda evitar quemas agr\u00edcolas, no tirar colillas de cigarro (ni ning\u00fan tipo de basura) y apagar correctamente las fogatas.<\/p>\n\n\n\n<p>Texto Daniel Coromac<\/p>\n\n\n\n<p>#Clima #Calor #metroredes <a href=\"http:\/\/www.elmetropolitano.com.gt\">www.elmetropolitano.com.gt<\/a> <a href=\"http:\/\/www.metroredes.com\">www.metroredes.com<\/a> <a href=\"http:\/\/www.elescuintleco.com\">www.elescuintleco.com<\/a><\/p>\n\n\n\n<figure class=\"wp-block-gallery has-nested-images columns-default is-cropped wp-block-gallery-1 is-layout-flex wp-block-gallery-is-layout-flex\">\n<figure class=\"wp-block-image size-large\"><img loading=\"lazy\" decoding=\"async\" width=\"680\" height=\"296\" data-id=\"126371\" src=\"https:\/\/elmetropolitano.com.gt\/es\/wp-content\/uploads\/2026\/04\/1-23.jpg\" alt=\"\" class=\"wp-image-126371\" srcset=\"https:\/\/elmetropolitano.com.gt\/es\/wp-content\/uploads\/2026\/04\/1-23.jpg 680w, https:\/\/elmetropolitano.com.gt\/es\/wp-content\/uploads\/2026\/04\/1-23-300x131.jpg 300w\" sizes=\"auto, (max-width: 680px) 100vw, 680px\" \/><\/figure>\n\n\n\n<figure class=\"wp-block-image size-large\"><img loading=\"lazy\" decoding=\"async\" width=\"1024\" height=\"512\" data-id=\"126370\" src=\"https:\/\/elmetropolitano.com.gt\/es\/wp-content\/uploads\/2026\/04\/WhatsApp-Image-2026-04-27-at-4.16.59-PM-1140x570-3-1024x512.jpeg\" alt=\"\" class=\"wp-image-126370\" srcset=\"https:\/\/elmetropolitano.com.gt\/es\/wp-content\/uploads\/2026\/04\/WhatsApp-Image-2026-04-27-at-4.16.59-PM-1140x570-3-1024x512.jpeg 1024w, https:\/\/elmetropolitano.com.gt\/es\/wp-content\/uploads\/2026\/04\/WhatsApp-Image-2026-04-27-at-4.16.59-PM-1140x570-3-300x150.jpeg 300w, https:\/\/elmetropolitano.com.gt\/es\/wp-content\/uploads\/2026\/04\/WhatsApp-Image-2026-04-27-at-4.16.59-PM-1140x570-3-768x384.jpeg 768w, https:\/\/elmetropolitano.com.gt\/es\/wp-content\/uploads\/2026\/04\/WhatsApp-Image-2026-04-27-at-4.16.59-PM-1140x570-3.jpeg 1140w\" sizes=\"auto, (max-width: 1024px) 100vw, 1024px\" \/><\/figure>\n<\/figure>\n","protected":false},"excerpt":{"rendered":"<p>Guatemala est\u00e1 experimentando una ola de calor, inform\u00f3 el Instituto Nacional de Sismolog\u00eda, Vulcanolog\u00eda, Meteorolog\u00eda e Hidrolog\u00eda (Insivumeh). Luego de un fin de semana con temperaturas altas, se cumplen tres d\u00edas consecutivos con condiciones por encima de las usuales, condici\u00f3n m\u00ednima para establecer que este fen\u00f3meno c\u00e1lido est\u00e1 presente. Cleofas Culajay, pronosticador del Insivumeh, explic\u00f3 <a class=\"read-more\" href=\"https:\/\/elmetropolitano.com.gt\/es\/guatemala-enfrenta-una-ola-de-calor-con-temperaturas-de-hasta-43-grados\/\">Leer m\u00e1s<\/a><\/p>\n","protected":false},"author":1,"featured_media":126368,"comment_status":"open","ping_status":"closed","sticky":false,"template":"","format":"standard","meta":{"footnotes":""},"categories":[2],"tags":[12],"class_list":["post-126367","post","type-post","status-publish","format-standard","has-post-thumbnail","hentry","category-nacionales","tag-nacionales"],"_links":{"self":[{"href":"https:\/\/elmetropolitano.com.gt\/es\/wp-json\/wp\/v2\/posts\/126367","targetHints":{"allow":["GET"]}}],"collection":[{"href":"https:\/\/elmetropolitano.com.gt\/es\/wp-json\/wp\/v2\/posts"}],"about":[{"href":"https:\/\/elmetropolitano.com.gt\/es\/wp-json\/wp\/v2\/types\/post"}],"author":[{"embeddable":true,"href":"https:\/\/elmetropolitano.com.gt\/es\/wp-json\/wp\/v2\/users\/1"}],"replies":[{"embeddable":true,"href":"https:\/\/elmetropolitano.com.gt\/es\/wp-json\/wp\/v2\/comments?post=126367"}],"version-history":[{"count":1,"href":"https:\/\/elmetropolitano.com.gt\/es\/wp-json\/wp\/v2\/posts\/126367\/revisions"}],"predecessor-version":[{"id":126372,"href":"https:\/\/elmetropolitano.com.gt\/es\/wp-json\/wp\/v2\/posts\/126367\/revisions\/126372"}],"wp:featuredmedia":[{"embeddable":true,"href":"https:\/\/elmetropolitano.com.gt\/es\/wp-json\/wp\/v2\/media\/126368"}],"wp:attachment":[{"href":"https:\/\/elmetropolitano.com.gt\/es\/wp-json\/wp\/v2\/media?parent=126367"}],"wp:term":[{"taxonomy":"category","embeddable":true,"href":"https:\/\/elmetropolitano.com.gt\/es\/wp-json\/wp\/v2\/categories?post=126367"},{"taxonomy":"post_tag","embeddable":true,"href":"https:\/\/elmetropolitano.com.gt\/es\/wp-json\/wp\/v2\/tags?post=126367"}],"curies":[{"name":"wp","href":"https:\/\/api.w.org\/{rel}","templated":true}]}}