{"id":126376,"date":"2026-04-27T20:18:04","date_gmt":"2026-04-28T02:18:04","guid":{"rendered":"https:\/\/elmetropolitano.com.gt\/es\/?p=126376"},"modified":"2026-04-27T20:18:05","modified_gmt":"2026-04-28T02:18:05","slug":"siero-le-da-la-bienvenida-a-reginaldo-chocon-como-coordinador-del-municipio-de-chuarrancho","status":"publish","type":"post","link":"https:\/\/elmetropolitano.com.gt\/es\/siero-le-da-la-bienvenida-a-reginaldo-chocon-como-coordinador-del-municipio-de-chuarrancho\/","title":{"rendered":"Siero le da la bienvenida a Reginaldo Choc\u00f3n como coordinador del municipio de Chuarrancho"},"content":{"rendered":"\n<p>El Secretario General del Partido Unionista PU. Sebasti\u00e1n Siero le dio la bienvenida este lunes a Reginaldo Choc\u00f3n Xajap coordinador del Partido en el municipio de Chuarrancho.<\/p>\n\n\n\n<p>\u201cEstamos contentos que un l\u00edder como Reginaldo est\u00e9 en el Partido Unionista sabemos que har\u00e1 un buen trabajo para que el Partido Unionista sea una gran fuerza en Chuarrancho\u201d expres\u00f3 Sebasti\u00e1n Siero<\/p><div class=\"elmet-contenido\" id=\"elmet-831681501\"><div class=\"elmet-adlabel\">Anuncios<\/div><div style=\"margin-top: 20px;margin-right: 20px;margin-bottom: 20px;margin-left: 20px;\" id=\"elmet-3089336102\"><a href=\"https:\/\/www.facebook.com\/arrincuanantigua\/\" aria-label=\"cintillo-arrin-cual\"><img loading=\"lazy\" decoding=\"async\" src=\"https:\/\/elmetropolitano.com.gt\/es\/wp-content\/uploads\/2021\/11\/cintillo-arrin-cual-1.jpg\" alt=\"\"  srcset=\"https:\/\/elmetropolitano.com.gt\/es\/wp-content\/uploads\/2021\/11\/cintillo-arrin-cual-1.jpg 750w, https:\/\/elmetropolitano.com.gt\/es\/wp-content\/uploads\/2021\/11\/cintillo-arrin-cual-1-300x36.jpg 300w, https:\/\/elmetropolitano.com.gt\/es\/wp-content\/uploads\/2021\/11\/cintillo-arrin-cual-1-600x72.jpg 600w\" sizes=\"(max-width: 750px) 100vw, 750px\" width=\"750\" height=\"90\"   \/><\/a><\/div><\/div>\n\n\n\n<p><a href=\"https:\/\/www.facebook.com\/hashtag\/chuarrancho?__cft__[0]=AZYopXOIBJls1yaL7gdL8--Y-uQxpOWb1kqwSclZKSd-hsr2k8dG5bHTuQKcPY1kP_fvoPs971C00d7vu2U7Dq4bJIBg1xy_88nGguHgcTZP7_KBTJUm1UbDDfYi5s5OErOv7Kz0Ae8IcqGuc5rvOfBPh8H129xAybLY1GV9yDJ7g0slKWIXV-ms_d6SRc6YM4M&amp;__tn__=*NK-R\">#Chuarrancho<\/a><a href=\"https:\/\/www.facebook.com\/hashtag\/partidounionista?__cft__[0]=AZYopXOIBJls1yaL7gdL8--Y-uQxpOWb1kqwSclZKSd-hsr2k8dG5bHTuQKcPY1kP_fvoPs971C00d7vu2U7Dq4bJIBg1xy_88nGguHgcTZP7_KBTJUm1UbDDfYi5s5OErOv7Kz0Ae8IcqGuc5rvOfBPh8H129xAybLY1GV9yDJ7g0slKWIXV-ms_d6SRc6YM4M&amp;__tn__=*NK-R\">#PartidoUnionista<\/a><a href=\"https:\/\/www.facebook.com\/hashtag\/metroredes?__cft__[0]=AZYopXOIBJls1yaL7gdL8--Y-uQxpOWb1kqwSclZKSd-hsr2k8dG5bHTuQKcPY1kP_fvoPs971C00d7vu2U7Dq4bJIBg1xy_88nGguHgcTZP7_KBTJUm1UbDDfYi5s5OErOv7Kz0Ae8IcqGuc5rvOfBPh8H129xAybLY1GV9yDJ7g0slKWIXV-ms_d6SRc6YM4M&amp;__tn__=*NK-R\">#metroredes<\/a><a href=\"https:\/\/www.facebook.com\/hashtag\/a%C3%B1oprelectoral?__cft__[0]=AZYopXOIBJls1yaL7gdL8--Y-uQxpOWb1kqwSclZKSd-hsr2k8dG5bHTuQKcPY1kP_fvoPs971C00d7vu2U7Dq4bJIBg1xy_88nGguHgcTZP7_KBTJUm1UbDDfYi5s5OErOv7Kz0Ae8IcqGuc5rvOfBPh8H129xAybLY1GV9yDJ7g0slKWIXV-ms_d6SRc6YM4M&amp;__tn__=*NK-R\">#a\u00f1oprelectoral<\/a><\/p>\n","protected":false},"excerpt":{"rendered":"<p>El Secretario General del Partido Unionista PU. Sebasti\u00e1n Siero le dio la bienvenida este lunes a Reginaldo Choc\u00f3n Xajap coordinador del Partido en el municipio de Chuarrancho. \u201cEstamos contentos que un l\u00edder como Reginaldo est\u00e9 en el Partido Unionista sabemos que har\u00e1 un buen trabajo para que el Partido Unionista sea una gran fuerza en <a class=\"read-more\" href=\"https:\/\/elmetropolitano.com.gt\/es\/siero-le-da-la-bienvenida-a-reginaldo-chocon-como-coordinador-del-municipio-de-chuarrancho\/\">Leer m\u00e1s<\/a><\/p>\n","protected":false},"author":1,"featured_media":126377,"comment_status":"open","ping_status":"closed","sticky":false,"template":"","format":"standard","meta":{"footnotes":""},"categories":[2],"tags":[12],"class_list":["post-126376","post","type-post","status-publish","format-standard","has-post-thumbnail","hentry","category-nacionales","tag-nacionales"],"_links":{"self":[{"href":"https:\/\/elmetropolitano.com.gt\/es\/wp-json\/wp\/v2\/posts\/126376","targetHints":{"allow":["GET"]}}],"collection":[{"href":"https:\/\/elmetropolitano.com.gt\/es\/wp-json\/wp\/v2\/posts"}],"about":[{"href":"https:\/\/elmetropolitano.com.gt\/es\/wp-json\/wp\/v2\/types\/post"}],"author":[{"embeddable":true,"href":"https:\/\/elmetropolitano.com.gt\/es\/wp-json\/wp\/v2\/users\/1"}],"replies":[{"embeddable":true,"href":"https:\/\/elmetropolitano.com.gt\/es\/wp-json\/wp\/v2\/comments?post=126376"}],"version-history":[{"count":1,"href":"https:\/\/elmetropolitano.com.gt\/es\/wp-json\/wp\/v2\/posts\/126376\/revisions"}],"predecessor-version":[{"id":126378,"href":"https:\/\/elmetropolitano.com.gt\/es\/wp-json\/wp\/v2\/posts\/126376\/revisions\/126378"}],"wp:featuredmedia":[{"embeddable":true,"href":"https:\/\/elmetropolitano.com.gt\/es\/wp-json\/wp\/v2\/media\/126377"}],"wp:attachment":[{"href":"https:\/\/elmetropolitano.com.gt\/es\/wp-json\/wp\/v2\/media?parent=126376"}],"wp:term":[{"taxonomy":"category","embeddable":true,"href":"https:\/\/elmetropolitano.com.gt\/es\/wp-json\/wp\/v2\/categories?post=126376"},{"taxonomy":"post_tag","embeddable":true,"href":"https:\/\/elmetropolitano.com.gt\/es\/wp-json\/wp\/v2\/tags?post=126376"}],"curies":[{"name":"wp","href":"https:\/\/api.w.org\/{rel}","templated":true}]}}