{"id":126387,"date":"2026-04-28T10:12:05","date_gmt":"2026-04-28T16:12:05","guid":{"rendered":"https:\/\/elmetropolitano.com.gt\/es\/?p=126387"},"modified":"2026-04-28T10:12:06","modified_gmt":"2026-04-28T16:12:06","slug":"subdirector-de-pnc-reporta-buen-resultado-de-plan-centinela-en-la-capital-pero-van-229-casos-de-secuestro-expres","status":"publish","type":"post","link":"https:\/\/elmetropolitano.com.gt\/es\/subdirector-de-pnc-reporta-buen-resultado-de-plan-centinela-en-la-capital-pero-van-229-casos-de-secuestro-expres\/","title":{"rendered":"Subdirector de PNC reporta buen resultado de Plan Centinela en la capital, pero van 229 casos de secuestro expr\u00e9s"},"content":{"rendered":"\n<p>El diputado Jos\u00e9 Chic del Partido VOS, se reuni\u00f3 con autoridades de la Polic\u00eda Nacional Civil PNC encabezados por el subdirector Esvin Jacinto para cuestionar el preocupante incremento de los secuestros expr\u00e9s y la inseguridad generalizada en el departamento de Guatemala.<\/p>\n\n\n\n<p>Durante la reuni\u00f3n el subdirector Esvin Jacinto, asegur\u00f3 que los \u00edndices de criminalidad en la Ciudad de Guatemala muestran una reducci\u00f3n en comparaci\u00f3n con 2025, como resultado de la implementaci\u00f3n del denominado Plan Centinela y el estado de prevenci\u00f3n recientemente ampliado.<\/p><div class=\"elmet-contenido\" id=\"elmet-1097725644\"><div class=\"elmet-adlabel\">Anuncios<\/div><div style=\"margin-top: 20px;margin-right: 20px;margin-bottom: 20px;margin-left: 20px;\" id=\"elmet-3697363596\"><a href=\"https:\/\/www.facebook.com\/arrincuanantigua\/\" aria-label=\"cintillo-arrin-cual\"><img loading=\"lazy\" decoding=\"async\" src=\"https:\/\/elmetropolitano.com.gt\/es\/wp-content\/uploads\/2021\/11\/cintillo-arrin-cual-1.jpg\" alt=\"\"  srcset=\"https:\/\/elmetropolitano.com.gt\/es\/wp-content\/uploads\/2021\/11\/cintillo-arrin-cual-1.jpg 750w, https:\/\/elmetropolitano.com.gt\/es\/wp-content\/uploads\/2021\/11\/cintillo-arrin-cual-1-300x36.jpg 300w, https:\/\/elmetropolitano.com.gt\/es\/wp-content\/uploads\/2021\/11\/cintillo-arrin-cual-1-600x72.jpg 600w\" sizes=\"(max-width: 750px) 100vw, 750px\" width=\"750\" height=\"90\"   \/><\/a><\/div><\/div>\n\n\n\n<p>Las autoridades detallaron la existencia de criminales con alto entrenamiento y acceso a pol\u00edgonos clandestinos, reportando 229 casos de secuestro expr\u00e9s en lo que va del a\u00f1o.<\/p>\n\n\n\n<p>Seg\u00fan detall\u00f3 el comisario Jacinto, el plan Centinela que est\u00e1 dando a su criterio buenos resultados se ejecuta principalmente en la Comisar\u00eda 12, que abarca sectores rojos de la zona 18, con extensi\u00f3n hacia zona 6 y Canalitos en zona 24, donde, afirm\u00f3, se reporta una reducci\u00f3n de 61 homicidios en comparaci\u00f3n con el mismo per\u00edodo del a\u00f1o pasado.<\/p>\n\n\n\n<p>Seg\u00fan el subdirector de la PNC en la Comisar\u00eda 15 las estad\u00edsticas indican que hay 18 homicidios menos, mientras que en la Comisar\u00eda 13, 21 homicidios menos, as\u00ed como la Comisar\u00eda 14 reporta 26 homicidios menos y la Comisar\u00eda 11 muestra un aumento de 6 casos.<\/p>\n\n\n\n<p>El diputado Jos\u00e9 Chic destac\u00f3 la urgencia de aplicar medidas de inmovilizaci\u00f3n de bienes sobre los inmuebles utilizados para fines il\u00edcitos.<\/p>\n\n\n\n<p>Ante esto, solicit\u00f3 informes detallados sobre el mapeo criminal, los resultados del Plan Centinela y las \u00f3rdenes delictivas originadas desde el sistema carcelario, temas a los que dar\u00e1 seguimiento en una pr\u00f3xima citaci\u00f3n.<\/p>\n\n\n\n<p><a href=\"https:\/\/www.facebook.com\/hashtag\/violencia?__cft__[0]=AZb9OoqRBU5KEqJIeC3HB9cy-8T_VV73d8vYYSqukCYHXyFY3B1nPCj4A0zCFtgXBtUQZyd4BfgbXUr0qPfux4VAYesB7iNYLbU3OWdig_GMh3fRNzWeRq6NLRltqD8nmIfiqFPjvBkKJ9s5JxlJIuvncBFGtw5ShF8I8vXxW22QNNK-GZWxXpQQU6o-z98PwoY&amp;__tn__=*NK-R\">#Violencia<\/a><a href=\"https:\/\/www.facebook.com\/hashtag\/metroredes?__cft__[0]=AZb9OoqRBU5KEqJIeC3HB9cy-8T_VV73d8vYYSqukCYHXyFY3B1nPCj4A0zCFtgXBtUQZyd4BfgbXUr0qPfux4VAYesB7iNYLbU3OWdig_GMh3fRNzWeRq6NLRltqD8nmIfiqFPjvBkKJ9s5JxlJIuvncBFGtw5ShF8I8vXxW22QNNK-GZWxXpQQU6o-z98PwoY&amp;__tn__=*NK-R\">#metroredes<\/a><a href=\"https:\/\/www.facebook.com\/hashtag\/comisaria12?__cft__[0]=AZb9OoqRBU5KEqJIeC3HB9cy-8T_VV73d8vYYSqukCYHXyFY3B1nPCj4A0zCFtgXBtUQZyd4BfgbXUr0qPfux4VAYesB7iNYLbU3OWdig_GMh3fRNzWeRq6NLRltqD8nmIfiqFPjvBkKJ9s5JxlJIuvncBFGtw5ShF8I8vXxW22QNNK-GZWxXpQQU6o-z98PwoY&amp;__tn__=*NK-R\">#Comisaria12<\/a><a href=\"https:\/\/www.facebook.com\/hashtag\/pncdeguatemala?__cft__[0]=AZb9OoqRBU5KEqJIeC3HB9cy-8T_VV73d8vYYSqukCYHXyFY3B1nPCj4A0zCFtgXBtUQZyd4BfgbXUr0qPfux4VAYesB7iNYLbU3OWdig_GMh3fRNzWeRq6NLRltqD8nmIfiqFPjvBkKJ9s5JxlJIuvncBFGtw5ShF8I8vXxW22QNNK-GZWxXpQQU6o-z98PwoY&amp;__tn__=*NK-R\">#PNCdeGuatemala<\/a><a href=\"https:\/\/www.facebook.com\/hashtag\/congresogt?__cft__[0]=AZb9OoqRBU5KEqJIeC3HB9cy-8T_VV73d8vYYSqukCYHXyFY3B1nPCj4A0zCFtgXBtUQZyd4BfgbXUr0qPfux4VAYesB7iNYLbU3OWdig_GMh3fRNzWeRq6NLRltqD8nmIfiqFPjvBkKJ9s5JxlJIuvncBFGtw5ShF8I8vXxW22QNNK-GZWxXpQQU6o-z98PwoY&amp;__tn__=*NK-R\">#CongresoGT<\/a><\/p>\n\n\n\n<figure class=\"wp-block-gallery has-nested-images columns-default is-cropped wp-block-gallery-1 is-layout-flex wp-block-gallery-is-layout-flex\">\n<figure class=\"wp-block-image size-large\"><img loading=\"lazy\" decoding=\"async\" width=\"1024\" height=\"682\" data-id=\"126389\" src=\"https:\/\/elmetropolitano.com.gt\/es\/wp-content\/uploads\/2026\/04\/681455418_1527098119416266_6186703540743657869_n-1024x682.jpg\" alt=\"\" class=\"wp-image-126389\" srcset=\"https:\/\/elmetropolitano.com.gt\/es\/wp-content\/uploads\/2026\/04\/681455418_1527098119416266_6186703540743657869_n-1024x682.jpg 1024w, https:\/\/elmetropolitano.com.gt\/es\/wp-content\/uploads\/2026\/04\/681455418_1527098119416266_6186703540743657869_n-300x200.jpg 300w, https:\/\/elmetropolitano.com.gt\/es\/wp-content\/uploads\/2026\/04\/681455418_1527098119416266_6186703540743657869_n-768x511.jpg 768w, https:\/\/elmetropolitano.com.gt\/es\/wp-content\/uploads\/2026\/04\/681455418_1527098119416266_6186703540743657869_n.jpg 1500w\" sizes=\"auto, (max-width: 1024px) 100vw, 1024px\" \/><\/figure>\n\n\n\n<figure class=\"wp-block-image size-large\"><img loading=\"lazy\" decoding=\"async\" width=\"1024\" height=\"682\" data-id=\"126390\" src=\"https:\/\/elmetropolitano.com.gt\/es\/wp-content\/uploads\/2026\/04\/682014773_1527098082749603_7592591996319254509_n-1024x682.jpg\" alt=\"\" class=\"wp-image-126390\" srcset=\"https:\/\/elmetropolitano.com.gt\/es\/wp-content\/uploads\/2026\/04\/682014773_1527098082749603_7592591996319254509_n-1024x682.jpg 1024w, https:\/\/elmetropolitano.com.gt\/es\/wp-content\/uploads\/2026\/04\/682014773_1527098082749603_7592591996319254509_n-300x200.jpg 300w, https:\/\/elmetropolitano.com.gt\/es\/wp-content\/uploads\/2026\/04\/682014773_1527098082749603_7592591996319254509_n-768x512.jpg 768w, https:\/\/elmetropolitano.com.gt\/es\/wp-content\/uploads\/2026\/04\/682014773_1527098082749603_7592591996319254509_n-1536x1023.jpg 1536w, https:\/\/elmetropolitano.com.gt\/es\/wp-content\/uploads\/2026\/04\/682014773_1527098082749603_7592591996319254509_n.jpg 1600w\" sizes=\"auto, (max-width: 1024px) 100vw, 1024px\" \/><\/figure>\n\n\n\n<figure class=\"wp-block-image size-large\"><img loading=\"lazy\" decoding=\"async\" width=\"1024\" height=\"682\" data-id=\"126391\" src=\"https:\/\/elmetropolitano.com.gt\/es\/wp-content\/uploads\/2026\/04\/684471916_1527098089416269_1789039865098468714_n-1-1-1024x682.jpg\" alt=\"\" class=\"wp-image-126391\" srcset=\"https:\/\/elmetropolitano.com.gt\/es\/wp-content\/uploads\/2026\/04\/684471916_1527098089416269_1789039865098468714_n-1-1-1024x682.jpg 1024w, https:\/\/elmetropolitano.com.gt\/es\/wp-content\/uploads\/2026\/04\/684471916_1527098089416269_1789039865098468714_n-1-1-300x200.jpg 300w, https:\/\/elmetropolitano.com.gt\/es\/wp-content\/uploads\/2026\/04\/684471916_1527098089416269_1789039865098468714_n-1-1-768x511.jpg 768w, https:\/\/elmetropolitano.com.gt\/es\/wp-content\/uploads\/2026\/04\/684471916_1527098089416269_1789039865098468714_n-1-1.jpg 1500w\" sizes=\"auto, (max-width: 1024px) 100vw, 1024px\" \/><\/figure>\n<\/figure>\n","protected":false},"excerpt":{"rendered":"<p>El diputado Jos\u00e9 Chic del Partido VOS, se reuni\u00f3 con autoridades de la Polic\u00eda Nacional Civil PNC encabezados por el subdirector Esvin Jacinto para cuestionar el preocupante incremento de los secuestros expr\u00e9s y la inseguridad generalizada en el departamento de Guatemala. Durante la reuni\u00f3n el subdirector Esvin Jacinto, asegur\u00f3 que los \u00edndices de criminalidad en <a class=\"read-more\" href=\"https:\/\/elmetropolitano.com.gt\/es\/subdirector-de-pnc-reporta-buen-resultado-de-plan-centinela-en-la-capital-pero-van-229-casos-de-secuestro-expres\/\">Leer m\u00e1s<\/a><\/p>\n","protected":false},"author":1,"featured_media":126388,"comment_status":"open","ping_status":"closed","sticky":false,"template":"","format":"standard","meta":{"footnotes":""},"categories":[2],"tags":[12],"class_list":["post-126387","post","type-post","status-publish","format-standard","has-post-thumbnail","hentry","category-nacionales","tag-nacionales"],"_links":{"self":[{"href":"https:\/\/elmetropolitano.com.gt\/es\/wp-json\/wp\/v2\/posts\/126387","targetHints":{"allow":["GET"]}}],"collection":[{"href":"https:\/\/elmetropolitano.com.gt\/es\/wp-json\/wp\/v2\/posts"}],"about":[{"href":"https:\/\/elmetropolitano.com.gt\/es\/wp-json\/wp\/v2\/types\/post"}],"author":[{"embeddable":true,"href":"https:\/\/elmetropolitano.com.gt\/es\/wp-json\/wp\/v2\/users\/1"}],"replies":[{"embeddable":true,"href":"https:\/\/elmetropolitano.com.gt\/es\/wp-json\/wp\/v2\/comments?post=126387"}],"version-history":[{"count":1,"href":"https:\/\/elmetropolitano.com.gt\/es\/wp-json\/wp\/v2\/posts\/126387\/revisions"}],"predecessor-version":[{"id":126392,"href":"https:\/\/elmetropolitano.com.gt\/es\/wp-json\/wp\/v2\/posts\/126387\/revisions\/126392"}],"wp:featuredmedia":[{"embeddable":true,"href":"https:\/\/elmetropolitano.com.gt\/es\/wp-json\/wp\/v2\/media\/126388"}],"wp:attachment":[{"href":"https:\/\/elmetropolitano.com.gt\/es\/wp-json\/wp\/v2\/media?parent=126387"}],"wp:term":[{"taxonomy":"category","embeddable":true,"href":"https:\/\/elmetropolitano.com.gt\/es\/wp-json\/wp\/v2\/categories?post=126387"},{"taxonomy":"post_tag","embeddable":true,"href":"https:\/\/elmetropolitano.com.gt\/es\/wp-json\/wp\/v2\/tags?post=126387"}],"curies":[{"name":"wp","href":"https:\/\/api.w.org\/{rel}","templated":true}]}}