{"id":126393,"date":"2026-04-28T10:14:17","date_gmt":"2026-04-28T16:14:17","guid":{"rendered":"https:\/\/elmetropolitano.com.gt\/es\/?p=126393"},"modified":"2026-04-28T10:14:18","modified_gmt":"2026-04-28T16:14:18","slug":"gobierno-condena-asesinato-del-periodista-carlos-humberto-cal-ical-en-alta-verapaz","status":"publish","type":"post","link":"https:\/\/elmetropolitano.com.gt\/es\/gobierno-condena-asesinato-del-periodista-carlos-humberto-cal-ical-en-alta-verapaz\/","title":{"rendered":"Gobierno condena asesinato del periodista Carlos Humberto Cal Ical en Alta Verapaz"},"content":{"rendered":"\n<p>La secretaria de Comunicaci\u00f3n Social de la Presidencia, Karina Garc\u00eda Ruano, conden\u00f3 el asesinato del periodista Carlos Humberto Cal Ical, ocurrido en el departamento de Alta Verapaz.<\/p>\n\n\n\n<p>En el Palacio Nacional de la Cultura, la funcionaria expres\u00f3 \u201cQueremos manifestar la rotunda condena ante el asesinato del se\u00f1or Carlos Humberto Cal Ical en Alta Verapaz. Cualquier asesinato es deleznable y, en el caso del periodista, consideramos que cualquier tipo de violencia pol\u00edtica est\u00e1 atentando contra la libertad de expresi\u00f3n y el derecho a la informaci\u00f3n de las y los guatemaltecos\u201d<\/p><div class=\"elmet-contenido\" id=\"elmet-1381352390\"><div class=\"elmet-adlabel\">Anuncios<\/div><div style=\"margin-top: 20px;margin-right: 20px;margin-bottom: 20px;margin-left: 20px;\" id=\"elmet-3837734710\"><a href=\"https:\/\/www.facebook.com\/arrincuanantigua\/\" aria-label=\"cintillo-arrin-cual\"><img loading=\"lazy\" decoding=\"async\" src=\"https:\/\/elmetropolitano.com.gt\/es\/wp-content\/uploads\/2021\/11\/cintillo-arrin-cual-1.jpg\" alt=\"\"  srcset=\"https:\/\/elmetropolitano.com.gt\/es\/wp-content\/uploads\/2021\/11\/cintillo-arrin-cual-1.jpg 750w, https:\/\/elmetropolitano.com.gt\/es\/wp-content\/uploads\/2021\/11\/cintillo-arrin-cual-1-300x36.jpg 300w, https:\/\/elmetropolitano.com.gt\/es\/wp-content\/uploads\/2021\/11\/cintillo-arrin-cual-1-600x72.jpg 600w\" sizes=\"(max-width: 750px) 100vw, 750px\" width=\"750\" height=\"90\"   \/><\/a><\/div><\/div>\n\n\n\n<p>El pronunciamiento oficial subraya la preocupaci\u00f3n del Ejecutivo ante hechos que vulneran la labor period\u00edstica en el pa\u00eds. Garc\u00eda Ruano enfatiz\u00f3 que las autoridades ya trabajan en la investigaci\u00f3n del caso, mientras reiter\u00f3 que existe una pol\u00edtica de protecci\u00f3n para personas defensoras de derechos humanos, incluidos periodistas.<\/p>\n\n\n\n<p>Seg\u00fan indic\u00f3, este mecanismo vigente desde el a\u00f1o pasado puede activarse en distintos niveles, especialmente para garantizar el ejercicio de la libertad de expresi\u00f3n, la libertad de prensa y el acceso a la informaci\u00f3n p\u00fablica.<\/p>\n\n\n\n<p>Detalles del ataque armado<\/p>\n\n\n\n<p>De acuerdo con informaci\u00f3n proporcionada por los Bomberos Voluntarios, el periodista falleci\u00f3 la noche del domingo luego de que lo acribillaran cuando, aparentemente, se dirig\u00eda a su vivienda.<\/p>\n\n\n\n<p>La emergencia fue reportada alrededor de las 22:00 horas. Al llegar al lugar, los socorristas confirmaron que la v\u00edctima ya no contaba con signos vitales, por lo que dieron aviso a agentes de la Polic\u00eda Nacional Civil y del Ministerio P\u00fablico para iniciar las diligencias correspondientes.<\/p>\n\n\n\n<p>El hecho violento se registr\u00f3 a escasos metros de la vivienda del comunicador. Testigos indicaron que sujetos desconocidos interceptaron al periodista Cal Ical, abrieron fuego y huyeron del lugar.<\/p>\n\n\n\n<p>Las autoridades contin\u00faan las investigaciones para esclarecer el m\u00f3vil del crimen y dar con los responsables.<\/p>\n\n\n\n<p><a href=\"https:\/\/www.facebook.com\/hashtag\/periodistasbajofuego?__cft__[0]=AZZ-L_qzbnQ3kKzGIQpHMwd6k93be74jYtKpAhhCJ-ekD0Rw4kfbmaHru8OJQmtru5Eyz_2fVMjB18jov5RxQzffvkbVmnjW4mBHAQ4Tupabhc-zoBd2xDWf3F8_S2lXxKoRP-YJ2vzXDjJmS5vAewvRxfJV_pLGUekpvtAreQln4f1sJNMFmlklCc9xp5QvQ50&amp;__tn__=*NK-R\">#PeriodistasBajoFuego<\/a><a href=\"https:\/\/www.facebook.com\/hashtag\/metroredes?__cft__[0]=AZZ-L_qzbnQ3kKzGIQpHMwd6k93be74jYtKpAhhCJ-ekD0Rw4kfbmaHru8OJQmtru5Eyz_2fVMjB18jov5RxQzffvkbVmnjW4mBHAQ4Tupabhc-zoBd2xDWf3F8_S2lXxKoRP-YJ2vzXDjJmS5vAewvRxfJV_pLGUekpvtAreQln4f1sJNMFmlklCc9xp5QvQ50&amp;__tn__=*NK-R\">#metroredes<\/a><\/p>\n","protected":false},"excerpt":{"rendered":"<p>La secretaria de Comunicaci\u00f3n Social de la Presidencia, Karina Garc\u00eda Ruano, conden\u00f3 el asesinato del periodista Carlos Humberto Cal Ical, ocurrido en el departamento de Alta Verapaz. En el Palacio Nacional de la Cultura, la funcionaria expres\u00f3 \u201cQueremos manifestar la rotunda condena ante el asesinato del se\u00f1or Carlos Humberto Cal Ical en Alta Verapaz. Cualquier <a class=\"read-more\" href=\"https:\/\/elmetropolitano.com.gt\/es\/gobierno-condena-asesinato-del-periodista-carlos-humberto-cal-ical-en-alta-verapaz\/\">Leer m\u00e1s<\/a><\/p>\n","protected":false},"author":1,"featured_media":126394,"comment_status":"open","ping_status":"closed","sticky":false,"template":"","format":"standard","meta":{"footnotes":""},"categories":[2],"tags":[12],"class_list":["post-126393","post","type-post","status-publish","format-standard","has-post-thumbnail","hentry","category-nacionales","tag-nacionales"],"_links":{"self":[{"href":"https:\/\/elmetropolitano.com.gt\/es\/wp-json\/wp\/v2\/posts\/126393","targetHints":{"allow":["GET"]}}],"collection":[{"href":"https:\/\/elmetropolitano.com.gt\/es\/wp-json\/wp\/v2\/posts"}],"about":[{"href":"https:\/\/elmetropolitano.com.gt\/es\/wp-json\/wp\/v2\/types\/post"}],"author":[{"embeddable":true,"href":"https:\/\/elmetropolitano.com.gt\/es\/wp-json\/wp\/v2\/users\/1"}],"replies":[{"embeddable":true,"href":"https:\/\/elmetropolitano.com.gt\/es\/wp-json\/wp\/v2\/comments?post=126393"}],"version-history":[{"count":1,"href":"https:\/\/elmetropolitano.com.gt\/es\/wp-json\/wp\/v2\/posts\/126393\/revisions"}],"predecessor-version":[{"id":126395,"href":"https:\/\/elmetropolitano.com.gt\/es\/wp-json\/wp\/v2\/posts\/126393\/revisions\/126395"}],"wp:featuredmedia":[{"embeddable":true,"href":"https:\/\/elmetropolitano.com.gt\/es\/wp-json\/wp\/v2\/media\/126394"}],"wp:attachment":[{"href":"https:\/\/elmetropolitano.com.gt\/es\/wp-json\/wp\/v2\/media?parent=126393"}],"wp:term":[{"taxonomy":"category","embeddable":true,"href":"https:\/\/elmetropolitano.com.gt\/es\/wp-json\/wp\/v2\/categories?post=126393"},{"taxonomy":"post_tag","embeddable":true,"href":"https:\/\/elmetropolitano.com.gt\/es\/wp-json\/wp\/v2\/tags?post=126393"}],"curies":[{"name":"wp","href":"https:\/\/api.w.org\/{rel}","templated":true}]}}