{"id":126412,"date":"2026-04-28T11:18:32","date_gmt":"2026-04-28T17:18:32","guid":{"rendered":"https:\/\/elmetropolitano.com.gt\/es\/?p=126412"},"modified":"2026-04-28T11:18:33","modified_gmt":"2026-04-28T17:18:33","slug":"subsidio-a-los-combustibles-empieza-a-regir-en-gasolineras-del-pais","status":"publish","type":"post","link":"https:\/\/elmetropolitano.com.gt\/es\/subsidio-a-los-combustibles-empieza-a-regir-en-gasolineras-del-pais\/","title":{"rendered":"Subsidio a los combustibles empieza a regir en gasolineras del pa\u00eds"},"content":{"rendered":"\n<p>El Ministerio de Energ\u00eda y Minas (MEM) establece que este martes empieza a regir el subsidio por el precio de los combustibles (Ley de Apoyo de Emergencia a Consumidores de Di\u00e9sel y Gasolinas) en expendios de carburantes.<\/p>\n\n\n\n<p>La medida cobra vigencia luego de se public\u00f3 en el Diario de Centro Am\u00e9rica el acuerdo ministerial n\u00famero 189-2026, por medio del cual tambi\u00e9n se establecen los precios de referencia para la presente semana.<\/p><div class=\"elmet-contenido\" id=\"elmet-1945813988\"><div class=\"elmet-adlabel\">Anuncios<\/div><div style=\"margin-top: 20px;margin-right: 20px;margin-bottom: 20px;margin-left: 20px;\" id=\"elmet-2984528651\"><a href=\"https:\/\/www.facebook.com\/arrincuanantigua\/\" aria-label=\"cintillo-arrin-cual\"><img loading=\"lazy\" decoding=\"async\" src=\"https:\/\/elmetropolitano.com.gt\/es\/wp-content\/uploads\/2021\/11\/cintillo-arrin-cual-1.jpg\" alt=\"\"  srcset=\"https:\/\/elmetropolitano.com.gt\/es\/wp-content\/uploads\/2021\/11\/cintillo-arrin-cual-1.jpg 750w, https:\/\/elmetropolitano.com.gt\/es\/wp-content\/uploads\/2021\/11\/cintillo-arrin-cual-1-300x36.jpg 300w, https:\/\/elmetropolitano.com.gt\/es\/wp-content\/uploads\/2021\/11\/cintillo-arrin-cual-1-600x72.jpg 600w\" sizes=\"(max-width: 750px) 100vw, 750px\" width=\"750\" height=\"90\"   \/><\/a><\/div><\/div>\n\n\n\n<p>Gasolineras reflejan reducci\u00f3n de precios<\/p>\n\n\n\n<p>La reducci\u00f3n de precios al consumidor final empez\u00f3 a reflejarse en algunas gasolineras en las que ya aparecen con la reducci\u00f3n de ocho quetzales para el precio del di\u00e9sel y de cinco quetzales para el de las gasolinas regular y s\u00faper.<\/p>\n\n\n\n<p>El acuerdo ministerial se\u00f1ala que por medio de la Direcci\u00f3n General de Hidrocarburos (DGH) el MEM establecer\u00e1 un c\u00e1lculo semanal de los precios de referencia al consumidor final de los diferentes combustibles.<\/p>\n\n\n\n<p>La publicaci\u00f3n de estos precios se encontrar\u00e1 cada semana en el sistema de comunicaciones electr\u00f3nicas.<\/p>\n\n\n\n<p>Tambi\u00e9n las estaciones de servicio (gasolineras) deben publicar dichos precios de referencia en un lugar visible para los consumidores.<\/p>\n\n\n\n<p>Asimismo, para verificar el cumplimiento de estas disposiciones, la Direcci\u00f3n de Atenci\u00f3n y Asistencia al Consumidor (Diaco) se guiar\u00e1 por dichos precios de referencia para evitar pr\u00e1cticas an\u00f3malas.<\/p>\n\n\n\n<p>Adem\u00e1s, el acuerdo estipula que los precios de referencia regir\u00e1n en los 22 departamentos del pa\u00eds.<\/p>\n\n\n\n<p>En declaraciones al Diario de Centro Am\u00e9rica, el ministro V\u00edctor Hugo Ventura del MEM dijo que el apoyo empez\u00f3 a reflejarse ya este martes, pero no en todas las gasolineras, porque muchas todav\u00eda cuentan con inventario anterior.<\/p>\n\n\n\n<p>En otras estaciones de servicio se empezar\u00e1 a reflejar ma\u00f1ana mi\u00e9rcoles y en otras en uno o dos d\u00edas.<\/p>\n\n\n\n<p>Tambi\u00e9n explica el ministro que la reducci\u00f3n del precio se reflejar\u00e1 en la factura que recibe el consumidor en el momento de la compra.<\/p>\n\n\n\n<p>#Subsidio #GobiernoGT #metroredes <a href=\"http:\/\/www.elmetropolitano.com.gt\">www.elmetropolitano.com.gt<\/a> <a href=\"http:\/\/www.metroredes.com\">www.metroredes.com<\/a> <a href=\"http:\/\/www.elescuintleco.com\">www.elescuintleco.com<\/a><\/p>\n\n\n\n<figure class=\"wp-block-gallery has-nested-images columns-default is-cropped wp-block-gallery-1 is-layout-flex wp-block-gallery-is-layout-flex\">\n<figure class=\"wp-block-image size-large\"><img loading=\"lazy\" decoding=\"async\" width=\"861\" height=\"1024\" data-id=\"126414\" src=\"https:\/\/elmetropolitano.com.gt\/es\/wp-content\/uploads\/2026\/04\/1-24-861x1024.jpg\" alt=\"\" class=\"wp-image-126414\" srcset=\"https:\/\/elmetropolitano.com.gt\/es\/wp-content\/uploads\/2026\/04\/1-24-861x1024.jpg 861w, https:\/\/elmetropolitano.com.gt\/es\/wp-content\/uploads\/2026\/04\/1-24-252x300.jpg 252w, https:\/\/elmetropolitano.com.gt\/es\/wp-content\/uploads\/2026\/04\/1-24-768x913.jpg 768w, https:\/\/elmetropolitano.com.gt\/es\/wp-content\/uploads\/2026\/04\/1-24-1292x1536.jpg 1292w, https:\/\/elmetropolitano.com.gt\/es\/wp-content\/uploads\/2026\/04\/1-24.jpg 1320w\" sizes=\"auto, (max-width: 861px) 100vw, 861px\" \/><\/figure>\n\n\n\n<figure class=\"wp-block-image size-large\"><img loading=\"lazy\" decoding=\"async\" width=\"844\" height=\"1024\" data-id=\"126415\" src=\"https:\/\/elmetropolitano.com.gt\/es\/wp-content\/uploads\/2026\/04\/2-11-844x1024.jpg\" alt=\"\" class=\"wp-image-126415\" srcset=\"https:\/\/elmetropolitano.com.gt\/es\/wp-content\/uploads\/2026\/04\/2-11-844x1024.jpg 844w, https:\/\/elmetropolitano.com.gt\/es\/wp-content\/uploads\/2026\/04\/2-11-247x300.jpg 247w, https:\/\/elmetropolitano.com.gt\/es\/wp-content\/uploads\/2026\/04\/2-11-768x932.jpg 768w, https:\/\/elmetropolitano.com.gt\/es\/wp-content\/uploads\/2026\/04\/2-11-1265x1536.jpg 1265w, https:\/\/elmetropolitano.com.gt\/es\/wp-content\/uploads\/2026\/04\/2-11.jpg 1290w\" sizes=\"auto, (max-width: 844px) 100vw, 844px\" \/><\/figure>\n\n\n\n<figure class=\"wp-block-image size-large\"><img loading=\"lazy\" decoding=\"async\" width=\"852\" height=\"1024\" data-id=\"126416\" src=\"https:\/\/elmetropolitano.com.gt\/es\/wp-content\/uploads\/2026\/04\/3-10-852x1024.jpg\" alt=\"\" class=\"wp-image-126416\" srcset=\"https:\/\/elmetropolitano.com.gt\/es\/wp-content\/uploads\/2026\/04\/3-10-852x1024.jpg 852w, https:\/\/elmetropolitano.com.gt\/es\/wp-content\/uploads\/2026\/04\/3-10-250x300.jpg 250w, https:\/\/elmetropolitano.com.gt\/es\/wp-content\/uploads\/2026\/04\/3-10-768x923.jpg 768w, https:\/\/elmetropolitano.com.gt\/es\/wp-content\/uploads\/2026\/04\/3-10-1278x1536.jpg 1278w, https:\/\/elmetropolitano.com.gt\/es\/wp-content\/uploads\/2026\/04\/3-10.jpg 1290w\" sizes=\"auto, (max-width: 852px) 100vw, 852px\" \/><\/figure>\n<\/figure>\n","protected":false},"excerpt":{"rendered":"<p>El Ministerio de Energ\u00eda y Minas (MEM) establece que este martes empieza a regir el subsidio por el precio de los combustibles (Ley de Apoyo de Emergencia a Consumidores de Di\u00e9sel y Gasolinas) en expendios de carburantes. La medida cobra vigencia luego de se public\u00f3 en el Diario de Centro Am\u00e9rica el acuerdo ministerial n\u00famero <a class=\"read-more\" href=\"https:\/\/elmetropolitano.com.gt\/es\/subsidio-a-los-combustibles-empieza-a-regir-en-gasolineras-del-pais\/\">Leer m\u00e1s<\/a><\/p>\n","protected":false},"author":1,"featured_media":126413,"comment_status":"open","ping_status":"closed","sticky":false,"template":"","format":"standard","meta":{"footnotes":""},"categories":[2],"tags":[12],"class_list":["post-126412","post","type-post","status-publish","format-standard","has-post-thumbnail","hentry","category-nacionales","tag-nacionales"],"_links":{"self":[{"href":"https:\/\/elmetropolitano.com.gt\/es\/wp-json\/wp\/v2\/posts\/126412","targetHints":{"allow":["GET"]}}],"collection":[{"href":"https:\/\/elmetropolitano.com.gt\/es\/wp-json\/wp\/v2\/posts"}],"about":[{"href":"https:\/\/elmetropolitano.com.gt\/es\/wp-json\/wp\/v2\/types\/post"}],"author":[{"embeddable":true,"href":"https:\/\/elmetropolitano.com.gt\/es\/wp-json\/wp\/v2\/users\/1"}],"replies":[{"embeddable":true,"href":"https:\/\/elmetropolitano.com.gt\/es\/wp-json\/wp\/v2\/comments?post=126412"}],"version-history":[{"count":1,"href":"https:\/\/elmetropolitano.com.gt\/es\/wp-json\/wp\/v2\/posts\/126412\/revisions"}],"predecessor-version":[{"id":126417,"href":"https:\/\/elmetropolitano.com.gt\/es\/wp-json\/wp\/v2\/posts\/126412\/revisions\/126417"}],"wp:featuredmedia":[{"embeddable":true,"href":"https:\/\/elmetropolitano.com.gt\/es\/wp-json\/wp\/v2\/media\/126413"}],"wp:attachment":[{"href":"https:\/\/elmetropolitano.com.gt\/es\/wp-json\/wp\/v2\/media?parent=126412"}],"wp:term":[{"taxonomy":"category","embeddable":true,"href":"https:\/\/elmetropolitano.com.gt\/es\/wp-json\/wp\/v2\/categories?post=126412"},{"taxonomy":"post_tag","embeddable":true,"href":"https:\/\/elmetropolitano.com.gt\/es\/wp-json\/wp\/v2\/tags?post=126412"}],"curies":[{"name":"wp","href":"https:\/\/api.w.org\/{rel}","templated":true}]}}