{"id":126472,"date":"2026-04-29T18:02:32","date_gmt":"2026-04-30T00:02:32","guid":{"rendered":"https:\/\/elmetropolitano.com.gt\/es\/?p=126472"},"modified":"2026-04-29T18:02:34","modified_gmt":"2026-04-30T00:02:34","slug":"roberto-arzu-sigue-firme-en-cabal","status":"publish","type":"post","link":"https:\/\/elmetropolitano.com.gt\/es\/roberto-arzu-sigue-firme-en-cabal\/","title":{"rendered":"Roberto Arz\u00fa sigue firme en CABAL"},"content":{"rendered":"\n<p>El precandidato Presidencial del Partido CABAL Roberto Arzu sigue firme en el Partido seg\u00fan inform\u00f3 una fuente de dicha instituci\u00f3n pol\u00edtica<\/p>\n\n\n\n<p>\u201cEs falso las especulaci\u00f3n que no sigue en el Partido, \u00e9l est\u00e1 firme y fuerte por qu\u00e9 las encuestas de opini\u00f3n lo colocan en el primer lugar y otras en el segundo y a eso le temen e inventan falsas noticias\u201d expres\u00f3 la fuente<\/p><div class=\"elmet-contenido\" id=\"elmet-1053889256\"><div class=\"elmet-adlabel\">Anuncios<\/div><div style=\"margin-top: 20px;margin-right: 20px;margin-bottom: 20px;margin-left: 20px;\" id=\"elmet-39571943\"><a href=\"https:\/\/www.facebook.com\/arrincuanantigua\/\" aria-label=\"cintillo-arrin-cual\"><img loading=\"lazy\" decoding=\"async\" src=\"https:\/\/elmetropolitano.com.gt\/es\/wp-content\/uploads\/2021\/11\/cintillo-arrin-cual-1.jpg\" alt=\"\"  srcset=\"https:\/\/elmetropolitano.com.gt\/es\/wp-content\/uploads\/2021\/11\/cintillo-arrin-cual-1.jpg 750w, https:\/\/elmetropolitano.com.gt\/es\/wp-content\/uploads\/2021\/11\/cintillo-arrin-cual-1-300x36.jpg 300w, https:\/\/elmetropolitano.com.gt\/es\/wp-content\/uploads\/2021\/11\/cintillo-arrin-cual-1-600x72.jpg 600w\" sizes=\"(max-width: 750px) 100vw, 750px\" width=\"750\" height=\"90\"   \/><\/a><\/div><\/div>\n\n\n\n<p>Indic\u00f3 que el fin de semana tendr\u00e1 actividades de afiliaci\u00f3n y capacitaci\u00f3n con la dirigencia de la Meteopolitana del Partido<\/p>\n\n\n\n<p><a href=\"https:\/\/www.facebook.com\/hashtag\/partidocabal?__cft__[0]=AZbg3Eu60vV9_Iz3CCgH68iKtLM1wEyQVziKiiCoUHO2E5M4Ene-MDZNlE34tqJZZZiIiwezDYtRUMxGPGASy-XL2LbAHUkRWq7_HMHtB4-96piQZUhg5K63iJGygX6WHHx25NIoZl1bdkux6LqFrbvSi0z4wigs1ZV3dPfMO8KN2MUzEyobHFr7nEAcEujPzOM&amp;__tn__=*NK-R\">#PartidoCabal<\/a><a href=\"https:\/\/www.facebook.com\/hashtag\/metroredes?__cft__[0]=AZbg3Eu60vV9_Iz3CCgH68iKtLM1wEyQVziKiiCoUHO2E5M4Ene-MDZNlE34tqJZZZiIiwezDYtRUMxGPGASy-XL2LbAHUkRWq7_HMHtB4-96piQZUhg5K63iJGygX6WHHx25NIoZl1bdkux6LqFrbvSi0z4wigs1ZV3dPfMO8KN2MUzEyobHFr7nEAcEujPzOM&amp;__tn__=*NK-R\">#metroredes<\/a><a href=\"https:\/\/www.facebook.com\/hashtag\/a%C3%B1opre%C3%B1ectoral?__cft__[0]=AZbg3Eu60vV9_Iz3CCgH68iKtLM1wEyQVziKiiCoUHO2E5M4Ene-MDZNlE34tqJZZZiIiwezDYtRUMxGPGASy-XL2LbAHUkRWq7_HMHtB4-96piQZUhg5K63iJGygX6WHHx25NIoZl1bdkux6LqFrbvSi0z4wigs1ZV3dPfMO8KN2MUzEyobHFr7nEAcEujPzOM&amp;__tn__=*NK-R\">#A\u00f1oPre\u00f1ectoral<\/a><a href=\"https:\/\/www.facebook.com\/hashtag\/tseguatemala?__cft__[0]=AZbg3Eu60vV9_Iz3CCgH68iKtLM1wEyQVziKiiCoUHO2E5M4Ene-MDZNlE34tqJZZZiIiwezDYtRUMxGPGASy-XL2LbAHUkRWq7_HMHtB4-96piQZUhg5K63iJGygX6WHHx25NIoZl1bdkux6LqFrbvSi0z4wigs1ZV3dPfMO8KN2MUzEyobHFr7nEAcEujPzOM&amp;__tn__=*NK-R\">#TSEGuatemala<\/a><\/p>\n","protected":false},"excerpt":{"rendered":"<p>El precandidato Presidencial del Partido CABAL Roberto Arzu sigue firme en el Partido seg\u00fan inform\u00f3 una fuente de dicha instituci\u00f3n pol\u00edtica \u201cEs falso las especulaci\u00f3n que no sigue en el Partido, \u00e9l est\u00e1 firme y fuerte por qu\u00e9 las encuestas de opini\u00f3n lo colocan en el primer lugar y otras en el segundo y a <a class=\"read-more\" href=\"https:\/\/elmetropolitano.com.gt\/es\/roberto-arzu-sigue-firme-en-cabal\/\">Leer m\u00e1s<\/a><\/p>\n","protected":false},"author":1,"featured_media":126473,"comment_status":"open","ping_status":"closed","sticky":false,"template":"","format":"standard","meta":{"footnotes":""},"categories":[2],"tags":[12],"class_list":["post-126472","post","type-post","status-publish","format-standard","has-post-thumbnail","hentry","category-nacionales","tag-nacionales"],"_links":{"self":[{"href":"https:\/\/elmetropolitano.com.gt\/es\/wp-json\/wp\/v2\/posts\/126472","targetHints":{"allow":["GET"]}}],"collection":[{"href":"https:\/\/elmetropolitano.com.gt\/es\/wp-json\/wp\/v2\/posts"}],"about":[{"href":"https:\/\/elmetropolitano.com.gt\/es\/wp-json\/wp\/v2\/types\/post"}],"author":[{"embeddable":true,"href":"https:\/\/elmetropolitano.com.gt\/es\/wp-json\/wp\/v2\/users\/1"}],"replies":[{"embeddable":true,"href":"https:\/\/elmetropolitano.com.gt\/es\/wp-json\/wp\/v2\/comments?post=126472"}],"version-history":[{"count":1,"href":"https:\/\/elmetropolitano.com.gt\/es\/wp-json\/wp\/v2\/posts\/126472\/revisions"}],"predecessor-version":[{"id":126474,"href":"https:\/\/elmetropolitano.com.gt\/es\/wp-json\/wp\/v2\/posts\/126472\/revisions\/126474"}],"wp:featuredmedia":[{"embeddable":true,"href":"https:\/\/elmetropolitano.com.gt\/es\/wp-json\/wp\/v2\/media\/126473"}],"wp:attachment":[{"href":"https:\/\/elmetropolitano.com.gt\/es\/wp-json\/wp\/v2\/media?parent=126472"}],"wp:term":[{"taxonomy":"category","embeddable":true,"href":"https:\/\/elmetropolitano.com.gt\/es\/wp-json\/wp\/v2\/categories?post=126472"},{"taxonomy":"post_tag","embeddable":true,"href":"https:\/\/elmetropolitano.com.gt\/es\/wp-json\/wp\/v2\/tags?post=126472"}],"curies":[{"name":"wp","href":"https:\/\/api.w.org\/{rel}","templated":true}]}}