{"id":126475,"date":"2026-04-29T18:07:07","date_gmt":"2026-04-30T00:07:07","guid":{"rendered":"https:\/\/elmetropolitano.com.gt\/es\/?p=126475"},"modified":"2026-04-29T18:07:09","modified_gmt":"2026-04-30T00:07:09","slug":"une-atiende-a-vecinos-de-la-linea-ferrea-amenazados-por-desalojo-por-rehabilitacion-del-tren-de-carga","status":"publish","type":"post","link":"https:\/\/elmetropolitano.com.gt\/es\/une-atiende-a-vecinos-de-la-linea-ferrea-amenazados-por-desalojo-por-rehabilitacion-del-tren-de-carga\/","title":{"rendered":"UNE atiende a vecinos de la L\u00ednea F\u00e9rrea amenazados por desalojo por rehabilitaci\u00f3n del tren de carga"},"content":{"rendered":"\n<p>Esta ma\u00f1ana el diputado de la UNE C\u00e9sar D\u00e1vila sostuvo una reuni\u00f3n con representantes de las comunidades afectadas por un posible desalojo en la l\u00ednea f\u00e9rrea donde particip\u00f3 el jefe de bancada In\u00e9s Castillo y los diputados Edgar Ram\u00edrez y Benjam\u00edn Ipi\u00f1a.<\/p>\n\n\n\n<p>En este espacio \u201cescuchamos a las familias y reiteramos la importancia de atender esta situaci\u00f3n con responsabilidad, priorizando el derecho a una vivienda digna\u201d indic\u00f3 C\u00e9sar D\u00e1vila<\/p><div class=\"elmet-contenido\" id=\"elmet-3816288057\"><div class=\"elmet-adlabel\">Anuncios<\/div><div style=\"margin-top: 20px;margin-right: 20px;margin-bottom: 20px;margin-left: 20px;\" id=\"elmet-2807747391\"><a href=\"https:\/\/www.facebook.com\/arrincuanantigua\/\" aria-label=\"cintillo-arrin-cual\"><img loading=\"lazy\" decoding=\"async\" src=\"https:\/\/elmetropolitano.com.gt\/es\/wp-content\/uploads\/2021\/11\/cintillo-arrin-cual-1.jpg\" alt=\"\"  srcset=\"https:\/\/elmetropolitano.com.gt\/es\/wp-content\/uploads\/2021\/11\/cintillo-arrin-cual-1.jpg 750w, https:\/\/elmetropolitano.com.gt\/es\/wp-content\/uploads\/2021\/11\/cintillo-arrin-cual-1-300x36.jpg 300w, https:\/\/elmetropolitano.com.gt\/es\/wp-content\/uploads\/2021\/11\/cintillo-arrin-cual-1-600x72.jpg 600w\" sizes=\"(max-width: 750px) 100vw, 750px\" width=\"750\" height=\"90\"   \/><\/a><\/div><\/div>\n\n\n\n<p>Adem\u00e1s expres\u00f3 , solicitamos avanzar en un censo de las personas afectadas y contar con un informe t\u00e9cnico actualizado que permita tomar decisiones claras.<\/p>\n\n\n\n<p>\u201cContinuar\u00e9 firme en la fiscalizaci\u00f3n y el acompa\u00f1amiento a estas comunidades, para que se respeten sus derechos y se encuentren soluciones concretas\u201d indic\u00f3 D\u00e1vila<\/p>\n\n\n\n<p><a href=\"https:\/\/www.facebook.com\/hashtag\/diputadosune?__cft__[0]=AZbttjMjbDz2d51L5YKRwJMsopOZMM-zv9wWE0MfO6NW1nhkp6xZdHqHSyD8tSgzl0mnTdULZ9tJ0GE3mmkQcCjTstj1jLgOmwn3Oz0Wz5NDopqgg-3FI90ziU2KRuIla0hwWFqnzB5v3sn7RaCSYeo6&amp;__tn__=*NK-R\">#DiputadosUNE<\/a><a href=\"https:\/\/www.facebook.com\/hashtag\/congresogt?__cft__[0]=AZbttjMjbDz2d51L5YKRwJMsopOZMM-zv9wWE0MfO6NW1nhkp6xZdHqHSyD8tSgzl0mnTdULZ9tJ0GE3mmkQcCjTstj1jLgOmwn3Oz0Wz5NDopqgg-3FI90ziU2KRuIla0hwWFqnzB5v3sn7RaCSYeo6&amp;__tn__=*NK-R\">#CongresoGT<\/a><a href=\"https:\/\/www.facebook.com\/hashtag\/lineaferrea?__cft__[0]=AZbttjMjbDz2d51L5YKRwJMsopOZMM-zv9wWE0MfO6NW1nhkp6xZdHqHSyD8tSgzl0mnTdULZ9tJ0GE3mmkQcCjTstj1jLgOmwn3Oz0Wz5NDopqgg-3FI90ziU2KRuIla0hwWFqnzB5v3sn7RaCSYeo6&amp;__tn__=*NK-R\">#lineaferrea<\/a><a href=\"https:\/\/www.facebook.com\/hashtag\/metroredes?__cft__[0]=AZbttjMjbDz2d51L5YKRwJMsopOZMM-zv9wWE0MfO6NW1nhkp6xZdHqHSyD8tSgzl0mnTdULZ9tJ0GE3mmkQcCjTstj1jLgOmwn3Oz0Wz5NDopqgg-3FI90ziU2KRuIla0hwWFqnzB5v3sn7RaCSYeo6&amp;__tn__=*NK-R\">#metroredes<\/a><\/p>\n\n\n\n<figure class=\"wp-block-gallery has-nested-images columns-default is-cropped wp-block-gallery-1 is-layout-flex wp-block-gallery-is-layout-flex\">\n<figure class=\"wp-block-image size-large\"><img loading=\"lazy\" decoding=\"async\" width=\"1024\" height=\"683\" data-id=\"126477\" src=\"https:\/\/elmetropolitano.com.gt\/es\/wp-content\/uploads\/2026\/04\/685485399_1528496125943132_2398571084690146228_n-1024x683.jpg\" alt=\"\" class=\"wp-image-126477\" srcset=\"https:\/\/elmetropolitano.com.gt\/es\/wp-content\/uploads\/2026\/04\/685485399_1528496125943132_2398571084690146228_n-1024x683.jpg 1024w, https:\/\/elmetropolitano.com.gt\/es\/wp-content\/uploads\/2026\/04\/685485399_1528496125943132_2398571084690146228_n-300x200.jpg 300w, https:\/\/elmetropolitano.com.gt\/es\/wp-content\/uploads\/2026\/04\/685485399_1528496125943132_2398571084690146228_n-768x512.jpg 768w, https:\/\/elmetropolitano.com.gt\/es\/wp-content\/uploads\/2026\/04\/685485399_1528496125943132_2398571084690146228_n-1536x1025.jpg 1536w, https:\/\/elmetropolitano.com.gt\/es\/wp-content\/uploads\/2026\/04\/685485399_1528496125943132_2398571084690146228_n.jpg 2048w\" sizes=\"auto, (max-width: 1024px) 100vw, 1024px\" \/><\/figure>\n<\/figure>\n","protected":false},"excerpt":{"rendered":"<p>Esta ma\u00f1ana el diputado de la UNE C\u00e9sar D\u00e1vila sostuvo una reuni\u00f3n con representantes de las comunidades afectadas por un posible desalojo en la l\u00ednea f\u00e9rrea donde particip\u00f3 el jefe de bancada In\u00e9s Castillo y los diputados Edgar Ram\u00edrez y Benjam\u00edn Ipi\u00f1a. En este espacio \u201cescuchamos a las familias y reiteramos la importancia de atender <a class=\"read-more\" href=\"https:\/\/elmetropolitano.com.gt\/es\/une-atiende-a-vecinos-de-la-linea-ferrea-amenazados-por-desalojo-por-rehabilitacion-del-tren-de-carga\/\">Leer m\u00e1s<\/a><\/p>\n","protected":false},"author":1,"featured_media":126476,"comment_status":"open","ping_status":"closed","sticky":false,"template":"","format":"standard","meta":{"footnotes":""},"categories":[2],"tags":[12],"class_list":["post-126475","post","type-post","status-publish","format-standard","has-post-thumbnail","hentry","category-nacionales","tag-nacionales"],"_links":{"self":[{"href":"https:\/\/elmetropolitano.com.gt\/es\/wp-json\/wp\/v2\/posts\/126475","targetHints":{"allow":["GET"]}}],"collection":[{"href":"https:\/\/elmetropolitano.com.gt\/es\/wp-json\/wp\/v2\/posts"}],"about":[{"href":"https:\/\/elmetropolitano.com.gt\/es\/wp-json\/wp\/v2\/types\/post"}],"author":[{"embeddable":true,"href":"https:\/\/elmetropolitano.com.gt\/es\/wp-json\/wp\/v2\/users\/1"}],"replies":[{"embeddable":true,"href":"https:\/\/elmetropolitano.com.gt\/es\/wp-json\/wp\/v2\/comments?post=126475"}],"version-history":[{"count":1,"href":"https:\/\/elmetropolitano.com.gt\/es\/wp-json\/wp\/v2\/posts\/126475\/revisions"}],"predecessor-version":[{"id":126482,"href":"https:\/\/elmetropolitano.com.gt\/es\/wp-json\/wp\/v2\/posts\/126475\/revisions\/126482"}],"wp:featuredmedia":[{"embeddable":true,"href":"https:\/\/elmetropolitano.com.gt\/es\/wp-json\/wp\/v2\/media\/126476"}],"wp:attachment":[{"href":"https:\/\/elmetropolitano.com.gt\/es\/wp-json\/wp\/v2\/media?parent=126475"}],"wp:term":[{"taxonomy":"category","embeddable":true,"href":"https:\/\/elmetropolitano.com.gt\/es\/wp-json\/wp\/v2\/categories?post=126475"},{"taxonomy":"post_tag","embeddable":true,"href":"https:\/\/elmetropolitano.com.gt\/es\/wp-json\/wp\/v2\/tags?post=126475"}],"curies":[{"name":"wp","href":"https:\/\/api.w.org\/{rel}","templated":true}]}}