{"id":126483,"date":"2026-04-29T18:11:08","date_gmt":"2026-04-30T00:11:08","guid":{"rendered":"https:\/\/elmetropolitano.com.gt\/es\/?p=126483"},"modified":"2026-04-29T18:11:10","modified_gmt":"2026-04-30T00:11:10","slug":"homenaje-postumo-en-honor-a-11-policias-fallecidos-protegiendo-a-los-ciudadanos","status":"publish","type":"post","link":"https:\/\/elmetropolitano.com.gt\/es\/homenaje-postumo-en-honor-a-11-policias-fallecidos-protegiendo-a-los-ciudadanos\/","title":{"rendered":"Homenaje p\u00f3stumo en honor a 11 polic\u00edas fallecidos protegiendo a los ciudadanos"},"content":{"rendered":"\n<p>En cumplimiento al Acuerdo Legislativo 3-2026, el Presidente del Congreso de la Rep\u00fablica, diputado Luis Contreras; junto a los legisladores Nery Ramos, Primer Vicepresidente y Elmer Palencia, Segundo Vicepresidente, participaron en un homenaje p\u00f3stumo en honor a los 11 agentes de la Polic\u00eda Nacional Civil PNC fallecidos y cuatro heridos durante los ataques criminales de terroristas ocurridos el pasado 18 de enero.<\/p>\n\n\n\n<p>Durante la ceremonia que se llev\u00f3 a cabo en el Sal\u00f3n del Pueblo, participaron altos mandos del Ministerio de Gobernaci\u00f3n y de la c\u00fapula policial. Asimismo, se consolid\u00f3 la entrega de un apoyo econ\u00f3mico a las familias de los agentes fallecidos, as\u00ed como a los oficiales que resultaron heridos en el cumplimiento de su deber.<\/p><div class=\"elmet-contenido\" id=\"elmet-1857915643\"><div class=\"elmet-adlabel\">Anuncios<\/div><div style=\"margin-top: 20px;margin-right: 20px;margin-bottom: 20px;margin-left: 20px;\" id=\"elmet-1486309664\"><a href=\"https:\/\/www.facebook.com\/arrincuanantigua\/\" aria-label=\"cintillo-arrin-cual\"><img loading=\"lazy\" decoding=\"async\" src=\"https:\/\/elmetropolitano.com.gt\/es\/wp-content\/uploads\/2021\/11\/cintillo-arrin-cual-1.jpg\" alt=\"\"  srcset=\"https:\/\/elmetropolitano.com.gt\/es\/wp-content\/uploads\/2021\/11\/cintillo-arrin-cual-1.jpg 750w, https:\/\/elmetropolitano.com.gt\/es\/wp-content\/uploads\/2021\/11\/cintillo-arrin-cual-1-300x36.jpg 300w, https:\/\/elmetropolitano.com.gt\/es\/wp-content\/uploads\/2021\/11\/cintillo-arrin-cual-1-600x72.jpg 600w\" sizes=\"(max-width: 750px) 100vw, 750px\" width=\"750\" height=\"90\"   \/><\/a><\/div><\/div>\n\n\n\n<p>\u201cEs m\u00e1s que un acto protocolario, queremos contar la memoria con respeto y reconocimiento por la entrega al servicio del pa\u00eds, me delegaron en la Junta Directiva del Congreso de la Rep\u00fablica y de todos los diputados de este alto organismo de Estado y rendimos un homenaje p\u00f3stumo a los agentes fallecidos que se entregaron a cuidar, proteger a la poblaci\u00f3n. Gloria y reconocimiento a los elementos de las fuerzas de seguridad fallecidos en ataques por criminales y respeto a sus familias\u00bb, dijo el diputado Nery Ramos, Primer Vicepresidente del Congreso.<\/p>\n\n\n\n<p>\u201cEl Congreso de la Rep\u00fablica conoci\u00f3 los hechos y nos pusimos de acuerdo y aprobamos el Acuerdo Legislativo 3-2026 que busca ayudar a los familiares de los 11 agentes de la Polic\u00eda Nacional Civil. El Pleno tambi\u00e9n aprob\u00f3 el Decreto 11-2025, que busca contrarrestar a grupos de pandillas en el pa\u00eds, que este acto sea para unirnos en el dolor con las familias afectadas por las pandillas\u00bb, expres\u00f3 el Segundo Vicepresidente, diputado Elmer Palencia.<\/p>\n\n\n\n<p><a href=\"https:\/\/www.facebook.com\/hashtag\/pncdeguatemala?__cft__[0]=AZb-7-F_Jijbi2FcNu4ZZZxDHZtYu9rc9B6h9y5P0ysMJNoCsBfn09GVEEo7KKcIHZmRfyOfyRKLwbkRscvlWFu4CP1qtKrFgfVQLpPetBui981fnLyKDl3j-hBkNOCvg2baii8E6_lgvxCPLzzxgZ4HCcywts2FMfTv--fae4UElT1DQbqQP7EQpAJP3G8XkWU&amp;__tn__=*NK-R\">#Pncdeguatemala<\/a><a href=\"https:\/\/www.facebook.com\/hashtag\/metroredes?__cft__[0]=AZb-7-F_Jijbi2FcNu4ZZZxDHZtYu9rc9B6h9y5P0ysMJNoCsBfn09GVEEo7KKcIHZmRfyOfyRKLwbkRscvlWFu4CP1qtKrFgfVQLpPetBui981fnLyKDl3j-hBkNOCvg2baii8E6_lgvxCPLzzxgZ4HCcywts2FMfTv--fae4UElT1DQbqQP7EQpAJP3G8XkWU&amp;__tn__=*NK-R\">#metroredes<\/a><a href=\"https:\/\/www.facebook.com\/hashtag\/congresogt?__cft__[0]=AZb-7-F_Jijbi2FcNu4ZZZxDHZtYu9rc9B6h9y5P0ysMJNoCsBfn09GVEEo7KKcIHZmRfyOfyRKLwbkRscvlWFu4CP1qtKrFgfVQLpPetBui981fnLyKDl3j-hBkNOCvg2baii8E6_lgvxCPLzzxgZ4HCcywts2FMfTv--fae4UElT1DQbqQP7EQpAJP3G8XkWU&amp;__tn__=*NK-R\">#CongresoGT<\/a><\/p>\n\n\n\n<figure class=\"wp-block-gallery has-nested-images columns-default is-cropped wp-block-gallery-1 is-layout-flex wp-block-gallery-is-layout-flex\">\n<figure class=\"wp-block-image size-large\"><img loading=\"lazy\" decoding=\"async\" width=\"1024\" height=\"768\" data-id=\"126489\" src=\"https:\/\/elmetropolitano.com.gt\/es\/wp-content\/uploads\/2026\/04\/683713807_1528501422609269_7941102674487615679_n-1-1024x768.jpg\" alt=\"\" class=\"wp-image-126489\" srcset=\"https:\/\/elmetropolitano.com.gt\/es\/wp-content\/uploads\/2026\/04\/683713807_1528501422609269_7941102674487615679_n-1-1024x768.jpg 1024w, https:\/\/elmetropolitano.com.gt\/es\/wp-content\/uploads\/2026\/04\/683713807_1528501422609269_7941102674487615679_n-1-300x225.jpg 300w, https:\/\/elmetropolitano.com.gt\/es\/wp-content\/uploads\/2026\/04\/683713807_1528501422609269_7941102674487615679_n-1-768x576.jpg 768w, https:\/\/elmetropolitano.com.gt\/es\/wp-content\/uploads\/2026\/04\/683713807_1528501422609269_7941102674487615679_n-1-1536x1152.jpg 1536w, https:\/\/elmetropolitano.com.gt\/es\/wp-content\/uploads\/2026\/04\/683713807_1528501422609269_7941102674487615679_n-1.jpg 1800w\" sizes=\"auto, (max-width: 1024px) 100vw, 1024px\" \/><\/figure>\n\n\n\n<figure class=\"wp-block-image size-large\"><img loading=\"lazy\" decoding=\"async\" width=\"1024\" height=\"682\" data-id=\"126488\" src=\"https:\/\/elmetropolitano.com.gt\/es\/wp-content\/uploads\/2026\/04\/684896283_1528501379275940_2150681406472283806_n-1024x682.jpg\" alt=\"\" class=\"wp-image-126488\" srcset=\"https:\/\/elmetropolitano.com.gt\/es\/wp-content\/uploads\/2026\/04\/684896283_1528501379275940_2150681406472283806_n-1024x682.jpg 1024w, https:\/\/elmetropolitano.com.gt\/es\/wp-content\/uploads\/2026\/04\/684896283_1528501379275940_2150681406472283806_n-300x200.jpg 300w, https:\/\/elmetropolitano.com.gt\/es\/wp-content\/uploads\/2026\/04\/684896283_1528501379275940_2150681406472283806_n-768x511.jpg 768w, https:\/\/elmetropolitano.com.gt\/es\/wp-content\/uploads\/2026\/04\/684896283_1528501379275940_2150681406472283806_n.jpg 1500w\" sizes=\"auto, (max-width: 1024px) 100vw, 1024px\" \/><\/figure>\n\n\n\n<figure class=\"wp-block-image size-large\"><img loading=\"lazy\" decoding=\"async\" width=\"1024\" height=\"682\" data-id=\"126487\" src=\"https:\/\/elmetropolitano.com.gt\/es\/wp-content\/uploads\/2026\/04\/685159194_1528501382609273_2390573157680393225_n-1024x682.jpg\" alt=\"\" class=\"wp-image-126487\" srcset=\"https:\/\/elmetropolitano.com.gt\/es\/wp-content\/uploads\/2026\/04\/685159194_1528501382609273_2390573157680393225_n-1024x682.jpg 1024w, https:\/\/elmetropolitano.com.gt\/es\/wp-content\/uploads\/2026\/04\/685159194_1528501382609273_2390573157680393225_n-300x200.jpg 300w, https:\/\/elmetropolitano.com.gt\/es\/wp-content\/uploads\/2026\/04\/685159194_1528501382609273_2390573157680393225_n-768x512.jpg 768w, https:\/\/elmetropolitano.com.gt\/es\/wp-content\/uploads\/2026\/04\/685159194_1528501382609273_2390573157680393225_n-1536x1023.jpg 1536w, https:\/\/elmetropolitano.com.gt\/es\/wp-content\/uploads\/2026\/04\/685159194_1528501382609273_2390573157680393225_n.jpg 1600w\" sizes=\"auto, (max-width: 1024px) 100vw, 1024px\" \/><\/figure>\n\n\n\n<figure class=\"wp-block-image size-large\"><img loading=\"lazy\" decoding=\"async\" width=\"1024\" height=\"768\" data-id=\"126486\" src=\"https:\/\/elmetropolitano.com.gt\/es\/wp-content\/uploads\/2026\/04\/685918692_1528501432609268_196341825183253271_n-1024x768.jpg\" alt=\"\" class=\"wp-image-126486\" srcset=\"https:\/\/elmetropolitano.com.gt\/es\/wp-content\/uploads\/2026\/04\/685918692_1528501432609268_196341825183253271_n-1024x768.jpg 1024w, https:\/\/elmetropolitano.com.gt\/es\/wp-content\/uploads\/2026\/04\/685918692_1528501432609268_196341825183253271_n-300x225.jpg 300w, https:\/\/elmetropolitano.com.gt\/es\/wp-content\/uploads\/2026\/04\/685918692_1528501432609268_196341825183253271_n-768x576.jpg 768w, https:\/\/elmetropolitano.com.gt\/es\/wp-content\/uploads\/2026\/04\/685918692_1528501432609268_196341825183253271_n-1536x1152.jpg 1536w, https:\/\/elmetropolitano.com.gt\/es\/wp-content\/uploads\/2026\/04\/685918692_1528501432609268_196341825183253271_n.jpg 1800w\" sizes=\"auto, (max-width: 1024px) 100vw, 1024px\" \/><\/figure>\n\n\n\n<figure class=\"wp-block-image size-large\"><img loading=\"lazy\" decoding=\"async\" width=\"960\" height=\"720\" data-id=\"126485\" src=\"https:\/\/elmetropolitano.com.gt\/es\/wp-content\/uploads\/2026\/04\/686183015_1528499685942776_7837432686003209915_n.jpg\" alt=\"\" class=\"wp-image-126485\" srcset=\"https:\/\/elmetropolitano.com.gt\/es\/wp-content\/uploads\/2026\/04\/686183015_1528499685942776_7837432686003209915_n.jpg 960w, https:\/\/elmetropolitano.com.gt\/es\/wp-content\/uploads\/2026\/04\/686183015_1528499685942776_7837432686003209915_n-300x225.jpg 300w, https:\/\/elmetropolitano.com.gt\/es\/wp-content\/uploads\/2026\/04\/686183015_1528499685942776_7837432686003209915_n-768x576.jpg 768w\" sizes=\"auto, (max-width: 960px) 100vw, 960px\" \/><\/figure>\n<\/figure>\n","protected":false},"excerpt":{"rendered":"<p>En cumplimiento al Acuerdo Legislativo 3-2026, el Presidente del Congreso de la Rep\u00fablica, diputado Luis Contreras; junto a los legisladores Nery Ramos, Primer Vicepresidente y Elmer Palencia, Segundo Vicepresidente, participaron en un homenaje p\u00f3stumo en honor a los 11 agentes de la Polic\u00eda Nacional Civil PNC fallecidos y cuatro heridos durante los ataques criminales de <a class=\"read-more\" href=\"https:\/\/elmetropolitano.com.gt\/es\/homenaje-postumo-en-honor-a-11-policias-fallecidos-protegiendo-a-los-ciudadanos\/\">Leer m\u00e1s<\/a><\/p>\n","protected":false},"author":1,"featured_media":126484,"comment_status":"open","ping_status":"closed","sticky":false,"template":"","format":"standard","meta":{"footnotes":""},"categories":[2],"tags":[12],"class_list":["post-126483","post","type-post","status-publish","format-standard","has-post-thumbnail","hentry","category-nacionales","tag-nacionales"],"_links":{"self":[{"href":"https:\/\/elmetropolitano.com.gt\/es\/wp-json\/wp\/v2\/posts\/126483","targetHints":{"allow":["GET"]}}],"collection":[{"href":"https:\/\/elmetropolitano.com.gt\/es\/wp-json\/wp\/v2\/posts"}],"about":[{"href":"https:\/\/elmetropolitano.com.gt\/es\/wp-json\/wp\/v2\/types\/post"}],"author":[{"embeddable":true,"href":"https:\/\/elmetropolitano.com.gt\/es\/wp-json\/wp\/v2\/users\/1"}],"replies":[{"embeddable":true,"href":"https:\/\/elmetropolitano.com.gt\/es\/wp-json\/wp\/v2\/comments?post=126483"}],"version-history":[{"count":1,"href":"https:\/\/elmetropolitano.com.gt\/es\/wp-json\/wp\/v2\/posts\/126483\/revisions"}],"predecessor-version":[{"id":126490,"href":"https:\/\/elmetropolitano.com.gt\/es\/wp-json\/wp\/v2\/posts\/126483\/revisions\/126490"}],"wp:featuredmedia":[{"embeddable":true,"href":"https:\/\/elmetropolitano.com.gt\/es\/wp-json\/wp\/v2\/media\/126484"}],"wp:attachment":[{"href":"https:\/\/elmetropolitano.com.gt\/es\/wp-json\/wp\/v2\/media?parent=126483"}],"wp:term":[{"taxonomy":"category","embeddable":true,"href":"https:\/\/elmetropolitano.com.gt\/es\/wp-json\/wp\/v2\/categories?post=126483"},{"taxonomy":"post_tag","embeddable":true,"href":"https:\/\/elmetropolitano.com.gt\/es\/wp-json\/wp\/v2\/tags?post=126483"}],"curies":[{"name":"wp","href":"https:\/\/api.w.org\/{rel}","templated":true}]}}