{"id":126502,"date":"2026-04-30T09:48:51","date_gmt":"2026-04-30T15:48:51","guid":{"rendered":"https:\/\/elmetropolitano.com.gt\/es\/?p=126502"},"modified":"2026-04-30T09:49:02","modified_gmt":"2026-04-30T15:49:02","slug":"expulsado-otro-salvadoreno-de-nuestro-pais-era-requerido-por-extorsion-en-el-vecino-territorio","status":"publish","type":"post","link":"https:\/\/elmetropolitano.com.gt\/es\/expulsado-otro-salvadoreno-de-nuestro-pais-era-requerido-por-extorsion-en-el-vecino-territorio\/","title":{"rendered":"Expulsado otro salvadore\u00f1o de nuestro pa\u00eds era requerido por extorsi\u00f3n en el vecino territorio"},"content":{"rendered":"\n<p>El salvadore\u00f1o Juan Francisco Rivas Rivera, de 34 a\u00f1os, fue localizado por polic\u00edas de la comisar\u00eda 14 en la 21 avenida y calzada Roosevelt, zona 11, durante un operativo de seguridad ciudadana.<\/p>\n\n\n\n<p>Este individuo es requerido por el vecino pa\u00eds por el delito de extorsi\u00f3n agravada, ya que es requerido por el Tribunal de Sentencia de Sensuntepeque, departamento de Caba\u00f1as Cuscatl\u00e1n.<\/p><div class=\"elmet-contenido\" id=\"elmet-2647979889\"><div class=\"elmet-adlabel\">Anuncios<\/div><div style=\"margin-top: 20px;margin-right: 20px;margin-bottom: 20px;margin-left: 20px;\" id=\"elmet-1621367906\"><a href=\"https:\/\/www.facebook.com\/arrincuanantigua\/\" aria-label=\"cintillo-arrin-cual\"><img loading=\"lazy\" decoding=\"async\" src=\"https:\/\/elmetropolitano.com.gt\/es\/wp-content\/uploads\/2021\/11\/cintillo-arrin-cual-1.jpg\" alt=\"\"  srcset=\"https:\/\/elmetropolitano.com.gt\/es\/wp-content\/uploads\/2021\/11\/cintillo-arrin-cual-1.jpg 750w, https:\/\/elmetropolitano.com.gt\/es\/wp-content\/uploads\/2021\/11\/cintillo-arrin-cual-1-300x36.jpg 300w, https:\/\/elmetropolitano.com.gt\/es\/wp-content\/uploads\/2021\/11\/cintillo-arrin-cual-1-600x72.jpg 600w\" sizes=\"(max-width: 750px) 100vw, 750px\" width=\"750\" height=\"90\"   \/><\/a><\/div><\/div>\n\n\n\n<p>Fue trasladado hacia la frontera San Crist\u00f3bal y fue entregado a la Polic\u00eda Nacional Civil de El Salvador donde deber\u00e1 rendir cuentas ante la justicia de su pa\u00eds.<\/p>\n\n\n\n<p>En lo que va del a\u00f1o 35 salvadore\u00f1os han sido capturados, de los cuales 20 han sido expulsados y 15 guardan prisi\u00f3n en Guatemala.<\/p>\n\n\n\n<p><a href=\"https:\/\/www.facebook.com\/hashtag\/pncdeguatemala?__cft__[0]=AZYdpR1x4NkrZlGks839k9RWmYHui_fIA3byTzvStm9h3hrJ5-0cOI4tOzkViT_oOT7qvvYr1kjfqc-td4ZxOeUQMmFeqsbs1uA-klV2yFIyE9P_ie_4P4ZUZOBnoEzmmjp7LnTvfCifAu6ZsbUmAmTgp9F8dzZRn-JtYPWOj1P_Uiw6YOXKPXNijdd03ko4yvU&amp;__tn__=*NK-R\">#Pncdeguatemala<\/a> <a href=\"https:\/\/www.facebook.com\/hashtag\/seguridadcontransparencia?__cft__[0]=AZYdpR1x4NkrZlGks839k9RWmYHui_fIA3byTzvStm9h3hrJ5-0cOI4tOzkViT_oOT7qvvYr1kjfqc-td4ZxOeUQMmFeqsbs1uA-klV2yFIyE9P_ie_4P4ZUZOBnoEzmmjp7LnTvfCifAu6ZsbUmAmTgp9F8dzZRn-JtYPWOj1P_Uiw6YOXKPXNijdd03ko4yvU&amp;__tn__=*NK-R\">#SeguridadConTransparencia<\/a> <a href=\"https:\/\/www.facebook.com\/hashtag\/protegeryservir?__cft__[0]=AZYdpR1x4NkrZlGks839k9RWmYHui_fIA3byTzvStm9h3hrJ5-0cOI4tOzkViT_oOT7qvvYr1kjfqc-td4ZxOeUQMmFeqsbs1uA-klV2yFIyE9P_ie_4P4ZUZOBnoEzmmjp7LnTvfCifAu6ZsbUmAmTgp9F8dzZRn-JtYPWOj1P_Uiw6YOXKPXNijdd03ko4yvU&amp;__tn__=*NK-R\">#ProtegerYServir<\/a><\/p>\n","protected":false},"excerpt":{"rendered":"<p>El salvadore\u00f1o Juan Francisco Rivas Rivera, de 34 a\u00f1os, fue localizado por polic\u00edas de la comisar\u00eda 14 en la 21 avenida y calzada Roosevelt, zona 11, durante un operativo de seguridad ciudadana. Este individuo es requerido por el vecino pa\u00eds por el delito de extorsi\u00f3n agravada, ya que es requerido por el Tribunal de Sentencia <a class=\"read-more\" href=\"https:\/\/elmetropolitano.com.gt\/es\/expulsado-otro-salvadoreno-de-nuestro-pais-era-requerido-por-extorsion-en-el-vecino-territorio\/\">Leer m\u00e1s<\/a><\/p>\n","protected":false},"author":1,"featured_media":126503,"comment_status":"open","ping_status":"closed","sticky":false,"template":"","format":"standard","meta":{"footnotes":""},"categories":[2],"tags":[12],"class_list":["post-126502","post","type-post","status-publish","format-standard","has-post-thumbnail","hentry","category-nacionales","tag-nacionales"],"_links":{"self":[{"href":"https:\/\/elmetropolitano.com.gt\/es\/wp-json\/wp\/v2\/posts\/126502","targetHints":{"allow":["GET"]}}],"collection":[{"href":"https:\/\/elmetropolitano.com.gt\/es\/wp-json\/wp\/v2\/posts"}],"about":[{"href":"https:\/\/elmetropolitano.com.gt\/es\/wp-json\/wp\/v2\/types\/post"}],"author":[{"embeddable":true,"href":"https:\/\/elmetropolitano.com.gt\/es\/wp-json\/wp\/v2\/users\/1"}],"replies":[{"embeddable":true,"href":"https:\/\/elmetropolitano.com.gt\/es\/wp-json\/wp\/v2\/comments?post=126502"}],"version-history":[{"count":1,"href":"https:\/\/elmetropolitano.com.gt\/es\/wp-json\/wp\/v2\/posts\/126502\/revisions"}],"predecessor-version":[{"id":126504,"href":"https:\/\/elmetropolitano.com.gt\/es\/wp-json\/wp\/v2\/posts\/126502\/revisions\/126504"}],"wp:featuredmedia":[{"embeddable":true,"href":"https:\/\/elmetropolitano.com.gt\/es\/wp-json\/wp\/v2\/media\/126503"}],"wp:attachment":[{"href":"https:\/\/elmetropolitano.com.gt\/es\/wp-json\/wp\/v2\/media?parent=126502"}],"wp:term":[{"taxonomy":"category","embeddable":true,"href":"https:\/\/elmetropolitano.com.gt\/es\/wp-json\/wp\/v2\/categories?post=126502"},{"taxonomy":"post_tag","embeddable":true,"href":"https:\/\/elmetropolitano.com.gt\/es\/wp-json\/wp\/v2\/tags?post=126502"}],"curies":[{"name":"wp","href":"https:\/\/api.w.org\/{rel}","templated":true}]}}