{"id":126533,"date":"2026-04-30T10:38:24","date_gmt":"2026-04-30T16:38:24","guid":{"rendered":"https:\/\/elmetropolitano.com.gt\/es\/?p=126533"},"modified":"2026-04-30T10:38:25","modified_gmt":"2026-04-30T16:38:25","slug":"allanan-sede-del-renap-por-extender-dpi-a-ciudadano-mexicano-detenido-en-argentina","status":"publish","type":"post","link":"https:\/\/elmetropolitano.com.gt\/es\/allanan-sede-del-renap-por-extender-dpi-a-ciudadano-mexicano-detenido-en-argentina\/","title":{"rendered":"Allanan Sede del Renap por extender DPI a ciudadano mexicano detenido en Argentina"},"content":{"rendered":"\n<p>Investigadores de la Polic\u00eda Nacional Civil PNC y fiscales Ministerio P\u00fablico MP ingresan a la sede del RENAP en el municipio San Jos\u00e9 Del Golfo donde capturan a los trabajadores Yesenia Alejandra Mayen Ruano y Luis Rolando L\u00f3pez Vel\u00e1squez quienes se presume entregaron un documento de identidad DPI guatemalteco al ex funcionario mexicano Fernando Far\u00edas Lagunas detenido el pasado fin de semana en Argentina.<\/p>\n\n\n\n<p>Seg\u00fan RENAP la denuncia sobre los dos trabajadores c permite esta ma\u00f1ana el operativo.<\/p><div class=\"elmet-contenido\" id=\"elmet-1098482112\"><div class=\"elmet-adlabel\">Anuncios<\/div><div style=\"margin-top: 20px;margin-right: 20px;margin-bottom: 20px;margin-left: 20px;\" id=\"elmet-569772451\"><a href=\"https:\/\/www.facebook.com\/arrincuanantigua\/\" aria-label=\"cintillo-arrin-cual\"><img loading=\"lazy\" decoding=\"async\" src=\"https:\/\/elmetropolitano.com.gt\/es\/wp-content\/uploads\/2021\/11\/cintillo-arrin-cual-1.jpg\" alt=\"\"  srcset=\"https:\/\/elmetropolitano.com.gt\/es\/wp-content\/uploads\/2021\/11\/cintillo-arrin-cual-1.jpg 750w, https:\/\/elmetropolitano.com.gt\/es\/wp-content\/uploads\/2021\/11\/cintillo-arrin-cual-1-300x36.jpg 300w, https:\/\/elmetropolitano.com.gt\/es\/wp-content\/uploads\/2021\/11\/cintillo-arrin-cual-1-600x72.jpg 600w\" sizes=\"(max-width: 750px) 100vw, 750px\" width=\"750\" height=\"90\"   \/><\/a><\/div><\/div>\n\n\n\n<p>Noticia en desarrollo\u2026<\/p>\n\n\n\n<figure class=\"wp-block-gallery has-nested-images columns-default is-cropped wp-block-gallery-1 is-layout-flex wp-block-gallery-is-layout-flex\">\n<figure class=\"wp-block-image size-large\"><img loading=\"lazy\" decoding=\"async\" width=\"1024\" height=\"768\" data-id=\"126537\" src=\"https:\/\/elmetropolitano.com.gt\/es\/wp-content\/uploads\/2026\/04\/684320172_1529160109210067_7154088330633821107_n-1024x768.jpg\" alt=\"\" class=\"wp-image-126537\" srcset=\"https:\/\/elmetropolitano.com.gt\/es\/wp-content\/uploads\/2026\/04\/684320172_1529160109210067_7154088330633821107_n-1024x768.jpg 1024w, https:\/\/elmetropolitano.com.gt\/es\/wp-content\/uploads\/2026\/04\/684320172_1529160109210067_7154088330633821107_n-300x225.jpg 300w, https:\/\/elmetropolitano.com.gt\/es\/wp-content\/uploads\/2026\/04\/684320172_1529160109210067_7154088330633821107_n-768x576.jpg 768w, https:\/\/elmetropolitano.com.gt\/es\/wp-content\/uploads\/2026\/04\/684320172_1529160109210067_7154088330633821107_n.jpg 1500w\" sizes=\"auto, (max-width: 1024px) 100vw, 1024px\" \/><\/figure>\n\n\n\n<figure class=\"wp-block-image size-large\"><img loading=\"lazy\" decoding=\"async\" width=\"1024\" height=\"768\" data-id=\"126538\" src=\"https:\/\/elmetropolitano.com.gt\/es\/wp-content\/uploads\/2026\/04\/685373470_1529160112543400_7870040347660254139_n-1024x768.jpg\" alt=\"\" class=\"wp-image-126538\" srcset=\"https:\/\/elmetropolitano.com.gt\/es\/wp-content\/uploads\/2026\/04\/685373470_1529160112543400_7870040347660254139_n-1024x768.jpg 1024w, https:\/\/elmetropolitano.com.gt\/es\/wp-content\/uploads\/2026\/04\/685373470_1529160112543400_7870040347660254139_n-300x225.jpg 300w, https:\/\/elmetropolitano.com.gt\/es\/wp-content\/uploads\/2026\/04\/685373470_1529160112543400_7870040347660254139_n-768x576.jpg 768w, https:\/\/elmetropolitano.com.gt\/es\/wp-content\/uploads\/2026\/04\/685373470_1529160112543400_7870040347660254139_n.jpg 1500w\" sizes=\"auto, (max-width: 1024px) 100vw, 1024px\" \/><\/figure>\n\n\n\n<figure class=\"wp-block-image size-large\"><img loading=\"lazy\" decoding=\"async\" width=\"900\" height=\"501\" data-id=\"126535\" src=\"https:\/\/elmetropolitano.com.gt\/es\/wp-content\/uploads\/2026\/04\/686183254_1529157049210373_9173217189563346763_n-1.jpg\" alt=\"\" class=\"wp-image-126535\" srcset=\"https:\/\/elmetropolitano.com.gt\/es\/wp-content\/uploads\/2026\/04\/686183254_1529157049210373_9173217189563346763_n-1.jpg 900w, https:\/\/elmetropolitano.com.gt\/es\/wp-content\/uploads\/2026\/04\/686183254_1529157049210373_9173217189563346763_n-1-300x167.jpg 300w, https:\/\/elmetropolitano.com.gt\/es\/wp-content\/uploads\/2026\/04\/686183254_1529157049210373_9173217189563346763_n-1-768x428.jpg 768w\" sizes=\"auto, (max-width: 900px) 100vw, 900px\" \/><\/figure>\n\n\n\n<figure class=\"wp-block-image size-large\"><img loading=\"lazy\" decoding=\"async\" width=\"1024\" height=\"647\" data-id=\"126536\" src=\"https:\/\/elmetropolitano.com.gt\/es\/wp-content\/uploads\/2026\/04\/684890163_1529160152543396_5243333806544807346_n-1024x647.jpg\" alt=\"\" class=\"wp-image-126536\" srcset=\"https:\/\/elmetropolitano.com.gt\/es\/wp-content\/uploads\/2026\/04\/684890163_1529160152543396_5243333806544807346_n-1024x647.jpg 1024w, https:\/\/elmetropolitano.com.gt\/es\/wp-content\/uploads\/2026\/04\/684890163_1529160152543396_5243333806544807346_n-300x190.jpg 300w, https:\/\/elmetropolitano.com.gt\/es\/wp-content\/uploads\/2026\/04\/684890163_1529160152543396_5243333806544807346_n-768x485.jpg 768w, https:\/\/elmetropolitano.com.gt\/es\/wp-content\/uploads\/2026\/04\/684890163_1529160152543396_5243333806544807346_n.jpg 1500w\" sizes=\"auto, (max-width: 1024px) 100vw, 1024px\" \/><\/figure>\n<\/figure>\n","protected":false},"excerpt":{"rendered":"<p>Investigadores de la Polic\u00eda Nacional Civil PNC y fiscales Ministerio P\u00fablico MP ingresan a la sede del RENAP en el municipio San Jos\u00e9 Del Golfo donde capturan a los trabajadores Yesenia Alejandra Mayen Ruano y Luis Rolando L\u00f3pez Vel\u00e1squez quienes se presume entregaron un documento de identidad DPI guatemalteco al ex funcionario mexicano Fernando Far\u00edas <a class=\"read-more\" href=\"https:\/\/elmetropolitano.com.gt\/es\/allanan-sede-del-renap-por-extender-dpi-a-ciudadano-mexicano-detenido-en-argentina\/\">Leer m\u00e1s<\/a><\/p>\n","protected":false},"author":1,"featured_media":126534,"comment_status":"open","ping_status":"closed","sticky":false,"template":"","format":"standard","meta":{"footnotes":""},"categories":[2],"tags":[12],"class_list":["post-126533","post","type-post","status-publish","format-standard","has-post-thumbnail","hentry","category-nacionales","tag-nacionales"],"_links":{"self":[{"href":"https:\/\/elmetropolitano.com.gt\/es\/wp-json\/wp\/v2\/posts\/126533","targetHints":{"allow":["GET"]}}],"collection":[{"href":"https:\/\/elmetropolitano.com.gt\/es\/wp-json\/wp\/v2\/posts"}],"about":[{"href":"https:\/\/elmetropolitano.com.gt\/es\/wp-json\/wp\/v2\/types\/post"}],"author":[{"embeddable":true,"href":"https:\/\/elmetropolitano.com.gt\/es\/wp-json\/wp\/v2\/users\/1"}],"replies":[{"embeddable":true,"href":"https:\/\/elmetropolitano.com.gt\/es\/wp-json\/wp\/v2\/comments?post=126533"}],"version-history":[{"count":1,"href":"https:\/\/elmetropolitano.com.gt\/es\/wp-json\/wp\/v2\/posts\/126533\/revisions"}],"predecessor-version":[{"id":126539,"href":"https:\/\/elmetropolitano.com.gt\/es\/wp-json\/wp\/v2\/posts\/126533\/revisions\/126539"}],"wp:featuredmedia":[{"embeddable":true,"href":"https:\/\/elmetropolitano.com.gt\/es\/wp-json\/wp\/v2\/media\/126534"}],"wp:attachment":[{"href":"https:\/\/elmetropolitano.com.gt\/es\/wp-json\/wp\/v2\/media?parent=126533"}],"wp:term":[{"taxonomy":"category","embeddable":true,"href":"https:\/\/elmetropolitano.com.gt\/es\/wp-json\/wp\/v2\/categories?post=126533"},{"taxonomy":"post_tag","embeddable":true,"href":"https:\/\/elmetropolitano.com.gt\/es\/wp-json\/wp\/v2\/tags?post=126533"}],"curies":[{"name":"wp","href":"https:\/\/api.w.org\/{rel}","templated":true}]}}