{"id":126554,"date":"2026-04-30T11:07:17","date_gmt":"2026-04-30T17:07:17","guid":{"rendered":"https:\/\/elmetropolitano.com.gt\/es\/?p=126554"},"modified":"2026-04-30T11:07:18","modified_gmt":"2026-04-30T17:07:18","slug":"mineduc-reafirma-que-no-han-identificado-fallas-de-ciberseguridad-en-sus-plataformas","status":"publish","type":"post","link":"https:\/\/elmetropolitano.com.gt\/es\/mineduc-reafirma-que-no-han-identificado-fallas-de-ciberseguridad-en-sus-plataformas\/","title":{"rendered":"Mineduc reafirma que no han identificado fallas de ciberseguridad en sus plataformas"},"content":{"rendered":"\n<p>El Ministerio de Educaci\u00f3n (Mineduc) inform\u00f3 que ante los reportes recibidos sobre un posible incidente de ciberseguridad no han encontrado evidencias sobre fallos en sus plataformas.<\/p>\n\n\n\n<p>Asimismo, indicaron que esta ma\u00f1ana equipos del personal especializado del Ministerio y del Gobierno de Guatemala se encuentran haciendo los an\u00e1lisis t\u00e9cnicos correspondientes.<\/p><div class=\"elmet-contenido\" id=\"elmet-3762154266\"><div class=\"elmet-adlabel\">Anuncios<\/div><div style=\"margin-top: 20px;margin-right: 20px;margin-bottom: 20px;margin-left: 20px;\" id=\"elmet-2492787229\"><a href=\"https:\/\/www.facebook.com\/arrincuanantigua\/\" aria-label=\"cintillo-arrin-cual\"><img loading=\"lazy\" decoding=\"async\" src=\"https:\/\/elmetropolitano.com.gt\/es\/wp-content\/uploads\/2021\/11\/cintillo-arrin-cual-1.jpg\" alt=\"\"  srcset=\"https:\/\/elmetropolitano.com.gt\/es\/wp-content\/uploads\/2021\/11\/cintillo-arrin-cual-1.jpg 750w, https:\/\/elmetropolitano.com.gt\/es\/wp-content\/uploads\/2021\/11\/cintillo-arrin-cual-1-300x36.jpg 300w, https:\/\/elmetropolitano.com.gt\/es\/wp-content\/uploads\/2021\/11\/cintillo-arrin-cual-1-600x72.jpg 600w\" sizes=\"(max-width: 750px) 100vw, 750px\" width=\"750\" height=\"90\"   \/><\/a><\/div><\/div>\n\n\n\n<p>Sin embargo, hasta el momento no han identificado fallas de esa naturaleza en los sistemas electr\u00f3nicos institucionales. Adem\u00e1s, indicaron que estar\u00e1n trasladando informaci\u00f3n sobre el estado de la situaci\u00f3n al finalizar el proceso de revisi\u00f3n.<\/p>\n\n\n\n<p>Protocolo de respuesta en ciberseguridad<\/p>\n\n\n\n<p>El Ejecutivo afirm\u00f3 que desde el primer momento que se inform\u00f3 sobre ciberataques a portales de instituciones p\u00fablicas se activaron los protocolos nacionales de respuesta, los cuales, indic\u00f3, incluyen medidas t\u00e9cnicas y organizativas para mitigar el impacto de las intrusiones en los portales institucionales.<\/p>\n\n\n\n<p>Para ello, aseguraron que se cuenta con ayuda internacional, con acompa\u00f1amiento de Espa\u00f1a, Estados Unidos y la Rep\u00fablica de China (Taiw\u00e1n), gracias a alianzas de cooperaci\u00f3n.<\/p>\n\n\n\n<p>Agreg\u00f3 que, en aras de proteger la informaci\u00f3n de los guatemaltecos, se instruy\u00f3 a todas las entidades p\u00fablicas a fortalecer los controles de ciberseguridad, as\u00ed como reducir los niveles de exposici\u00f3n y reforzar las capacidades de respuesta ante ciberataques.<\/p>\n\n\n\n<p>Texto Cindy Alonzo<\/p>\n\n\n\n<p>#Mineduc #Ciberseguridad #metroredes <a href=\"http:\/\/www.elmetropolitano.com.gt\">www.elmetropolitano.com.gt<\/a> <a href=\"http:\/\/www.metroredes.com\">www.metroredes.com<\/a> <a href=\"http:\/\/www.elescuintleco.com\">www.elescuintleco.com<\/a><\/p>\n","protected":false},"excerpt":{"rendered":"<p>El Ministerio de Educaci\u00f3n (Mineduc) inform\u00f3 que ante los reportes recibidos sobre un posible incidente de ciberseguridad no han encontrado evidencias sobre fallos en sus plataformas. Asimismo, indicaron que esta ma\u00f1ana equipos del personal especializado del Ministerio y del Gobierno de Guatemala se encuentran haciendo los an\u00e1lisis t\u00e9cnicos correspondientes. Sin embargo, hasta el momento no <a class=\"read-more\" href=\"https:\/\/elmetropolitano.com.gt\/es\/mineduc-reafirma-que-no-han-identificado-fallas-de-ciberseguridad-en-sus-plataformas\/\">Leer m\u00e1s<\/a><\/p>\n","protected":false},"author":1,"featured_media":126555,"comment_status":"open","ping_status":"closed","sticky":false,"template":"","format":"standard","meta":{"footnotes":""},"categories":[2],"tags":[12],"class_list":["post-126554","post","type-post","status-publish","format-standard","has-post-thumbnail","hentry","category-nacionales","tag-nacionales"],"_links":{"self":[{"href":"https:\/\/elmetropolitano.com.gt\/es\/wp-json\/wp\/v2\/posts\/126554","targetHints":{"allow":["GET"]}}],"collection":[{"href":"https:\/\/elmetropolitano.com.gt\/es\/wp-json\/wp\/v2\/posts"}],"about":[{"href":"https:\/\/elmetropolitano.com.gt\/es\/wp-json\/wp\/v2\/types\/post"}],"author":[{"embeddable":true,"href":"https:\/\/elmetropolitano.com.gt\/es\/wp-json\/wp\/v2\/users\/1"}],"replies":[{"embeddable":true,"href":"https:\/\/elmetropolitano.com.gt\/es\/wp-json\/wp\/v2\/comments?post=126554"}],"version-history":[{"count":1,"href":"https:\/\/elmetropolitano.com.gt\/es\/wp-json\/wp\/v2\/posts\/126554\/revisions"}],"predecessor-version":[{"id":126556,"href":"https:\/\/elmetropolitano.com.gt\/es\/wp-json\/wp\/v2\/posts\/126554\/revisions\/126556"}],"wp:featuredmedia":[{"embeddable":true,"href":"https:\/\/elmetropolitano.com.gt\/es\/wp-json\/wp\/v2\/media\/126555"}],"wp:attachment":[{"href":"https:\/\/elmetropolitano.com.gt\/es\/wp-json\/wp\/v2\/media?parent=126554"}],"wp:term":[{"taxonomy":"category","embeddable":true,"href":"https:\/\/elmetropolitano.com.gt\/es\/wp-json\/wp\/v2\/categories?post=126554"},{"taxonomy":"post_tag","embeddable":true,"href":"https:\/\/elmetropolitano.com.gt\/es\/wp-json\/wp\/v2\/tags?post=126554"}],"curies":[{"name":"wp","href":"https:\/\/api.w.org\/{rel}","templated":true}]}}