{"id":126558,"date":"2026-04-30T11:52:08","date_gmt":"2026-04-30T17:52:08","guid":{"rendered":"https:\/\/elmetropolitano.com.gt\/es\/?p=126558"},"modified":"2026-04-30T11:52:09","modified_gmt":"2026-04-30T17:52:09","slug":"neto-bran-ha-dado-inicio-a-la-remodelacion-del-parque-de-mixco","status":"publish","type":"post","link":"https:\/\/elmetropolitano.com.gt\/es\/neto-bran-ha-dado-inicio-a-la-remodelacion-del-parque-de-mixco\/","title":{"rendered":"Neto Bran ha dado inicio a la remodelaci\u00f3n del parque de Mixco"},"content":{"rendered":"\n<p>El alcalde misque\u00f1o Neto Bran, a girado instrucciones para que den inicio los trabajos de remodelaci\u00f3n en el \u00e1rea del parque central de esta cabecera municipal.<\/p>\n\n\n\n<p>Afirmando y declarando a trav\u00e9s de sus redes sociales que va a convertir este espacio en una gran plaza abierta, como era antes.<\/p><div class=\"elmet-contenido\" id=\"elmet-2136438086\"><div class=\"elmet-adlabel\">Anuncios<\/div><div style=\"margin-top: 20px;margin-right: 20px;margin-bottom: 20px;margin-left: 20px;\" id=\"elmet-4280215450\"><a href=\"https:\/\/www.facebook.com\/arrincuanantigua\/\" aria-label=\"cintillo-arrin-cual\"><img loading=\"lazy\" decoding=\"async\" src=\"https:\/\/elmetropolitano.com.gt\/es\/wp-content\/uploads\/2021\/11\/cintillo-arrin-cual-1.jpg\" alt=\"\"  srcset=\"https:\/\/elmetropolitano.com.gt\/es\/wp-content\/uploads\/2021\/11\/cintillo-arrin-cual-1.jpg 750w, https:\/\/elmetropolitano.com.gt\/es\/wp-content\/uploads\/2021\/11\/cintillo-arrin-cual-1-300x36.jpg 300w, https:\/\/elmetropolitano.com.gt\/es\/wp-content\/uploads\/2021\/11\/cintillo-arrin-cual-1-600x72.jpg 600w\" sizes=\"(max-width: 750px) 100vw, 750px\" width=\"750\" height=\"90\"   \/><\/a><\/div><\/div>\n\n\n\n<p>Neto, entaizo que el.va a respetar toda la integraci\u00f3n del complejo original y solo quitara las rejas perimetrales y que demoleran las columnas de los portones de ingreso qu\u00e9 existen actualmente.<\/p>\n\n\n\n<p>Tambi\u00e9n se van a redise\u00f1ar rampas y gradas, voy a redise\u00f1ar jardines, a mejorar bordillos y voy a iluminar un los \u00e1rboles para que de noche usted pueda sentarse y nadie lo asalte o alguien se ponga a tomar licor o a jugar naipe, voy a iluminar tanto los \u00e1rboles, que usted va sentir seguridad de sentarse a leer un libro a las tres de la ma\u00f1ana, sin que sea v\u00edctima de la delincuencia en la obscuridad.<\/p>\n\n\n\n<p>Voy a respetar el suelo el pavimento y adoqu\u00edn original, voy a respetar las fuentes de agua originales, voy a respetar las bancas originales con sus mosaicos en cer\u00e1mica, voy a respetar el quiosco, voy a respetar la biblioteca y lo que har\u00e9 es abrir el parque para que se convierta en un z\u00f3calo verde, una plaza como la de Antigua, como la de Xela, como las plazas europeas, con amplitud, con libertad, con seguridad.<\/p>\n\n\n\n<p>Este nuevo espacio tendra un sentido de convivencia social y familiar ya que<\/p>\n\n\n\n<p>Estamos a tan solo 100 d\u00edas de los 500 a\u00f1os de nuestro amado Mixco.<\/p>\n\n\n\n<p>As\u00ed se expreso. El alcalde m\u00e1s popular y m\u00e1s trabajador de toda Guatemala, Neto Bran. Respecto a este nuevo proyecto de infraestructura el cual viene a formar parte del complejo arquitect\u00f3nico de los edificios municipales y teatro municipal de La Plaza Central de Mixco.<\/p>\n\n\n\n<p>Texto Oscar Estuardo Villalobos R.<\/p>\n\n\n\n<p>#metroredes<\/p>\n\n\n\n<figure class=\"wp-block-gallery has-nested-images columns-default is-cropped wp-block-gallery-1 is-layout-flex wp-block-gallery-is-layout-flex\">\n<figure class=\"wp-block-image size-large\"><img loading=\"lazy\" decoding=\"async\" width=\"1024\" height=\"768\" data-id=\"126560\" src=\"https:\/\/elmetropolitano.com.gt\/es\/wp-content\/uploads\/2026\/04\/1-27-1024x768.jpg\" alt=\"\" class=\"wp-image-126560\" srcset=\"https:\/\/elmetropolitano.com.gt\/es\/wp-content\/uploads\/2026\/04\/1-27-1024x768.jpg 1024w, https:\/\/elmetropolitano.com.gt\/es\/wp-content\/uploads\/2026\/04\/1-27-300x225.jpg 300w, https:\/\/elmetropolitano.com.gt\/es\/wp-content\/uploads\/2026\/04\/1-27-768x576.jpg 768w, https:\/\/elmetropolitano.com.gt\/es\/wp-content\/uploads\/2026\/04\/1-27-1536x1152.jpg 1536w, https:\/\/elmetropolitano.com.gt\/es\/wp-content\/uploads\/2026\/04\/1-27.jpg 1600w\" sizes=\"auto, (max-width: 1024px) 100vw, 1024px\" \/><\/figure>\n\n\n\n<figure class=\"wp-block-image size-large\"><img loading=\"lazy\" decoding=\"async\" width=\"1024\" height=\"768\" data-id=\"126561\" src=\"https:\/\/elmetropolitano.com.gt\/es\/wp-content\/uploads\/2026\/04\/2-13-1024x768.jpg\" alt=\"\" class=\"wp-image-126561\" srcset=\"https:\/\/elmetropolitano.com.gt\/es\/wp-content\/uploads\/2026\/04\/2-13-1024x768.jpg 1024w, https:\/\/elmetropolitano.com.gt\/es\/wp-content\/uploads\/2026\/04\/2-13-300x225.jpg 300w, https:\/\/elmetropolitano.com.gt\/es\/wp-content\/uploads\/2026\/04\/2-13-768x576.jpg 768w, https:\/\/elmetropolitano.com.gt\/es\/wp-content\/uploads\/2026\/04\/2-13-1536x1152.jpg 1536w, https:\/\/elmetropolitano.com.gt\/es\/wp-content\/uploads\/2026\/04\/2-13.jpg 1600w\" sizes=\"auto, (max-width: 1024px) 100vw, 1024px\" \/><\/figure>\n\n\n\n<figure class=\"wp-block-image size-large\"><img loading=\"lazy\" decoding=\"async\" width=\"1024\" height=\"768\" data-id=\"126562\" src=\"https:\/\/elmetropolitano.com.gt\/es\/wp-content\/uploads\/2026\/04\/3-12-1024x768.jpg\" alt=\"\" class=\"wp-image-126562\" srcset=\"https:\/\/elmetropolitano.com.gt\/es\/wp-content\/uploads\/2026\/04\/3-12-1024x768.jpg 1024w, https:\/\/elmetropolitano.com.gt\/es\/wp-content\/uploads\/2026\/04\/3-12-300x225.jpg 300w, https:\/\/elmetropolitano.com.gt\/es\/wp-content\/uploads\/2026\/04\/3-12-768x576.jpg 768w, https:\/\/elmetropolitano.com.gt\/es\/wp-content\/uploads\/2026\/04\/3-12-1536x1152.jpg 1536w, https:\/\/elmetropolitano.com.gt\/es\/wp-content\/uploads\/2026\/04\/3-12.jpg 1600w\" sizes=\"auto, (max-width: 1024px) 100vw, 1024px\" \/><\/figure>\n<\/figure>\n","protected":false},"excerpt":{"rendered":"<p>El alcalde misque\u00f1o Neto Bran, a girado instrucciones para que den inicio los trabajos de remodelaci\u00f3n en el \u00e1rea del parque central de esta cabecera municipal. Afirmando y declarando a trav\u00e9s de sus redes sociales que va a convertir este espacio en una gran plaza abierta, como era antes. Neto, entaizo que el.va a respetar <a class=\"read-more\" href=\"https:\/\/elmetropolitano.com.gt\/es\/neto-bran-ha-dado-inicio-a-la-remodelacion-del-parque-de-mixco\/\">Leer m\u00e1s<\/a><\/p>\n","protected":false},"author":1,"featured_media":126559,"comment_status":"open","ping_status":"closed","sticky":false,"template":"","format":"standard","meta":{"footnotes":""},"categories":[2],"tags":[12],"class_list":["post-126558","post","type-post","status-publish","format-standard","has-post-thumbnail","hentry","category-nacionales","tag-nacionales"],"_links":{"self":[{"href":"https:\/\/elmetropolitano.com.gt\/es\/wp-json\/wp\/v2\/posts\/126558","targetHints":{"allow":["GET"]}}],"collection":[{"href":"https:\/\/elmetropolitano.com.gt\/es\/wp-json\/wp\/v2\/posts"}],"about":[{"href":"https:\/\/elmetropolitano.com.gt\/es\/wp-json\/wp\/v2\/types\/post"}],"author":[{"embeddable":true,"href":"https:\/\/elmetropolitano.com.gt\/es\/wp-json\/wp\/v2\/users\/1"}],"replies":[{"embeddable":true,"href":"https:\/\/elmetropolitano.com.gt\/es\/wp-json\/wp\/v2\/comments?post=126558"}],"version-history":[{"count":1,"href":"https:\/\/elmetropolitano.com.gt\/es\/wp-json\/wp\/v2\/posts\/126558\/revisions"}],"predecessor-version":[{"id":126563,"href":"https:\/\/elmetropolitano.com.gt\/es\/wp-json\/wp\/v2\/posts\/126558\/revisions\/126563"}],"wp:featuredmedia":[{"embeddable":true,"href":"https:\/\/elmetropolitano.com.gt\/es\/wp-json\/wp\/v2\/media\/126559"}],"wp:attachment":[{"href":"https:\/\/elmetropolitano.com.gt\/es\/wp-json\/wp\/v2\/media?parent=126558"}],"wp:term":[{"taxonomy":"category","embeddable":true,"href":"https:\/\/elmetropolitano.com.gt\/es\/wp-json\/wp\/v2\/categories?post=126558"},{"taxonomy":"post_tag","embeddable":true,"href":"https:\/\/elmetropolitano.com.gt\/es\/wp-json\/wp\/v2\/tags?post=126558"}],"curies":[{"name":"wp","href":"https:\/\/api.w.org\/{rel}","templated":true}]}}