{"id":126607,"date":"2026-05-01T10:37:51","date_gmt":"2026-05-01T16:37:51","guid":{"rendered":"https:\/\/elmetropolitano.com.gt\/es\/?p=126607"},"modified":"2026-05-01T10:37:53","modified_gmt":"2026-05-01T16:37:53","slug":"hoy-por-ti-manana-por-mi-lanzamiento-oficial-de-la-rifa-el-hermano-pedro-quiere-1-millon-de-amigos-2026","status":"publish","type":"post","link":"https:\/\/elmetropolitano.com.gt\/es\/hoy-por-ti-manana-por-mi-lanzamiento-oficial-de-la-rifa-el-hermano-pedro-quiere-1-millon-de-amigos-2026\/","title":{"rendered":"\u201cHoy por ti, ma\u00f1ana por m\u00ed\u201d: Lanzamiento oficial de la Rifa \u201cEl Hermano Pedro Quiere 1 Mill\u00f3n de Amigos\u201d 2026"},"content":{"rendered":"\n<p>En un emotivo acto realizado en el Hogar Virgen del Socorro, las Obras Sociales del Santo Hermano Pedro y la Asociaci\u00f3n Amigos Pro Obras Sociales (AAPOS) llevaron a cabo el lanzamiento oficial de la novena edici\u00f3n de la rifa \u201cEl Hermano Pedro Quiere 1 Mill\u00f3n de Amigos\u201d, una iniciativa que une a miles de guatemaltecos en torno a una misma causa: transformar vidas a trav\u00e9s de la salud.<\/p>\n\n\n\n<p>El evento reuni\u00f3 a patrocinadores, aliados estrat\u00e9gicos y medios de comunicaci\u00f3n, marcando el inicio de una campa\u00f1a que busca fortalecer los servicios hospitalarios y ampliar la cobertura m\u00e9dica, bajo el compromiso de brindar atenci\u00f3n con calidad en la atenci\u00f3n m\u00e9dica, caridad en cada acci\u00f3n y calidez en cada encuentro.<\/p><div class=\"elmet-contenido\" id=\"elmet-1965810261\"><div class=\"elmet-adlabel\">Anuncios<\/div><div style=\"margin-top: 20px;margin-right: 20px;margin-bottom: 20px;margin-left: 20px;\" id=\"elmet-432152098\"><a href=\"https:\/\/www.facebook.com\/arrincuanantigua\/\" aria-label=\"cintillo-arrin-cual\"><img loading=\"lazy\" decoding=\"async\" src=\"https:\/\/elmetropolitano.com.gt\/es\/wp-content\/uploads\/2021\/11\/cintillo-arrin-cual-1.jpg\" alt=\"\"  srcset=\"https:\/\/elmetropolitano.com.gt\/es\/wp-content\/uploads\/2021\/11\/cintillo-arrin-cual-1.jpg 750w, https:\/\/elmetropolitano.com.gt\/es\/wp-content\/uploads\/2021\/11\/cintillo-arrin-cual-1-300x36.jpg 300w, https:\/\/elmetropolitano.com.gt\/es\/wp-content\/uploads\/2021\/11\/cintillo-arrin-cual-1-600x72.jpg 600w\" sizes=\"(max-width: 750px) 100vw, 750px\" width=\"750\" height=\"90\"   \/><\/a><\/div><\/div>\n\n\n\n<p>Durante su intervenci\u00f3n, el Ing. Michael Ascoli, representante de AAPOS, destac\u00f3 el valor humano de esta iniciativa al indicar que \u201choy no solo lanzamos una rifa, iniciamos una nueva oportunidad de transformar vidas. Cada n\u00famero representa una esperanza real para quienes m\u00e1s lo necesitan.\u201d<\/p>\n\n\n\n<p>Asimismo, resalt\u00f3 el mensaje de este a\u00f1o, \u201cHoy por ti, ma\u00f1ana por m\u00ed\u201d, como un llamado a la solidaridad y a la empat\u00eda, recordando que todos podemos ser parte del cambio.<\/p>\n\n\n\n<p>Uno de los momentos m\u00e1s representativos del evento fue la presentaci\u00f3n oficial de la botarga \u201cAmigo Milloncito\u201d, s\u00edmbolo de la alegr\u00eda, cercan\u00eda y esp\u00edritu solidario que caracteriza esta campa\u00f1a, y que acompa\u00f1ar\u00e1 diversas activaciones a nivel nacional.<\/p>\n\n\n\n<p>La rifa tiene como objetivo recaudar fondos que permitan continuar impulsando la atenci\u00f3n m\u00e9dica, los programas sociales y proyectos clave en beneficio de cientos de miles de guatemaltecos que conf\u00edan en la labor de las Obras Sociales del Santo Hermano Pedro.<\/p>\n\n\n\n<p>La Asociaci\u00f3n Amigos Pro Obras Sociales invita a toda la poblaci\u00f3n a sumarse a esta causa de \u201cUn n\u00famero que compras hoy, garantiza atenci\u00f3n para ma\u00f1ana.\u201d<\/p>\n\n\n\n<p><a href=\"https:\/\/www.facebook.com\/hashtag\/obrassocialesdelsantohermanopedro?__cft__[0]=AZb33VdfqTz19TIrzNOHeJl2ScImb846MBh9f9xkUjPf4dJ_13jJUEUm2sXtZsipPduTD2dNU-bdCIoI6OGN9OQhNQGSM3uPNJ9BnrOmfhyXo9vPrXDnGa815o5dMokA5MJpqWwenX2ytbclGESN4CN0H46lse8oZvMf-DLjUxcYRy4Zy3ZeKmAfRWqpp0_A6VM&amp;__tn__=*NK-R\">#ObrasSocialesDelSantoHermanoPedro<\/a> <a href=\"https:\/\/www.facebook.com\/hashtag\/metroredes?__cft__[0]=AZb33VdfqTz19TIrzNOHeJl2ScImb846MBh9f9xkUjPf4dJ_13jJUEUm2sXtZsipPduTD2dNU-bdCIoI6OGN9OQhNQGSM3uPNJ9BnrOmfhyXo9vPrXDnGa815o5dMokA5MJpqWwenX2ytbclGESN4CN0H46lse8oZvMf-DLjUxcYRy4Zy3ZeKmAfRWqpp0_A6VM&amp;__tn__=*NK-R\">#metroredes<\/a><a href=\"https:\/\/www.facebook.com\/hashtag\/unmillondeamigos?__cft__[0]=AZb33VdfqTz19TIrzNOHeJl2ScImb846MBh9f9xkUjPf4dJ_13jJUEUm2sXtZsipPduTD2dNU-bdCIoI6OGN9OQhNQGSM3uPNJ9BnrOmfhyXo9vPrXDnGa815o5dMokA5MJpqWwenX2ytbclGESN4CN0H46lse8oZvMf-DLjUxcYRy4Zy3ZeKmAfRWqpp0_A6VM&amp;__tn__=*NK-R\">#UnMillonDeAmigos<\/a><\/p>\n\n\n\n<figure class=\"wp-block-gallery has-nested-images columns-default is-cropped wp-block-gallery-1 is-layout-flex wp-block-gallery-is-layout-flex\">\n<figure class=\"wp-block-image size-large\"><img loading=\"lazy\" decoding=\"async\" width=\"1024\" height=\"682\" data-id=\"126609\" src=\"https:\/\/elmetropolitano.com.gt\/es\/wp-content\/uploads\/2026\/05\/684942125_1529582875834457_3011315143488542929_n-1-1024x682.jpg\" alt=\"\" class=\"wp-image-126609\" srcset=\"https:\/\/elmetropolitano.com.gt\/es\/wp-content\/uploads\/2026\/05\/684942125_1529582875834457_3011315143488542929_n-1-1024x682.jpg 1024w, https:\/\/elmetropolitano.com.gt\/es\/wp-content\/uploads\/2026\/05\/684942125_1529582875834457_3011315143488542929_n-1-300x200.jpg 300w, https:\/\/elmetropolitano.com.gt\/es\/wp-content\/uploads\/2026\/05\/684942125_1529582875834457_3011315143488542929_n-1-768x512.jpg 768w, https:\/\/elmetropolitano.com.gt\/es\/wp-content\/uploads\/2026\/05\/684942125_1529582875834457_3011315143488542929_n-1-1536x1023.jpg 1536w, https:\/\/elmetropolitano.com.gt\/es\/wp-content\/uploads\/2026\/05\/684942125_1529582875834457_3011315143488542929_n-1.jpg 1600w\" sizes=\"auto, (max-width: 1024px) 100vw, 1024px\" \/><\/figure>\n\n\n\n<figure class=\"wp-block-image size-large\"><img loading=\"lazy\" decoding=\"async\" width=\"1024\" height=\"682\" data-id=\"126610\" src=\"https:\/\/elmetropolitano.com.gt\/es\/wp-content\/uploads\/2026\/05\/685047677_1529582885834456_4644322881490184306_n-1024x682.jpg\" alt=\"\" class=\"wp-image-126610\" srcset=\"https:\/\/elmetropolitano.com.gt\/es\/wp-content\/uploads\/2026\/05\/685047677_1529582885834456_4644322881490184306_n-1024x682.jpg 1024w, https:\/\/elmetropolitano.com.gt\/es\/wp-content\/uploads\/2026\/05\/685047677_1529582885834456_4644322881490184306_n-300x200.jpg 300w, https:\/\/elmetropolitano.com.gt\/es\/wp-content\/uploads\/2026\/05\/685047677_1529582885834456_4644322881490184306_n-768x512.jpg 768w, https:\/\/elmetropolitano.com.gt\/es\/wp-content\/uploads\/2026\/05\/685047677_1529582885834456_4644322881490184306_n-1536x1023.jpg 1536w, https:\/\/elmetropolitano.com.gt\/es\/wp-content\/uploads\/2026\/05\/685047677_1529582885834456_4644322881490184306_n.jpg 1600w\" sizes=\"auto, (max-width: 1024px) 100vw, 1024px\" \/><\/figure>\n\n\n\n<figure class=\"wp-block-image size-large\"><img loading=\"lazy\" decoding=\"async\" width=\"1024\" height=\"682\" data-id=\"126611\" src=\"https:\/\/elmetropolitano.com.gt\/es\/wp-content\/uploads\/2026\/05\/685779974_1529582902501121_5365887182505245427_n-1024x682.jpg\" alt=\"\" class=\"wp-image-126611\" srcset=\"https:\/\/elmetropolitano.com.gt\/es\/wp-content\/uploads\/2026\/05\/685779974_1529582902501121_5365887182505245427_n-1024x682.jpg 1024w, https:\/\/elmetropolitano.com.gt\/es\/wp-content\/uploads\/2026\/05\/685779974_1529582902501121_5365887182505245427_n-300x200.jpg 300w, https:\/\/elmetropolitano.com.gt\/es\/wp-content\/uploads\/2026\/05\/685779974_1529582902501121_5365887182505245427_n-768x512.jpg 768w, https:\/\/elmetropolitano.com.gt\/es\/wp-content\/uploads\/2026\/05\/685779974_1529582902501121_5365887182505245427_n-1536x1023.jpg 1536w, https:\/\/elmetropolitano.com.gt\/es\/wp-content\/uploads\/2026\/05\/685779974_1529582902501121_5365887182505245427_n.jpg 1600w\" sizes=\"auto, (max-width: 1024px) 100vw, 1024px\" \/><\/figure>\n<\/figure>\n","protected":false},"excerpt":{"rendered":"<p>En un emotivo acto realizado en el Hogar Virgen del Socorro, las Obras Sociales del Santo Hermano Pedro y la Asociaci\u00f3n Amigos Pro Obras Sociales (AAPOS) llevaron a cabo el lanzamiento oficial de la novena edici\u00f3n de la rifa \u201cEl Hermano Pedro Quiere 1 Mill\u00f3n de Amigos\u201d, una iniciativa que une a miles de guatemaltecos <a class=\"read-more\" href=\"https:\/\/elmetropolitano.com.gt\/es\/hoy-por-ti-manana-por-mi-lanzamiento-oficial-de-la-rifa-el-hermano-pedro-quiere-1-millon-de-amigos-2026\/\">Leer m\u00e1s<\/a><\/p>\n","protected":false},"author":1,"featured_media":126608,"comment_status":"open","ping_status":"closed","sticky":false,"template":"","format":"standard","meta":{"footnotes":""},"categories":[2],"tags":[12],"class_list":["post-126607","post","type-post","status-publish","format-standard","has-post-thumbnail","hentry","category-nacionales","tag-nacionales"],"_links":{"self":[{"href":"https:\/\/elmetropolitano.com.gt\/es\/wp-json\/wp\/v2\/posts\/126607","targetHints":{"allow":["GET"]}}],"collection":[{"href":"https:\/\/elmetropolitano.com.gt\/es\/wp-json\/wp\/v2\/posts"}],"about":[{"href":"https:\/\/elmetropolitano.com.gt\/es\/wp-json\/wp\/v2\/types\/post"}],"author":[{"embeddable":true,"href":"https:\/\/elmetropolitano.com.gt\/es\/wp-json\/wp\/v2\/users\/1"}],"replies":[{"embeddable":true,"href":"https:\/\/elmetropolitano.com.gt\/es\/wp-json\/wp\/v2\/comments?post=126607"}],"version-history":[{"count":1,"href":"https:\/\/elmetropolitano.com.gt\/es\/wp-json\/wp\/v2\/posts\/126607\/revisions"}],"predecessor-version":[{"id":126612,"href":"https:\/\/elmetropolitano.com.gt\/es\/wp-json\/wp\/v2\/posts\/126607\/revisions\/126612"}],"wp:featuredmedia":[{"embeddable":true,"href":"https:\/\/elmetropolitano.com.gt\/es\/wp-json\/wp\/v2\/media\/126608"}],"wp:attachment":[{"href":"https:\/\/elmetropolitano.com.gt\/es\/wp-json\/wp\/v2\/media?parent=126607"}],"wp:term":[{"taxonomy":"category","embeddable":true,"href":"https:\/\/elmetropolitano.com.gt\/es\/wp-json\/wp\/v2\/categories?post=126607"},{"taxonomy":"post_tag","embeddable":true,"href":"https:\/\/elmetropolitano.com.gt\/es\/wp-json\/wp\/v2\/tags?post=126607"}],"curies":[{"name":"wp","href":"https:\/\/api.w.org\/{rel}","templated":true}]}}