{"id":126648,"date":"2026-05-01T11:31:46","date_gmt":"2026-05-01T17:31:46","guid":{"rendered":"https:\/\/elmetropolitano.com.gt\/es\/?p=126648"},"modified":"2026-05-01T11:31:47","modified_gmt":"2026-05-01T17:31:47","slug":"las-empresas-se-encuentran-en-antigua-guatemala-para-reflexionar-juntos-sobre-organizaciones-a-prueba-de-futuro","status":"publish","type":"post","link":"https:\/\/elmetropolitano.com.gt\/es\/las-empresas-se-encuentran-en-antigua-guatemala-para-reflexionar-juntos-sobre-organizaciones-a-prueba-de-futuro\/","title":{"rendered":"Las empresas se encuentran en Antigua Guatemala para reflexionar juntos sobre organizaciones a prueba de futuro"},"content":{"rendered":"\n<p>M\u00e1s de 180 l\u00edderes, representando a 40 fundaciones, 20 organizaciones de sociedad civil y 11 empresas provenientes de toda Am\u00e9rica Latina se reunieron en el Foro Internacional de RedEAm\u00e9rica (FIR 2026), que se llev\u00f3 a cabo en Antigua Guatemala, de 22 al 24 de abril.<\/p>\n\n\n\n<p>Este encuentro, que para su organizaci\u00f3n cont\u00f3 con el apoyo y patrocinio de miembros de RedEAm\u00e9rica, Nodo Guatemala y algunos aliados, siendo: Fundaci\u00f3n Pantaleon, Fundaci\u00f3n Carlos F. Novella, Fundaci\u00f3n Bi, Fundaci\u00f3n Terra, Progreso, Fundaci\u00f3n Cofi\u00f1o y Fundaci\u00f3n Castillo Hermanos, reafirm\u00f3 el prop\u00f3sito de RedEAm\u00e9rica como la principal red de inversi\u00f3n social privada en la regi\u00f3n, orientada a fortalecer comunidades mediante el conocimiento, las alianzas y la acci\u00f3n colectiva.<\/p><div class=\"elmet-contenido\" id=\"elmet-3650152590\"><div class=\"elmet-adlabel\">Anuncios<\/div><div style=\"margin-top: 20px;margin-right: 20px;margin-bottom: 20px;margin-left: 20px;\" id=\"elmet-262573184\"><a href=\"https:\/\/www.facebook.com\/arrincuanantigua\/\" aria-label=\"cintillo-arrin-cual\"><img loading=\"lazy\" decoding=\"async\" src=\"https:\/\/elmetropolitano.com.gt\/es\/wp-content\/uploads\/2021\/11\/cintillo-arrin-cual-1.jpg\" alt=\"\"  srcset=\"https:\/\/elmetropolitano.com.gt\/es\/wp-content\/uploads\/2021\/11\/cintillo-arrin-cual-1.jpg 750w, https:\/\/elmetropolitano.com.gt\/es\/wp-content\/uploads\/2021\/11\/cintillo-arrin-cual-1-300x36.jpg 300w, https:\/\/elmetropolitano.com.gt\/es\/wp-content\/uploads\/2021\/11\/cintillo-arrin-cual-1-600x72.jpg 600w\" sizes=\"(max-width: 750px) 100vw, 750px\" width=\"750\" height=\"90\"   \/><\/a><\/div><\/div>\n\n\n\n<p>En un contexto marcado por desaf\u00edos sociales, econ\u00f3micos y ambientales, el FIR 2026 se consolid\u00f3 como una plataforma para impulsar soluciones, reconociendo el valor de las capacidades territoriales y la articulaci\u00f3n entre los diferentes actores.<\/p>\n\n\n\n<p>Durante tres d\u00edas, el Foro fue escenario de di\u00e1logo, aprendizaje y construcci\u00f3n conjunta, donde se compartieron experiencias provenientes de distintos pa\u00edses de Am\u00e9rica Latina.<\/p>\n\n\n\n<p>Estas experiencias evidenciaron c\u00f3mo el trabajo colaborativo permite avanzar en temas fundamentales como la inclusi\u00f3n econ\u00f3mica, la educaci\u00f3n y el fortalecimiento de las comunidades.<\/p>\n\n\n\n<p>Uno de los ejes centrales del encuentro fueron las Masterclass, espacios dise\u00f1ados para reflexionar sobre los retos contempor\u00e1neos de la regi\u00f3n. A trav\u00e9s de voces expertas, se abordaron temas como democracia, \u00e9tica, sostenibilidad y evaluaci\u00f3n de impacto, ofreciendo una mirada cr\u00edtica y estrat\u00e9gica sobre el rol de las organizaciones en la construcci\u00f3n de un futuro m\u00e1s equitativo.<\/p>\n\n\n\n<p>M\u00e1s all\u00e1 de los contenidos, el FIR 2026 represent\u00f3 una oportunidad para consolidar una visi\u00f3n compartida. En este sentido, el Foro fue promotor del intercambio de conocimientos pr\u00e1cticos y experiencias reales que fortalecen la capacidad de acci\u00f3n de quienes trabajan directamente con las comunidades.<\/p>\n\n\n\n<p>El encuentro en Antigua Guatemala no s\u00f3lo marc\u00f3 un momento de reflexi\u00f3n, sino tambi\u00e9n de proyecci\u00f3n. En un entorno que simboliz\u00f3 historia, cultura y resiliencia, los participantes avanzaron en la construcci\u00f3n de alianzas y en la definici\u00f3n de rutas conjuntas para enfrentar los desaf\u00edos del desarrollo en Am\u00e9rica Latina.<\/p>\n\n\n\n<p>El FIR 2026 fue, en esencia, una invitaci\u00f3n a fortalecer el trabajo colectivo y a reafirmar que el futuro de la regi\u00f3n se construye desde la colaboraci\u00f3n, el conocimiento compartido y el compromiso con los territorios.<\/p>\n\n\n\n<figure class=\"wp-block-gallery has-nested-images columns-default is-cropped wp-block-gallery-1 is-layout-flex wp-block-gallery-is-layout-flex\">\n<figure class=\"wp-block-image size-large\"><img loading=\"lazy\" decoding=\"async\" width=\"1024\" height=\"768\" data-id=\"126650\" src=\"https:\/\/elmetropolitano.com.gt\/es\/wp-content\/uploads\/2026\/05\/1BE77824-9077-477A-B59C-33B2F0B81B101-1-1024x768.jpg\" alt=\"\" class=\"wp-image-126650\" srcset=\"https:\/\/elmetropolitano.com.gt\/es\/wp-content\/uploads\/2026\/05\/1BE77824-9077-477A-B59C-33B2F0B81B101-1-1024x768.jpg 1024w, https:\/\/elmetropolitano.com.gt\/es\/wp-content\/uploads\/2026\/05\/1BE77824-9077-477A-B59C-33B2F0B81B101-1-300x225.jpg 300w, https:\/\/elmetropolitano.com.gt\/es\/wp-content\/uploads\/2026\/05\/1BE77824-9077-477A-B59C-33B2F0B81B101-1-768x576.jpg 768w, https:\/\/elmetropolitano.com.gt\/es\/wp-content\/uploads\/2026\/05\/1BE77824-9077-477A-B59C-33B2F0B81B101-1-1536x1152.jpg 1536w, https:\/\/elmetropolitano.com.gt\/es\/wp-content\/uploads\/2026\/05\/1BE77824-9077-477A-B59C-33B2F0B81B101-1-2048x1536.jpg 2048w\" sizes=\"auto, (max-width: 1024px) 100vw, 1024px\" \/><\/figure>\n\n\n\n<figure class=\"wp-block-image size-large\"><img loading=\"lazy\" decoding=\"async\" width=\"1024\" height=\"683\" data-id=\"126652\" src=\"https:\/\/elmetropolitano.com.gt\/es\/wp-content\/uploads\/2026\/05\/DSC01607-1024x683.jpg\" alt=\"\" class=\"wp-image-126652\" srcset=\"https:\/\/elmetropolitano.com.gt\/es\/wp-content\/uploads\/2026\/05\/DSC01607-1024x683.jpg 1024w, https:\/\/elmetropolitano.com.gt\/es\/wp-content\/uploads\/2026\/05\/DSC01607-300x200.jpg 300w, https:\/\/elmetropolitano.com.gt\/es\/wp-content\/uploads\/2026\/05\/DSC01607-768x512.jpg 768w, https:\/\/elmetropolitano.com.gt\/es\/wp-content\/uploads\/2026\/05\/DSC01607-1536x1024.jpg 1536w, https:\/\/elmetropolitano.com.gt\/es\/wp-content\/uploads\/2026\/05\/DSC01607-2048x1365.jpg 2048w\" sizes=\"auto, (max-width: 1024px) 100vw, 1024px\" \/><\/figure>\n\n\n\n<figure class=\"wp-block-image size-large\"><img loading=\"lazy\" decoding=\"async\" width=\"768\" height=\"1024\" data-id=\"126651\" src=\"https:\/\/elmetropolitano.com.gt\/es\/wp-content\/uploads\/2026\/05\/E8ADB674-AA0C-4A49-AC00-BFA8138928662-768x1024.jpg\" alt=\"\" class=\"wp-image-126651\" srcset=\"https:\/\/elmetropolitano.com.gt\/es\/wp-content\/uploads\/2026\/05\/E8ADB674-AA0C-4A49-AC00-BFA8138928662-768x1024.jpg 768w, https:\/\/elmetropolitano.com.gt\/es\/wp-content\/uploads\/2026\/05\/E8ADB674-AA0C-4A49-AC00-BFA8138928662-225x300.jpg 225w, https:\/\/elmetropolitano.com.gt\/es\/wp-content\/uploads\/2026\/05\/E8ADB674-AA0C-4A49-AC00-BFA8138928662-1152x1536.jpg 1152w, https:\/\/elmetropolitano.com.gt\/es\/wp-content\/uploads\/2026\/05\/E8ADB674-AA0C-4A49-AC00-BFA8138928662-1536x2048.jpg 1536w, https:\/\/elmetropolitano.com.gt\/es\/wp-content\/uploads\/2026\/05\/E8ADB674-AA0C-4A49-AC00-BFA8138928662-scaled.jpg 1920w\" sizes=\"auto, (max-width: 768px) 100vw, 768px\" \/><\/figure>\n<\/figure>\n","protected":false},"excerpt":{"rendered":"<p>M\u00e1s de 180 l\u00edderes, representando a 40 fundaciones, 20 organizaciones de sociedad civil y 11 empresas provenientes de toda Am\u00e9rica Latina se reunieron en el Foro Internacional de RedEAm\u00e9rica (FIR 2026), que se llev\u00f3 a cabo en Antigua Guatemala, de 22 al 24 de abril. Este encuentro, que para su organizaci\u00f3n cont\u00f3 con el apoyo <a class=\"read-more\" href=\"https:\/\/elmetropolitano.com.gt\/es\/las-empresas-se-encuentran-en-antigua-guatemala-para-reflexionar-juntos-sobre-organizaciones-a-prueba-de-futuro\/\">Leer m\u00e1s<\/a><\/p>\n","protected":false},"author":1,"featured_media":126649,"comment_status":"open","ping_status":"closed","sticky":false,"template":"","format":"standard","meta":{"footnotes":""},"categories":[31],"tags":[32],"class_list":["post-126648","post","type-post","status-publish","format-standard","has-post-thumbnail","hentry","category-metroimpulso","tag-metroimpulso"],"_links":{"self":[{"href":"https:\/\/elmetropolitano.com.gt\/es\/wp-json\/wp\/v2\/posts\/126648","targetHints":{"allow":["GET"]}}],"collection":[{"href":"https:\/\/elmetropolitano.com.gt\/es\/wp-json\/wp\/v2\/posts"}],"about":[{"href":"https:\/\/elmetropolitano.com.gt\/es\/wp-json\/wp\/v2\/types\/post"}],"author":[{"embeddable":true,"href":"https:\/\/elmetropolitano.com.gt\/es\/wp-json\/wp\/v2\/users\/1"}],"replies":[{"embeddable":true,"href":"https:\/\/elmetropolitano.com.gt\/es\/wp-json\/wp\/v2\/comments?post=126648"}],"version-history":[{"count":1,"href":"https:\/\/elmetropolitano.com.gt\/es\/wp-json\/wp\/v2\/posts\/126648\/revisions"}],"predecessor-version":[{"id":126653,"href":"https:\/\/elmetropolitano.com.gt\/es\/wp-json\/wp\/v2\/posts\/126648\/revisions\/126653"}],"wp:featuredmedia":[{"embeddable":true,"href":"https:\/\/elmetropolitano.com.gt\/es\/wp-json\/wp\/v2\/media\/126649"}],"wp:attachment":[{"href":"https:\/\/elmetropolitano.com.gt\/es\/wp-json\/wp\/v2\/media?parent=126648"}],"wp:term":[{"taxonomy":"category","embeddable":true,"href":"https:\/\/elmetropolitano.com.gt\/es\/wp-json\/wp\/v2\/categories?post=126648"},{"taxonomy":"post_tag","embeddable":true,"href":"https:\/\/elmetropolitano.com.gt\/es\/wp-json\/wp\/v2\/tags?post=126648"}],"curies":[{"name":"wp","href":"https:\/\/api.w.org\/{rel}","templated":true}]}}