{"id":135467,"date":"2026-08-30T16:21:03","date_gmt":"2026-08-30T22:21:03","guid":{"rendered":"https:\/\/elmetropolitano.com.gt\/es\/?p=135467"},"modified":"2026-08-30T16:21:05","modified_gmt":"2026-08-30T22:21:05","slug":"belismel-oliva-es-el-candidato-a-alcalde-de-guastatoya-el-progreso-por-el-partido-azul","status":"publish","type":"post","link":"https:\/\/elmetropolitano.com.gt\/es\/belismel-oliva-es-el-candidato-a-alcalde-de-guastatoya-el-progreso-por-el-partido-azul\/","title":{"rendered":"Belismel Oliva es el candidato a alcalde de Guastatoya, El Progreso, por el partido Azul"},"content":{"rendered":"\n<p>Las bases del Partido Azul eligieron este fin de semana a Belismel Pantaleon Oliva como su candidato a alcalde por el municipio de Guastatoya El Progreso<\/p>\n\n\n\n<p>La actividad se desarroll\u00f3 con la presencia del Precandidato Presidencial el economista Giovanni Reyes Ortiz y el secretario General diputado Jorge Mario Villagr\u00e1n \u00c1lvarez as\u00ed como el Coordinador del El Progreso Cupertino Ramos Ju\u00e1rez quien tambi\u00e9n es miembro del comit\u00e9 ejecutivo nacional<\/p><div class=\"elmet-contenido\" id=\"elmet-4004024444\"><div class=\"elmet-adlabel\">Anuncios<\/div><div style=\"margin-top: 20px;margin-right: 20px;margin-bottom: 20px;margin-left: 20px;\" id=\"elmet-3135094211\"><a href=\"https:\/\/www.facebook.com\/arrincuanantigua\/\" aria-label=\"cintillo-arrin-cual\"><img loading=\"lazy\" decoding=\"async\" src=\"https:\/\/elmetropolitano.com.gt\/es\/wp-content\/uploads\/2021\/11\/cintillo-arrin-cual-1.jpg\" alt=\"\"  srcset=\"https:\/\/elmetropolitano.com.gt\/es\/wp-content\/uploads\/2021\/11\/cintillo-arrin-cual-1.jpg 750w, https:\/\/elmetropolitano.com.gt\/es\/wp-content\/uploads\/2021\/11\/cintillo-arrin-cual-1-300x36.jpg 300w, https:\/\/elmetropolitano.com.gt\/es\/wp-content\/uploads\/2021\/11\/cintillo-arrin-cual-1-600x72.jpg 600w\" sizes=\"(max-width: 750px) 100vw, 750px\" width=\"750\" height=\"90\"   \/><\/a><\/div><\/div>\n\n\n\n<p>\u201cEstamos cumpliendo con la Ley al elegir a nuestro candidato a alcalde por Guastatoya, Belismel es un gran l\u00edder quien seguira con sus jornadas de afiliaci\u00f3n ya vendr\u00e1 el tiempo de campa\u00f1a para hacer sus propuestas a los vecinos\u201dexpres\u00f3 el coordinador departamental Cupertino Ramos<\/p>\n\n\n\n<p>Integrantes al Concejo Municipal:<\/p>\n\n\n\n<p>Alcalde Belismel Pantaleon Oliva.<\/p>\n\n\n\n<p>Sindico 1 luis Alfredo Garc\u00eda<\/p>\n\n\n\n<p>Sindico 2 Fidel contreras Moscoso<\/p>\n\n\n\n<p>Sindico Suplente Anronio Palencia<\/p>\n\n\n\n<p>Consejal 1 Jose Fernando Ramos Enrique<\/p>\n\n\n\n<p>Concejal 2 Demetrio Eladimir Ramos Juarez<\/p>\n\n\n\n<p>Concejal 3 Alan Romilio Morales Agustin<\/p>\n\n\n\n<p>Concejal 4 Ismael Garc\u00eda Juarez<\/p>\n\n\n\n<p>Concejal 5 Harrizon Steven Arroyo Morales.<\/p>\n\n\n\n<p>Concejal 1 Nolfhert Josue Garc\u00eda Pic\u00f3n<\/p>\n\n\n\n<p><a href=\"https:\/\/www.facebook.com\/hashtag\/partidoazul?__cft__[0]=AZbvy7r8FI2DfpcsIrgxwK7VDZIv-O2zFG50XtPN92wI_o7ESgYlI8K4OWZNCKEQfubWvNuR8p77oDfD8GIzktP1tcI1Q99MgxYa-MQ6fhOCdXCV5A4O2auaY_wxoGAH7IO7ic1l8O-bOx_Z7maakPAZIqJNN4PEht9AWAMay1fTmFukpcoNYRkSSb0W9aKC01g&amp;__tn__=*NK-R\">#PartidoAzul<\/a><a href=\"https:\/\/www.facebook.com\/hashtag\/guastatoyaelprogreso?__cft__[0]=AZbvy7r8FI2DfpcsIrgxwK7VDZIv-O2zFG50XtPN92wI_o7ESgYlI8K4OWZNCKEQfubWvNuR8p77oDfD8GIzktP1tcI1Q99MgxYa-MQ6fhOCdXCV5A4O2auaY_wxoGAH7IO7ic1l8O-bOx_Z7maakPAZIqJNN4PEht9AWAMay1fTmFukpcoNYRkSSb0W9aKC01g&amp;__tn__=*NK-R\">#GuastatoyaElProgreso<\/a><a href=\"https:\/\/www.facebook.com\/hashtag\/afiliate?__cft__[0]=AZbvy7r8FI2DfpcsIrgxwK7VDZIv-O2zFG50XtPN92wI_o7ESgYlI8K4OWZNCKEQfubWvNuR8p77oDfD8GIzktP1tcI1Q99MgxYa-MQ6fhOCdXCV5A4O2auaY_wxoGAH7IO7ic1l8O-bOx_Z7maakPAZIqJNN4PEht9AWAMay1fTmFukpcoNYRkSSb0W9aKC01g&amp;__tn__=*NK-R\">#Afiliate<\/a><a href=\"https:\/\/www.facebook.com\/hashtag\/metroredes?__cft__[0]=AZbvy7r8FI2DfpcsIrgxwK7VDZIv-O2zFG50XtPN92wI_o7ESgYlI8K4OWZNCKEQfubWvNuR8p77oDfD8GIzktP1tcI1Q99MgxYa-MQ6fhOCdXCV5A4O2auaY_wxoGAH7IO7ic1l8O-bOx_Z7maakPAZIqJNN4PEht9AWAMay1fTmFukpcoNYRkSSb0W9aKC01g&amp;__tn__=*NK-R\">#Metroredes<\/a><a href=\"https:\/\/www.facebook.com\/hashtag\/a%C3%B1opreelectoral?__cft__[0]=AZbvy7r8FI2DfpcsIrgxwK7VDZIv-O2zFG50XtPN92wI_o7ESgYlI8K4OWZNCKEQfubWvNuR8p77oDfD8GIzktP1tcI1Q99MgxYa-MQ6fhOCdXCV5A4O2auaY_wxoGAH7IO7ic1l8O-bOx_Z7maakPAZIqJNN4PEht9AWAMay1fTmFukpcoNYRkSSb0W9aKC01g&amp;__tn__=*NK-R\">#A\u00f1oPreelectora<\/a><\/p>\n\n\n\n<figure class=\"wp-block-gallery has-nested-images columns-default is-cropped wp-block-gallery-1 is-layout-flex wp-block-gallery-is-layout-flex\">\n<figure class=\"wp-block-image size-large\"><img loading=\"lazy\" decoding=\"async\" width=\"768\" height=\"1024\" data-id=\"135469\" src=\"https:\/\/elmetropolitano.com.gt\/es\/wp-content\/uploads\/2026\/08\/788259423_1644600710999339_193935641156383116_n-768x1024.jpg\" alt=\"\" class=\"wp-image-135469\" srcset=\"https:\/\/elmetropolitano.com.gt\/es\/wp-content\/uploads\/2026\/08\/788259423_1644600710999339_193935641156383116_n-768x1024.jpg 768w, https:\/\/elmetropolitano.com.gt\/es\/wp-content\/uploads\/2026\/08\/788259423_1644600710999339_193935641156383116_n-225x300.jpg 225w, https:\/\/elmetropolitano.com.gt\/es\/wp-content\/uploads\/2026\/08\/788259423_1644600710999339_193935641156383116_n-1152x1536.jpg 1152w, https:\/\/elmetropolitano.com.gt\/es\/wp-content\/uploads\/2026\/08\/788259423_1644600710999339_193935641156383116_n.jpg 1200w\" sizes=\"auto, (max-width: 768px) 100vw, 768px\" \/><\/figure>\n\n\n\n<figure class=\"wp-block-image size-large\"><img loading=\"lazy\" decoding=\"async\" width=\"771\" height=\"1024\" data-id=\"135471\" src=\"https:\/\/elmetropolitano.com.gt\/es\/wp-content\/uploads\/2026\/08\/788304067_1644600724332671_974210268230974423_n-771x1024.jpg\" alt=\"\" class=\"wp-image-135471\" srcset=\"https:\/\/elmetropolitano.com.gt\/es\/wp-content\/uploads\/2026\/08\/788304067_1644600724332671_974210268230974423_n-771x1024.jpg 771w, https:\/\/elmetropolitano.com.gt\/es\/wp-content\/uploads\/2026\/08\/788304067_1644600724332671_974210268230974423_n-226x300.jpg 226w, https:\/\/elmetropolitano.com.gt\/es\/wp-content\/uploads\/2026\/08\/788304067_1644600724332671_974210268230974423_n-768x1021.jpg 768w, https:\/\/elmetropolitano.com.gt\/es\/wp-content\/uploads\/2026\/08\/788304067_1644600724332671_974210268230974423_n-1156x1536.jpg 1156w, https:\/\/elmetropolitano.com.gt\/es\/wp-content\/uploads\/2026\/08\/788304067_1644600724332671_974210268230974423_n.jpg 1204w\" sizes=\"auto, (max-width: 771px) 100vw, 771px\" \/><\/figure>\n\n\n\n<figure class=\"wp-block-image size-large\"><img loading=\"lazy\" decoding=\"async\" width=\"771\" height=\"1024\" data-id=\"135470\" src=\"https:\/\/elmetropolitano.com.gt\/es\/wp-content\/uploads\/2026\/08\/790756356_1644600774332666_5901464867238179176_n-771x1024.jpg\" alt=\"\" class=\"wp-image-135470\" srcset=\"https:\/\/elmetropolitano.com.gt\/es\/wp-content\/uploads\/2026\/08\/790756356_1644600774332666_5901464867238179176_n-771x1024.jpg 771w, https:\/\/elmetropolitano.com.gt\/es\/wp-content\/uploads\/2026\/08\/790756356_1644600774332666_5901464867238179176_n-226x300.jpg 226w, https:\/\/elmetropolitano.com.gt\/es\/wp-content\/uploads\/2026\/08\/790756356_1644600774332666_5901464867238179176_n-768x1021.jpg 768w, https:\/\/elmetropolitano.com.gt\/es\/wp-content\/uploads\/2026\/08\/790756356_1644600774332666_5901464867238179176_n-1156x1536.jpg 1156w, https:\/\/elmetropolitano.com.gt\/es\/wp-content\/uploads\/2026\/08\/790756356_1644600774332666_5901464867238179176_n.jpg 1204w\" sizes=\"auto, (max-width: 771px) 100vw, 771px\" \/><\/figure>\n\n\n\n<figure class=\"wp-block-image size-large\"><img loading=\"lazy\" decoding=\"async\" width=\"1024\" height=\"768\" data-id=\"135472\" src=\"https:\/\/elmetropolitano.com.gt\/es\/wp-content\/uploads\/2026\/08\/790791883_1644600704332673_8210677967879462792_n-1-1024x768.jpg\" alt=\"\" class=\"wp-image-135472\" srcset=\"https:\/\/elmetropolitano.com.gt\/es\/wp-content\/uploads\/2026\/08\/790791883_1644600704332673_8210677967879462792_n-1-1024x768.jpg 1024w, https:\/\/elmetropolitano.com.gt\/es\/wp-content\/uploads\/2026\/08\/790791883_1644600704332673_8210677967879462792_n-1-300x225.jpg 300w, https:\/\/elmetropolitano.com.gt\/es\/wp-content\/uploads\/2026\/08\/790791883_1644600704332673_8210677967879462792_n-1-768x576.jpg 768w, https:\/\/elmetropolitano.com.gt\/es\/wp-content\/uploads\/2026\/08\/790791883_1644600704332673_8210677967879462792_n-1-1536x1152.jpg 1536w, https:\/\/elmetropolitano.com.gt\/es\/wp-content\/uploads\/2026\/08\/790791883_1644600704332673_8210677967879462792_n-1.jpg 1600w\" sizes=\"auto, (max-width: 1024px) 100vw, 1024px\" \/><\/figure>\n<\/figure>\n","protected":false},"excerpt":{"rendered":"<p>Las bases del Partido Azul eligieron este fin de semana a Belismel Pantaleon Oliva como su candidato a alcalde por el municipio de Guastatoya El Progreso La actividad se desarroll\u00f3 con la presencia del Precandidato Presidencial el economista Giovanni Reyes Ortiz y el secretario General diputado Jorge Mario Villagr\u00e1n \u00c1lvarez as\u00ed como el Coordinador del <a class=\"read-more\" href=\"https:\/\/elmetropolitano.com.gt\/es\/belismel-oliva-es-el-candidato-a-alcalde-de-guastatoya-el-progreso-por-el-partido-azul\/\">Leer m\u00e1s<\/a><\/p>\n","protected":false},"author":1,"featured_media":135468,"comment_status":"open","ping_status":"closed","sticky":false,"template":"","format":"standard","meta":{"footnotes":""},"categories":[2],"tags":[12],"class_list":["post-135467","post","type-post","status-publish","format-standard","has-post-thumbnail","hentry","category-nacionales","tag-nacionales"],"_links":{"self":[{"href":"https:\/\/elmetropolitano.com.gt\/es\/wp-json\/wp\/v2\/posts\/135467","targetHints":{"allow":["GET"]}}],"collection":[{"href":"https:\/\/elmetropolitano.com.gt\/es\/wp-json\/wp\/v2\/posts"}],"about":[{"href":"https:\/\/elmetropolitano.com.gt\/es\/wp-json\/wp\/v2\/types\/post"}],"author":[{"embeddable":true,"href":"https:\/\/elmetropolitano.com.gt\/es\/wp-json\/wp\/v2\/users\/1"}],"replies":[{"embeddable":true,"href":"https:\/\/elmetropolitano.com.gt\/es\/wp-json\/wp\/v2\/comments?post=135467"}],"version-history":[{"count":1,"href":"https:\/\/elmetropolitano.com.gt\/es\/wp-json\/wp\/v2\/posts\/135467\/revisions"}],"predecessor-version":[{"id":135473,"href":"https:\/\/elmetropolitano.com.gt\/es\/wp-json\/wp\/v2\/posts\/135467\/revisions\/135473"}],"wp:featuredmedia":[{"embeddable":true,"href":"https:\/\/elmetropolitano.com.gt\/es\/wp-json\/wp\/v2\/media\/135468"}],"wp:attachment":[{"href":"https:\/\/elmetropolitano.com.gt\/es\/wp-json\/wp\/v2\/media?parent=135467"}],"wp:term":[{"taxonomy":"category","embeddable":true,"href":"https:\/\/elmetropolitano.com.gt\/es\/wp-json\/wp\/v2\/categories?post=135467"},{"taxonomy":"post_tag","embeddable":true,"href":"https:\/\/elmetropolitano.com.gt\/es\/wp-json\/wp\/v2\/tags?post=135467"}],"curies":[{"name":"wp","href":"https:\/\/api.w.org\/{rel}","templated":true}]}}