{"id":135481,"date":"2026-08-30T16:31:20","date_gmt":"2026-08-30T22:31:20","guid":{"rendered":"https:\/\/elmetropolitano.com.gt\/es\/?p=135481"},"modified":"2026-08-30T16:31:21","modified_gmt":"2026-08-30T22:31:21","slug":"el-cambio-llego-a-san-marcos","status":"publish","type":"post","link":"https:\/\/elmetropolitano.com.gt\/es\/el-cambio-llego-a-san-marcos\/","title":{"rendered":"El Cambio lleg\u00f3 a San Marcos"},"content":{"rendered":"\n<p>El precandidato Presidencial del Partido Cambio Isaac Farchi sostuvo una reuni\u00f3n de capacitaci\u00f3n con los l\u00edderes de varios municipios de San Marcos para fortalecer el trabajo pol\u00edtico de aqu\u00ed a las elecciones del 2027.<\/p>\n\n\n\n<p>El evento fue organizado por el coordinador departamental del Partido Cambio en San Marcos Eliseo Ch\u00e1vez quien expreso que \u201caqu\u00ed la organizaci\u00f3n pol\u00edtica est\u00e1 fortalecida y cada d\u00eda se suman m\u00e1s liderazgos que quieren un cambio para su municipio y San Marcos\u201d<\/p><div class=\"elmet-contenido\" id=\"elmet-2818568847\"><div class=\"elmet-adlabel\">Anuncios<\/div><div style=\"margin-top: 20px;margin-right: 20px;margin-bottom: 20px;margin-left: 20px;\" id=\"elmet-525738560\"><a href=\"https:\/\/www.facebook.com\/arrincuanantigua\/\" aria-label=\"cintillo-arrin-cual\"><img loading=\"lazy\" decoding=\"async\" src=\"https:\/\/elmetropolitano.com.gt\/es\/wp-content\/uploads\/2021\/11\/cintillo-arrin-cual-1.jpg\" alt=\"\"  srcset=\"https:\/\/elmetropolitano.com.gt\/es\/wp-content\/uploads\/2021\/11\/cintillo-arrin-cual-1.jpg 750w, https:\/\/elmetropolitano.com.gt\/es\/wp-content\/uploads\/2021\/11\/cintillo-arrin-cual-1-300x36.jpg 300w, https:\/\/elmetropolitano.com.gt\/es\/wp-content\/uploads\/2021\/11\/cintillo-arrin-cual-1-600x72.jpg 600w\" sizes=\"(max-width: 750px) 100vw, 750px\" width=\"750\" height=\"90\"   \/><\/a><\/div><\/div>\n\n\n\n<p>Durante la reuni\u00f3n de varias horas los coordinadores municipales expusieron sus inquietudes a los l\u00edderes del Partido Cambio<\/p>\n\n\n\n<p>En su intervenci\u00f3n Isaac Farchi Sult\u00e1n exhort\u00f3 a los coordinadores municipales a intensificar el trabajo en estos d\u00edas con la afiliaci\u00f3n y la preparaci\u00f3n de las asambleas de postulaci\u00f3n de candidatos a las diferentes corporaciones municipales.<\/p>\n\n\n\n<p>Ellos son algunos de los coordinadores:<\/p>\n\n\n\n<p>-El Tumbador &#8211; Jeferson Fernando Morales<\/p>\n\n\n\n<p>-Nuevo Progreso &#8211; Luis Dagoberto Barrios Juarez<\/p>\n\n\n\n<p>-Malacat\u00e1n &#8211; Victor Manuel Ram\u00edrez P\u00e9rez<\/p>\n\n\n\n<p>Tajumulco &#8211; Filiberto L\u00f3pez<\/p>\n\n\n\n<p>-Ixchigu\u00e1n &#8211; Procopio Juventino Garc\u00eda Juarez<\/p>\n\n\n\n<p>-San Pedro Sacatep\u00e9quez &#8211; Henry Castro<\/p>\n\n\n\n<p>-San Cristobal Cucho &#8211; Aramis Gabriel Bravo Vel\u00e1squez<\/p>\n\n\n\n<p>-San Lorenzo &#8211; Josue Tema<\/p>\n\n\n\n<p>-San Pablo &#8211; Branli Abigail P\u00e9rez<\/p>\n\n\n\n<p>-San Miguel Ixtaguacan- Jerem\u00edas Gonz\u00e1lez<\/p>\n\n\n\n<p><a href=\"https:\/\/www.facebook.com\/hashtag\/partidocambio?__cft__[0]=AZZDKShC6FAdlQb_bXqYcgIGIUhh8dKV1-AFoNCDXoRnLjVXPwqrb0vPaidacfjMIwi8KMv3rhgVJOaRej1U83Fde92BCTN1KDLtHcuw28PaHgQICfRE5t5i8htxZcgh1Bs-KEnRn2GVthMsE0ZDz0fdRveHBJyU38cqXzbdjI_00eJySOY3gQK6hC6u9cm0e5c&amp;__tn__=*NK-R\">#PartidoCambio<\/a><a href=\"https:\/\/www.facebook.com\/hashtag\/sanmarcos?__cft__[0]=AZZDKShC6FAdlQb_bXqYcgIGIUhh8dKV1-AFoNCDXoRnLjVXPwqrb0vPaidacfjMIwi8KMv3rhgVJOaRej1U83Fde92BCTN1KDLtHcuw28PaHgQICfRE5t5i8htxZcgh1Bs-KEnRn2GVthMsE0ZDz0fdRveHBJyU38cqXzbdjI_00eJySOY3gQK6hC6u9cm0e5c&amp;__tn__=*NK-R\">#SanMarcos<\/a><a href=\"https:\/\/www.facebook.com\/hashtag\/a%C3%B1opreelectoral?__cft__[0]=AZZDKShC6FAdlQb_bXqYcgIGIUhh8dKV1-AFoNCDXoRnLjVXPwqrb0vPaidacfjMIwi8KMv3rhgVJOaRej1U83Fde92BCTN1KDLtHcuw28PaHgQICfRE5t5i8htxZcgh1Bs-KEnRn2GVthMsE0ZDz0fdRveHBJyU38cqXzbdjI_00eJySOY3gQK6hC6u9cm0e5c&amp;__tn__=*NK-R\">#A\u00f1oPreelectoral<\/a><a href=\"https:\/\/www.facebook.com\/hashtag\/elecciones2027?__cft__[0]=AZZDKShC6FAdlQb_bXqYcgIGIUhh8dKV1-AFoNCDXoRnLjVXPwqrb0vPaidacfjMIwi8KMv3rhgVJOaRej1U83Fde92BCTN1KDLtHcuw28PaHgQICfRE5t5i8htxZcgh1Bs-KEnRn2GVthMsE0ZDz0fdRveHBJyU38cqXzbdjI_00eJySOY3gQK6hC6u9cm0e5c&amp;__tn__=*NK-R\">#Elecciones2027<\/a><\/p>\n\n\n\n<figure class=\"wp-block-gallery has-nested-images columns-default is-cropped wp-block-gallery-1 is-layout-flex wp-block-gallery-is-layout-flex\">\n<figure class=\"wp-block-image size-large\"><img loading=\"lazy\" decoding=\"async\" width=\"1024\" height=\"478\" data-id=\"135486\" src=\"https:\/\/elmetropolitano.com.gt\/es\/wp-content\/uploads\/2026\/08\/788964046_1644947657631311_4908797806017897072_n-1024x478.jpg\" alt=\"\" class=\"wp-image-135486\" srcset=\"https:\/\/elmetropolitano.com.gt\/es\/wp-content\/uploads\/2026\/08\/788964046_1644947657631311_4908797806017897072_n-1024x478.jpg 1024w, https:\/\/elmetropolitano.com.gt\/es\/wp-content\/uploads\/2026\/08\/788964046_1644947657631311_4908797806017897072_n-300x140.jpg 300w, https:\/\/elmetropolitano.com.gt\/es\/wp-content\/uploads\/2026\/08\/788964046_1644947657631311_4908797806017897072_n-768x359.jpg 768w, https:\/\/elmetropolitano.com.gt\/es\/wp-content\/uploads\/2026\/08\/788964046_1644947657631311_4908797806017897072_n.jpg 1280w\" sizes=\"auto, (max-width: 1024px) 100vw, 1024px\" \/><\/figure>\n\n\n\n<figure class=\"wp-block-image size-large\"><img loading=\"lazy\" decoding=\"async\" width=\"1024\" height=\"479\" data-id=\"135483\" src=\"https:\/\/elmetropolitano.com.gt\/es\/wp-content\/uploads\/2026\/08\/789109556_1644947720964638_7254101561427135195_n-1024x479.jpg\" alt=\"\" class=\"wp-image-135483\" srcset=\"https:\/\/elmetropolitano.com.gt\/es\/wp-content\/uploads\/2026\/08\/789109556_1644947720964638_7254101561427135195_n-1024x479.jpg 1024w, https:\/\/elmetropolitano.com.gt\/es\/wp-content\/uploads\/2026\/08\/789109556_1644947720964638_7254101561427135195_n-300x140.jpg 300w, https:\/\/elmetropolitano.com.gt\/es\/wp-content\/uploads\/2026\/08\/789109556_1644947720964638_7254101561427135195_n-768x359.jpg 768w, https:\/\/elmetropolitano.com.gt\/es\/wp-content\/uploads\/2026\/08\/789109556_1644947720964638_7254101561427135195_n-1536x718.jpg 1536w, https:\/\/elmetropolitano.com.gt\/es\/wp-content\/uploads\/2026\/08\/789109556_1644947720964638_7254101561427135195_n.jpg 1600w\" sizes=\"auto, (max-width: 1024px) 100vw, 1024px\" \/><\/figure>\n\n\n\n<figure class=\"wp-block-image size-large\"><img loading=\"lazy\" decoding=\"async\" width=\"1024\" height=\"479\" data-id=\"135485\" src=\"https:\/\/elmetropolitano.com.gt\/es\/wp-content\/uploads\/2026\/08\/789564168_1644947640964646_3690461246536142467_n-1-1024x479.jpg\" alt=\"\" class=\"wp-image-135485\" srcset=\"https:\/\/elmetropolitano.com.gt\/es\/wp-content\/uploads\/2026\/08\/789564168_1644947640964646_3690461246536142467_n-1-1024x479.jpg 1024w, https:\/\/elmetropolitano.com.gt\/es\/wp-content\/uploads\/2026\/08\/789564168_1644947640964646_3690461246536142467_n-1-300x140.jpg 300w, https:\/\/elmetropolitano.com.gt\/es\/wp-content\/uploads\/2026\/08\/789564168_1644947640964646_3690461246536142467_n-1-768x359.jpg 768w, https:\/\/elmetropolitano.com.gt\/es\/wp-content\/uploads\/2026\/08\/789564168_1644947640964646_3690461246536142467_n-1-1536x718.jpg 1536w, https:\/\/elmetropolitano.com.gt\/es\/wp-content\/uploads\/2026\/08\/789564168_1644947640964646_3690461246536142467_n-1.jpg 1600w\" sizes=\"auto, (max-width: 1024px) 100vw, 1024px\" \/><\/figure>\n\n\n\n<figure class=\"wp-block-image size-large\"><img loading=\"lazy\" decoding=\"async\" width=\"478\" height=\"1024\" data-id=\"135484\" src=\"https:\/\/elmetropolitano.com.gt\/es\/wp-content\/uploads\/2026\/08\/790505731_1644947694297974_4210067238235679807_n-478x1024.jpg\" alt=\"\" class=\"wp-image-135484\" srcset=\"https:\/\/elmetropolitano.com.gt\/es\/wp-content\/uploads\/2026\/08\/790505731_1644947694297974_4210067238235679807_n-478x1024.jpg 478w, https:\/\/elmetropolitano.com.gt\/es\/wp-content\/uploads\/2026\/08\/790505731_1644947694297974_4210067238235679807_n-140x300.jpg 140w, https:\/\/elmetropolitano.com.gt\/es\/wp-content\/uploads\/2026\/08\/790505731_1644947694297974_4210067238235679807_n.jpg 598w\" sizes=\"auto, (max-width: 478px) 100vw, 478px\" \/><\/figure>\n\n\n\n<figure class=\"wp-block-image size-large\"><img loading=\"lazy\" decoding=\"async\" width=\"1024\" height=\"768\" data-id=\"135487\" src=\"https:\/\/elmetropolitano.com.gt\/es\/wp-content\/uploads\/2026\/08\/790993648_1644947684297975_2618316463667066787_n-1024x768.jpg\" alt=\"\" class=\"wp-image-135487\" srcset=\"https:\/\/elmetropolitano.com.gt\/es\/wp-content\/uploads\/2026\/08\/790993648_1644947684297975_2618316463667066787_n-1024x768.jpg 1024w, https:\/\/elmetropolitano.com.gt\/es\/wp-content\/uploads\/2026\/08\/790993648_1644947684297975_2618316463667066787_n-300x225.jpg 300w, https:\/\/elmetropolitano.com.gt\/es\/wp-content\/uploads\/2026\/08\/790993648_1644947684297975_2618316463667066787_n-768x576.jpg 768w, https:\/\/elmetropolitano.com.gt\/es\/wp-content\/uploads\/2026\/08\/790993648_1644947684297975_2618316463667066787_n-1536x1152.jpg 1536w, https:\/\/elmetropolitano.com.gt\/es\/wp-content\/uploads\/2026\/08\/790993648_1644947684297975_2618316463667066787_n.jpg 1600w\" sizes=\"auto, (max-width: 1024px) 100vw, 1024px\" \/><\/figure>\n<\/figure>\n","protected":false},"excerpt":{"rendered":"<p>El precandidato Presidencial del Partido Cambio Isaac Farchi sostuvo una reuni\u00f3n de capacitaci\u00f3n con los l\u00edderes de varios municipios de San Marcos para fortalecer el trabajo pol\u00edtico de aqu\u00ed a las elecciones del 2027. El evento fue organizado por el coordinador departamental del Partido Cambio en San Marcos Eliseo Ch\u00e1vez quien expreso que \u201caqu\u00ed la <a class=\"read-more\" href=\"https:\/\/elmetropolitano.com.gt\/es\/el-cambio-llego-a-san-marcos\/\">Leer m\u00e1s<\/a><\/p>\n","protected":false},"author":1,"featured_media":135482,"comment_status":"open","ping_status":"closed","sticky":false,"template":"","format":"standard","meta":{"footnotes":""},"categories":[4],"tags":[13],"class_list":["post-135481","post","type-post","status-publish","format-standard","has-post-thumbnail","hentry","category-departamentales","tag-departamentales"],"_links":{"self":[{"href":"https:\/\/elmetropolitano.com.gt\/es\/wp-json\/wp\/v2\/posts\/135481","targetHints":{"allow":["GET"]}}],"collection":[{"href":"https:\/\/elmetropolitano.com.gt\/es\/wp-json\/wp\/v2\/posts"}],"about":[{"href":"https:\/\/elmetropolitano.com.gt\/es\/wp-json\/wp\/v2\/types\/post"}],"author":[{"embeddable":true,"href":"https:\/\/elmetropolitano.com.gt\/es\/wp-json\/wp\/v2\/users\/1"}],"replies":[{"embeddable":true,"href":"https:\/\/elmetropolitano.com.gt\/es\/wp-json\/wp\/v2\/comments?post=135481"}],"version-history":[{"count":1,"href":"https:\/\/elmetropolitano.com.gt\/es\/wp-json\/wp\/v2\/posts\/135481\/revisions"}],"predecessor-version":[{"id":135488,"href":"https:\/\/elmetropolitano.com.gt\/es\/wp-json\/wp\/v2\/posts\/135481\/revisions\/135488"}],"wp:featuredmedia":[{"embeddable":true,"href":"https:\/\/elmetropolitano.com.gt\/es\/wp-json\/wp\/v2\/media\/135482"}],"wp:attachment":[{"href":"https:\/\/elmetropolitano.com.gt\/es\/wp-json\/wp\/v2\/media?parent=135481"}],"wp:term":[{"taxonomy":"category","embeddable":true,"href":"https:\/\/elmetropolitano.com.gt\/es\/wp-json\/wp\/v2\/categories?post=135481"},{"taxonomy":"post_tag","embeddable":true,"href":"https:\/\/elmetropolitano.com.gt\/es\/wp-json\/wp\/v2\/tags?post=135481"}],"curies":[{"name":"wp","href":"https:\/\/api.w.org\/{rel}","templated":true}]}}