{"id":135501,"date":"2026-08-30T17:05:53","date_gmt":"2026-08-30T23:05:53","guid":{"rendered":"https:\/\/elmetropolitano.com.gt\/es\/?p=135501"},"modified":"2026-08-30T17:05:54","modified_gmt":"2026-08-30T23:05:54","slug":"con-dos-titulos-en-el-bolsillo-hino-one-la-red-suzuki-busca-el-tricampeonato-en-honduras","status":"publish","type":"post","link":"https:\/\/elmetropolitano.com.gt\/es\/con-dos-titulos-en-el-bolsillo-hino-one-la-red-suzuki-busca-el-tricampeonato-en-honduras\/","title":{"rendered":"\u00abCon dos t\u00edtulos en el bolsillo, Hino One La Red Suzuki busca el tricampeonato en Honduras\u00bb"},"content":{"rendered":"\n<p>El Team Hino-One La Red Suzuki ya viaja hacia Honduras. El equipo guatemalteco competir\u00e1 en la Vuelta a Honduras 2026, que arranca este 2 de septiembre y se extiende por cinco etapas hasta el 6 de septiembre. La escuadra llega como bicampeona defensora: gan\u00f3 la edici\u00f3n pasada con Yesid Pira y la anterior con Nicol\u00e1s Paredes, y ahora busca el tricampeonato.<\/p>\n\n\n\n<p>El objetivo es claro: sumar un tercer t\u00edtulo consecutivo en una carrera que se ha convertido en terreno conocido para el equipo. Cinco etapas separan al Team Hino-One La Red Suzuki de esa meta, y el mensaje del equipo apunta a repetir la f\u00f3rmula que le funcion\u00f3 en 2024 y 2025: control en la monta\u00f1a y trabajo en equipo para colocar a sus corredores en los primeros lugares de la general.<\/p><div class=\"elmet-contenido\" id=\"elmet-115728912\"><div class=\"elmet-adlabel\">Anuncios<\/div><div style=\"margin-top: 20px;margin-right: 20px;margin-bottom: 20px;margin-left: 20px;\" id=\"elmet-2309454799\"><a href=\"https:\/\/www.facebook.com\/arrincuanantigua\/\" aria-label=\"cintillo-arrin-cual\"><img loading=\"lazy\" decoding=\"async\" src=\"https:\/\/elmetropolitano.com.gt\/es\/wp-content\/uploads\/2021\/11\/cintillo-arrin-cual-1.jpg\" alt=\"\"  srcset=\"https:\/\/elmetropolitano.com.gt\/es\/wp-content\/uploads\/2021\/11\/cintillo-arrin-cual-1.jpg 750w, https:\/\/elmetropolitano.com.gt\/es\/wp-content\/uploads\/2021\/11\/cintillo-arrin-cual-1-300x36.jpg 300w, https:\/\/elmetropolitano.com.gt\/es\/wp-content\/uploads\/2021\/11\/cintillo-arrin-cual-1-600x72.jpg 600w\" sizes=\"(max-width: 750px) 100vw, 750px\" width=\"750\" height=\"90\"   \/><\/a><\/div><\/div>\n\n\n\n<p>Esta participaci\u00f3n llega adem\u00e1s en un momento especial para el club. En febrero de 2026, el Hino-One-La Red-Suzuki se convirti\u00f3 en el primer equipo continental UCI de Guatemala, tras m\u00e1s de dos d\u00e9cadas de trayectoria. La Vuelta a Honduras es, entonces, no solo la defensa de un t\u00edtulo, sino una de las primeras pruebas internacionales importantes del equipo bajo su nueva categor\u00eda continental aunque ya participaron en Colombia y Rep\u00fablica Dominicana, donde mostraron sus cualidades.<\/p>\n\n\n\n<p>Texto Mario Reyes<\/p>\n\n\n\n<p>#TeamHino #VueltaHonduras2026 #metroredes #elmetropolitanogt www.elmetropolitano.com.gt www.metroredes.com<\/p>\n\n\n\n<figure class=\"wp-block-gallery has-nested-images columns-default is-cropped wp-block-gallery-1 is-layout-flex wp-block-gallery-is-layout-flex\">\n<figure class=\"wp-block-image size-large\"><img loading=\"lazy\" decoding=\"async\" width=\"1024\" height=\"683\" data-id=\"135506\" src=\"https:\/\/elmetropolitano.com.gt\/es\/wp-content\/uploads\/2026\/08\/1-122-1024x683.jpg\" alt=\"\" class=\"wp-image-135506\" srcset=\"https:\/\/elmetropolitano.com.gt\/es\/wp-content\/uploads\/2026\/08\/1-122-1024x683.jpg 1024w, https:\/\/elmetropolitano.com.gt\/es\/wp-content\/uploads\/2026\/08\/1-122-300x200.jpg 300w, https:\/\/elmetropolitano.com.gt\/es\/wp-content\/uploads\/2026\/08\/1-122-768x512.jpg 768w, https:\/\/elmetropolitano.com.gt\/es\/wp-content\/uploads\/2026\/08\/1-122.jpg 1440w\" sizes=\"auto, (max-width: 1024px) 100vw, 1024px\" \/><\/figure>\n\n\n\n<figure class=\"wp-block-image size-large\"><img loading=\"lazy\" decoding=\"async\" width=\"1024\" height=\"681\" data-id=\"135504\" src=\"https:\/\/elmetropolitano.com.gt\/es\/wp-content\/uploads\/2026\/08\/2-61-1024x681.jpg\" alt=\"\" class=\"wp-image-135504\" srcset=\"https:\/\/elmetropolitano.com.gt\/es\/wp-content\/uploads\/2026\/08\/2-61-1024x681.jpg 1024w, https:\/\/elmetropolitano.com.gt\/es\/wp-content\/uploads\/2026\/08\/2-61-300x200.jpg 300w, https:\/\/elmetropolitano.com.gt\/es\/wp-content\/uploads\/2026\/08\/2-61-768x511.jpg 768w, https:\/\/elmetropolitano.com.gt\/es\/wp-content\/uploads\/2026\/08\/2-61.jpg 1440w\" sizes=\"auto, (max-width: 1024px) 100vw, 1024px\" \/><\/figure>\n\n\n\n<figure class=\"wp-block-image size-large\"><img loading=\"lazy\" decoding=\"async\" width=\"1024\" height=\"681\" data-id=\"135505\" src=\"https:\/\/elmetropolitano.com.gt\/es\/wp-content\/uploads\/2026\/08\/3-69-1024x681.jpg\" alt=\"\" class=\"wp-image-135505\" srcset=\"https:\/\/elmetropolitano.com.gt\/es\/wp-content\/uploads\/2026\/08\/3-69-1024x681.jpg 1024w, https:\/\/elmetropolitano.com.gt\/es\/wp-content\/uploads\/2026\/08\/3-69-300x200.jpg 300w, https:\/\/elmetropolitano.com.gt\/es\/wp-content\/uploads\/2026\/08\/3-69-768x511.jpg 768w, https:\/\/elmetropolitano.com.gt\/es\/wp-content\/uploads\/2026\/08\/3-69.jpg 1440w\" sizes=\"auto, (max-width: 1024px) 100vw, 1024px\" \/><\/figure>\n\n\n\n<figure class=\"wp-block-image size-large\"><img loading=\"lazy\" decoding=\"async\" width=\"1024\" height=\"681\" data-id=\"135503\" src=\"https:\/\/elmetropolitano.com.gt\/es\/wp-content\/uploads\/2026\/08\/4-38-1024x681.jpg\" alt=\"\" class=\"wp-image-135503\" srcset=\"https:\/\/elmetropolitano.com.gt\/es\/wp-content\/uploads\/2026\/08\/4-38-1024x681.jpg 1024w, https:\/\/elmetropolitano.com.gt\/es\/wp-content\/uploads\/2026\/08\/4-38-300x200.jpg 300w, https:\/\/elmetropolitano.com.gt\/es\/wp-content\/uploads\/2026\/08\/4-38-768x511.jpg 768w, https:\/\/elmetropolitano.com.gt\/es\/wp-content\/uploads\/2026\/08\/4-38.jpg 1440w\" sizes=\"auto, (max-width: 1024px) 100vw, 1024px\" \/><\/figure>\n<\/figure>\n","protected":false},"excerpt":{"rendered":"<p>El Team Hino-One La Red Suzuki ya viaja hacia Honduras. El equipo guatemalteco competir\u00e1 en la Vuelta a Honduras 2026, que arranca este 2 de septiembre y se extiende por cinco etapas hasta el 6 de septiembre. La escuadra llega como bicampeona defensora: gan\u00f3 la edici\u00f3n pasada con Yesid Pira y la anterior con Nicol\u00e1s <a class=\"read-more\" href=\"https:\/\/elmetropolitano.com.gt\/es\/con-dos-titulos-en-el-bolsillo-hino-one-la-red-suzuki-busca-el-tricampeonato-en-honduras\/\">Leer m\u00e1s<\/a><\/p>\n","protected":false},"author":1,"featured_media":135502,"comment_status":"open","ping_status":"closed","sticky":false,"template":"","format":"standard","meta":{"footnotes":""},"categories":[43],"tags":[44],"class_list":["post-135501","post","type-post","status-publish","format-standard","has-post-thumbnail","hentry","category-deportes","tag-deportes"],"_links":{"self":[{"href":"https:\/\/elmetropolitano.com.gt\/es\/wp-json\/wp\/v2\/posts\/135501","targetHints":{"allow":["GET"]}}],"collection":[{"href":"https:\/\/elmetropolitano.com.gt\/es\/wp-json\/wp\/v2\/posts"}],"about":[{"href":"https:\/\/elmetropolitano.com.gt\/es\/wp-json\/wp\/v2\/types\/post"}],"author":[{"embeddable":true,"href":"https:\/\/elmetropolitano.com.gt\/es\/wp-json\/wp\/v2\/users\/1"}],"replies":[{"embeddable":true,"href":"https:\/\/elmetropolitano.com.gt\/es\/wp-json\/wp\/v2\/comments?post=135501"}],"version-history":[{"count":1,"href":"https:\/\/elmetropolitano.com.gt\/es\/wp-json\/wp\/v2\/posts\/135501\/revisions"}],"predecessor-version":[{"id":135507,"href":"https:\/\/elmetropolitano.com.gt\/es\/wp-json\/wp\/v2\/posts\/135501\/revisions\/135507"}],"wp:featuredmedia":[{"embeddable":true,"href":"https:\/\/elmetropolitano.com.gt\/es\/wp-json\/wp\/v2\/media\/135502"}],"wp:attachment":[{"href":"https:\/\/elmetropolitano.com.gt\/es\/wp-json\/wp\/v2\/media?parent=135501"}],"wp:term":[{"taxonomy":"category","embeddable":true,"href":"https:\/\/elmetropolitano.com.gt\/es\/wp-json\/wp\/v2\/categories?post=135501"},{"taxonomy":"post_tag","embeddable":true,"href":"https:\/\/elmetropolitano.com.gt\/es\/wp-json\/wp\/v2\/tags?post=135501"}],"curies":[{"name":"wp","href":"https:\/\/api.w.org\/{rel}","templated":true}]}}