{"id":135508,"date":"2026-08-31T11:54:48","date_gmt":"2026-08-31T17:54:48","guid":{"rendered":"https:\/\/elmetropolitano.com.gt\/es\/?p=135508"},"modified":"2026-08-31T11:54:49","modified_gmt":"2026-08-31T17:54:49","slug":"camara-del-agro-exige-un-alto-a-los-bloqueos-y-advierte-sobre-riesgos-a-la-seguridad-alimentaria","status":"publish","type":"post","link":"https:\/\/elmetropolitano.com.gt\/es\/camara-del-agro-exige-un-alto-a-los-bloqueos-y-advierte-sobre-riesgos-a-la-seguridad-alimentaria\/","title":{"rendered":"C\u00e1mara del Agro exige un alto a los bloqueos y advierte sobre riesgos a la seguridad alimentaria"},"content":{"rendered":"\n<p>La C\u00e1mara del Agro de Guatemala expres\u00f3 su rotundo rechazo a los bloqueos de carreteras registrados en distintos puntos del territorio nacional, exigiendo el cese inmediato de estas medidas de hecho. A trav\u00e9s de un comunicado oficial bajo la consigna \u00abBasta ya de bloqueos\u00bb, la entidad gremial hizo un llamado urgente al presidente de la Rep\u00fablica, al Ministerio de Gobernaci\u00f3n y a la Polic\u00eda Nacional Civil (PNC) para que garanticen la libre locomoci\u00f3n y el derecho al trabajo, subrayando que la mayor\u00eda de los guatemaltecos madruga diariamente para producir y llevar el sustento a sus familias.<\/p>\n\n\n\n<p>El sector agr\u00edcola advirti\u00f3 sobre las graves consecuencias que estas interrupciones generan en la cadena de suministros y en la econom\u00eda nacional. La paralizaci\u00f3n de las v\u00edas pone en inminente riesgo el abastecimiento y la distribuci\u00f3n de alimentos e insumos esenciales, una situaci\u00f3n que afecta directamente a miles de peque\u00f1os productores y trabajadores. Asimismo, la C\u00e1mara alert\u00f3 que las p\u00e9rdidas econ\u00f3micas derivadas de la retenci\u00f3n de productos agropecuarios constituyen una amenaza directa a la seguridad alimentaria del pa\u00eds.<\/p><div class=\"elmet-contenido\" id=\"elmet-60610981\"><div class=\"elmet-adlabel\">Anuncios<\/div><div style=\"margin-top: 20px;margin-right: 20px;margin-bottom: 20px;margin-left: 20px;\" id=\"elmet-1009500133\"><a href=\"https:\/\/www.facebook.com\/arrincuanantigua\/\" aria-label=\"cintillo-arrin-cual\"><img loading=\"lazy\" decoding=\"async\" src=\"https:\/\/elmetropolitano.com.gt\/es\/wp-content\/uploads\/2021\/11\/cintillo-arrin-cual-1.jpg\" alt=\"\"  srcset=\"https:\/\/elmetropolitano.com.gt\/es\/wp-content\/uploads\/2021\/11\/cintillo-arrin-cual-1.jpg 750w, https:\/\/elmetropolitano.com.gt\/es\/wp-content\/uploads\/2021\/11\/cintillo-arrin-cual-1-300x36.jpg 300w, https:\/\/elmetropolitano.com.gt\/es\/wp-content\/uploads\/2021\/11\/cintillo-arrin-cual-1-600x72.jpg 600w\" sizes=\"(max-width: 750px) 100vw, 750px\" width=\"750\" height=\"90\"   \/><\/a><\/div><\/div>\n\n\n\n<p>Frente a esta coyuntura, la instituci\u00f3n exigi\u00f3 a las autoridades cumplir con su mandato de mantener el orden p\u00fablico, recordando que la Corte de Constitucionalidad ha ordenado reiteradamente la protecci\u00f3n de las garant\u00edas constitucionales de todos los ciudadanos. El sector fue categ\u00f3rico al se\u00f1alar que ning\u00fan grupo que act\u00fae al margen de la ley debe coartar el libre tr\u00e1nsito, demandando que el Estado asegure no solo la libertad de industria y comercio, sino tambi\u00e9n el acceso ininterrumpido a servicios vitales como la salud y la educaci\u00f3n.<\/p>\n\n\n\n<p>Finalmente, la C\u00e1mara del Agro \u2014que respalda a cerca de 126 mil productores y opera en los 22 departamentos del pa\u00eds seg\u00fan detalla el documento \u00abc\u00e1mara del agro.\u00bb enfatiz\u00f3 que el leg\u00edtimo derecho a manifestar no puede ejercerse vulnerando los derechos de la mayor\u00eda de la poblaci\u00f3n. El pronunciamiento concluye reiterando la urgencia de priorizar el bienestar colectivo y permitir que las fuerzas productivas operen sin obst\u00e1culos, evitando as\u00ed una crisis social y econ\u00f3mica de mayores proporciones.<\/p>\n\n\n\n<p>Las peticiones de los transportistas<\/p>\n\n\n\n<p>Los bloqueos, seg\u00fan transportistas se debe a que exigen la intervenci\u00f3n del Ejecutivo y del Congreso para aplicar reducciones o subsidios directos que mitiguen el alto costo del gal\u00f3n de di\u00e9sel y otros carburantes.<\/p>\n\n\n\n<p>Se oponen a las normativas de la Ley para el Fortalecimiento de la Seguridad Vial, exigiendo que se elimine la obligatoriedad de instalar dispositivos mec\u00e1nicos para restringir la velocidad en las unidades de transporte pesado.<\/p>\n\n\n\n<p>Denuncian retrasos operativos, restricciones burocr\u00e1ticas y malos tratos constantes por parte de las autoridades en los recintos portuarios y en los pasos fronterizos del pa\u00eds y freno a la competencia desleal y mejores controles estatales frente a los transportistas de carga extranjeros que operan y compiten dentro del territorio guatemalteco en supuesta desventaja para los locales.<\/p>\n\n\n\n<p>Adem\u00e1s, rechazan la mezcla de etanol y a las regulaciones promovidas por el Ministerio de Energ\u00eda y Minas que establecen la obligatoriedad de mezclar etanol con los combustibles tradicionales.<\/p>\n\n\n\n<p>Bloqueos en ambos sentidos<\/p>\n\n\n\n<p>CA-1 OCCIDENTE<\/p>\n\n\n\n<p>Km 117: Las Trampas, Chichicastenango<\/p>\n\n\n\n<p>Km 129: Los Encuentros, Solol\u00e1<\/p>\n\n\n\n<p>Km 178: Nahual\u00e1, Solol\u00e1<\/p>\n\n\n\n<p>CA-2 OCCIDENTE<\/p>\n\n\n\n<p>Km 125: Ingreso a R\u00edo Bravo, Suchitep\u00e9quez<\/p>\n\n\n\n<p>Km 247: Crucero de La Virgen, Pajapita, San Marcos<\/p>\n\n\n\n<p>Km 278: Frontera El Carmen, San Marcos<\/p>\n\n\n\n<p>RD-PET-011<\/p>\n\n\n\n<p>Km 376: Las Pozas, Sayaxch\u00e9, Pet\u00e9n<\/p>\n\n\n\n<p>RN-01<\/p>\n\n\n\n<p>Km 188: San Crist\u00f3bal, Totonicap\u00e1n<\/p>\n\n\n\n<p>Texto Mario Reyes<\/p>\n\n\n\n<p>#metroredes #elmetropolitanogt www.elmetropolitano.com.gt www.metroredes.com www.elescuintleco.com<\/p>\n\n\n\n<figure class=\"wp-block-gallery has-nested-images columns-default is-cropped wp-block-gallery-1 is-layout-flex wp-block-gallery-is-layout-flex\">\n<figure class=\"wp-block-image size-large\"><img loading=\"lazy\" decoding=\"async\" width=\"510\" height=\"680\" data-id=\"135510\" src=\"https:\/\/elmetropolitano.com.gt\/es\/wp-content\/uploads\/2026\/08\/1-123.jpg\" alt=\"\" class=\"wp-image-135510\" srcset=\"https:\/\/elmetropolitano.com.gt\/es\/wp-content\/uploads\/2026\/08\/1-123.jpg 510w, https:\/\/elmetropolitano.com.gt\/es\/wp-content\/uploads\/2026\/08\/1-123-225x300.jpg 225w\" sizes=\"auto, (max-width: 510px) 100vw, 510px\" \/><\/figure>\n\n\n\n<figure class=\"wp-block-image size-large\"><img loading=\"lazy\" decoding=\"async\" width=\"544\" height=\"680\" data-id=\"135513\" src=\"https:\/\/elmetropolitano.com.gt\/es\/wp-content\/uploads\/2026\/08\/2-62.jpg\" alt=\"\" class=\"wp-image-135513\" srcset=\"https:\/\/elmetropolitano.com.gt\/es\/wp-content\/uploads\/2026\/08\/2-62.jpg 544w, https:\/\/elmetropolitano.com.gt\/es\/wp-content\/uploads\/2026\/08\/2-62-240x300.jpg 240w\" sizes=\"auto, (max-width: 544px) 100vw, 544px\" \/><\/figure>\n\n\n\n<figure class=\"wp-block-image size-large\"><img loading=\"lazy\" decoding=\"async\" width=\"382\" height=\"679\" data-id=\"135512\" src=\"https:\/\/elmetropolitano.com.gt\/es\/wp-content\/uploads\/2026\/08\/3-70.jpg\" alt=\"\" class=\"wp-image-135512\" srcset=\"https:\/\/elmetropolitano.com.gt\/es\/wp-content\/uploads\/2026\/08\/3-70.jpg 382w, https:\/\/elmetropolitano.com.gt\/es\/wp-content\/uploads\/2026\/08\/3-70-169x300.jpg 169w\" sizes=\"auto, (max-width: 382px) 100vw, 382px\" \/><\/figure>\n\n\n\n<figure class=\"wp-block-image size-large\"><img loading=\"lazy\" decoding=\"async\" width=\"680\" height=\"348\" data-id=\"135511\" src=\"https:\/\/elmetropolitano.com.gt\/es\/wp-content\/uploads\/2026\/08\/4-40.jpg\" alt=\"\" class=\"wp-image-135511\" srcset=\"https:\/\/elmetropolitano.com.gt\/es\/wp-content\/uploads\/2026\/08\/4-40.jpg 680w, https:\/\/elmetropolitano.com.gt\/es\/wp-content\/uploads\/2026\/08\/4-40-300x154.jpg 300w\" sizes=\"auto, (max-width: 680px) 100vw, 680px\" \/><\/figure>\n\n\n\n<figure class=\"wp-block-image size-large\"><img loading=\"lazy\" decoding=\"async\" width=\"745\" height=\"1024\" data-id=\"135514\" src=\"https:\/\/elmetropolitano.com.gt\/es\/wp-content\/uploads\/2026\/08\/5-30-745x1024.jpg\" alt=\"\" class=\"wp-image-135514\" srcset=\"https:\/\/elmetropolitano.com.gt\/es\/wp-content\/uploads\/2026\/08\/5-30-745x1024.jpg 745w, https:\/\/elmetropolitano.com.gt\/es\/wp-content\/uploads\/2026\/08\/5-30-218x300.jpg 218w, https:\/\/elmetropolitano.com.gt\/es\/wp-content\/uploads\/2026\/08\/5-30-768x1056.jpg 768w, https:\/\/elmetropolitano.com.gt\/es\/wp-content\/uploads\/2026\/08\/5-30-1117x1536.jpg 1117w, https:\/\/elmetropolitano.com.gt\/es\/wp-content\/uploads\/2026\/08\/5-30.jpg 1164w\" sizes=\"auto, (max-width: 745px) 100vw, 745px\" \/><\/figure>\n<\/figure>\n","protected":false},"excerpt":{"rendered":"<p>La C\u00e1mara del Agro de Guatemala expres\u00f3 su rotundo rechazo a los bloqueos de carreteras registrados en distintos puntos del territorio nacional, exigiendo el cese inmediato de estas medidas de hecho. A trav\u00e9s de un comunicado oficial bajo la consigna \u00abBasta ya de bloqueos\u00bb, la entidad gremial hizo un llamado urgente al presidente de la <a class=\"read-more\" href=\"https:\/\/elmetropolitano.com.gt\/es\/camara-del-agro-exige-un-alto-a-los-bloqueos-y-advierte-sobre-riesgos-a-la-seguridad-alimentaria\/\">Leer m\u00e1s<\/a><\/p>\n","protected":false},"author":1,"featured_media":135509,"comment_status":"open","ping_status":"closed","sticky":false,"template":"","format":"standard","meta":{"footnotes":""},"categories":[4],"tags":[13],"class_list":["post-135508","post","type-post","status-publish","format-standard","has-post-thumbnail","hentry","category-departamentales","tag-departamentales"],"_links":{"self":[{"href":"https:\/\/elmetropolitano.com.gt\/es\/wp-json\/wp\/v2\/posts\/135508","targetHints":{"allow":["GET"]}}],"collection":[{"href":"https:\/\/elmetropolitano.com.gt\/es\/wp-json\/wp\/v2\/posts"}],"about":[{"href":"https:\/\/elmetropolitano.com.gt\/es\/wp-json\/wp\/v2\/types\/post"}],"author":[{"embeddable":true,"href":"https:\/\/elmetropolitano.com.gt\/es\/wp-json\/wp\/v2\/users\/1"}],"replies":[{"embeddable":true,"href":"https:\/\/elmetropolitano.com.gt\/es\/wp-json\/wp\/v2\/comments?post=135508"}],"version-history":[{"count":1,"href":"https:\/\/elmetropolitano.com.gt\/es\/wp-json\/wp\/v2\/posts\/135508\/revisions"}],"predecessor-version":[{"id":135515,"href":"https:\/\/elmetropolitano.com.gt\/es\/wp-json\/wp\/v2\/posts\/135508\/revisions\/135515"}],"wp:featuredmedia":[{"embeddable":true,"href":"https:\/\/elmetropolitano.com.gt\/es\/wp-json\/wp\/v2\/media\/135509"}],"wp:attachment":[{"href":"https:\/\/elmetropolitano.com.gt\/es\/wp-json\/wp\/v2\/media?parent=135508"}],"wp:term":[{"taxonomy":"category","embeddable":true,"href":"https:\/\/elmetropolitano.com.gt\/es\/wp-json\/wp\/v2\/categories?post=135508"},{"taxonomy":"post_tag","embeddable":true,"href":"https:\/\/elmetropolitano.com.gt\/es\/wp-json\/wp\/v2\/tags?post=135508"}],"curies":[{"name":"wp","href":"https:\/\/api.w.org\/{rel}","templated":true}]}}