{"id":135516,"date":"2026-08-31T11:59:07","date_gmt":"2026-08-31T17:59:07","guid":{"rendered":"https:\/\/elmetropolitano.com.gt\/es\/?p=135516"},"modified":"2026-08-31T11:59:08","modified_gmt":"2026-08-31T17:59:08","slug":"terroristas-del-barrio-18-capturados-tras-ataque-en-suchitepequez","status":"publish","type":"post","link":"https:\/\/elmetropolitano.com.gt\/es\/terroristas-del-barrio-18-capturados-tras-ataque-en-suchitepequez\/","title":{"rendered":"Terroristas del Barrio 18 capturados tras ataque en Suchitep\u00e9quez"},"content":{"rendered":"\n<p>En seguimiento a una denuncia ciudadana, polic\u00edas de la comisar\u00eda 33 activaron los protocolos de b\u00fasqueda y localizaci\u00f3n luego de un hecho armado ocurrido en la 3\u00aa avenida y 8\u00aa calle, bulevar 13 de Junio, San Antonio Suchitep\u00e9quez, Suchitep\u00e9quez, donde dos hombres resultaron heridos de bala y fallecieron.<\/p>\n\n\n\n<p>Las v\u00edctimas fueron identificadas como los hermanos Jonathan Cano Palacios, de 25 a\u00f1os, y Cristian Cano Palacios, de 23. Ambos se conduc\u00edan a bordo de una motocicleta al momento de sufrir la agresi\u00f3n armada<\/p><div class=\"elmet-contenido\" id=\"elmet-1356855851\"><div class=\"elmet-adlabel\">Anuncios<\/div><div style=\"margin-top: 20px;margin-right: 20px;margin-bottom: 20px;margin-left: 20px;\" id=\"elmet-768469112\"><a href=\"https:\/\/www.facebook.com\/arrincuanantigua\/\" aria-label=\"cintillo-arrin-cual\"><img loading=\"lazy\" decoding=\"async\" src=\"https:\/\/elmetropolitano.com.gt\/es\/wp-content\/uploads\/2021\/11\/cintillo-arrin-cual-1.jpg\" alt=\"\"  srcset=\"https:\/\/elmetropolitano.com.gt\/es\/wp-content\/uploads\/2021\/11\/cintillo-arrin-cual-1.jpg 750w, https:\/\/elmetropolitano.com.gt\/es\/wp-content\/uploads\/2021\/11\/cintillo-arrin-cual-1-300x36.jpg 300w, https:\/\/elmetropolitano.com.gt\/es\/wp-content\/uploads\/2021\/11\/cintillo-arrin-cual-1-600x72.jpg 600w\" sizes=\"(max-width: 750px) 100vw, 750px\" width=\"750\" height=\"90\"   \/><\/a><\/div><\/div>\n\n\n\n<p>La persecuci\u00f3n policial<\/p>\n\n\n\n<p>Durante el operativo, los agentes ubicaron a los presuntos responsables e iniciaron una persecuci\u00f3n que finaliz\u00f3 en el kil\u00f3metro 144 de la ruta CA-2 donde fueron capturados Mauricio Gabriel Cifuentes P\u00e9rez, de 30 a\u00f1os, y Serwin Osway Ajiataz, de 26 a\u00f1os, quienes se movilizaban en una motocicleta Italika, color negro, con placas M-198JLS, a quienes se les incaut\u00f3 una pistola ilegal marca CZ, un cargador y tres municiones, indicios que fueron puestos a disposici\u00f3n del Ministerio P\u00fablico.<\/p>\n\n\n\n<p><a href=\"https:\/\/www.facebook.com\/hashtag\/pncdeguatemala?__cft__[0]=AZZPhvS-qe4HU9_QCTRR2yHpfujmstzLf1KFZ_csDDBYok16Gq64K-6p7Uh8_sdYE323pCoojvqcQdXG3jfPWCRKEBCiVzY2z4O8czUU5g8nWwTbNhZ1qst8vSd1yeVEuz_bnAkzpy2ohAp8KVoKx7TQ5-XhiZpqcSxKPHTPob4HWH8W_SXG_xaZ_gZK1_qZby4&amp;__tn__=*NK-R\">#PNCdeGuatemala<\/a><a href=\"https:\/\/www.facebook.com\/hashtag\/sanantoniosuchitepeque?__cft__[0]=AZZPhvS-qe4HU9_QCTRR2yHpfujmstzLf1KFZ_csDDBYok16Gq64K-6p7Uh8_sdYE323pCoojvqcQdXG3jfPWCRKEBCiVzY2z4O8czUU5g8nWwTbNhZ1qst8vSd1yeVEuz_bnAkzpy2ohAp8KVoKx7TQ5-XhiZpqcSxKPHTPob4HWH8W_SXG_xaZ_gZK1_qZby4&amp;__tn__=*NK-R\">#sanantoniosuchitepeque<\/a> <a href=\"https:\/\/www.facebook.com\/hashtag\/estamoscumpliendo?__cft__[0]=AZZPhvS-qe4HU9_QCTRR2yHpfujmstzLf1KFZ_csDDBYok16Gq64K-6p7Uh8_sdYE323pCoojvqcQdXG3jfPWCRKEBCiVzY2z4O8czUU5g8nWwTbNhZ1qst8vSd1yeVEuz_bnAkzpy2ohAp8KVoKx7TQ5-XhiZpqcSxKPHTPob4HWH8W_SXG_xaZ_gZK1_qZby4&amp;__tn__=*NK-R\">#EstamosCumpliendo<\/a> <a href=\"https:\/\/www.facebook.com\/hashtag\/protegeryservir?__cft__[0]=AZZPhvS-qe4HU9_QCTRR2yHpfujmstzLf1KFZ_csDDBYok16Gq64K-6p7Uh8_sdYE323pCoojvqcQdXG3jfPWCRKEBCiVzY2z4O8czUU5g8nWwTbNhZ1qst8vSd1yeVEuz_bnAkzpy2ohAp8KVoKx7TQ5-XhiZpqcSxKPHTPob4HWH8W_SXG_xaZ_gZK1_qZby4&amp;__tn__=*NK-R\">#ProtegerYServir<\/a><\/p>\n\n\n\n<figure class=\"wp-block-gallery has-nested-images columns-default is-cropped wp-block-gallery-1 is-layout-flex wp-block-gallery-is-layout-flex\">\n<figure class=\"wp-block-image size-large\"><img loading=\"lazy\" decoding=\"async\" width=\"800\" height=\"450\" data-id=\"135520\" src=\"https:\/\/elmetropolitano.com.gt\/es\/wp-content\/uploads\/2026\/08\/1-125.jpg\" alt=\"\" class=\"wp-image-135520\" srcset=\"https:\/\/elmetropolitano.com.gt\/es\/wp-content\/uploads\/2026\/08\/1-125.jpg 800w, https:\/\/elmetropolitano.com.gt\/es\/wp-content\/uploads\/2026\/08\/1-125-300x169.jpg 300w, https:\/\/elmetropolitano.com.gt\/es\/wp-content\/uploads\/2026\/08\/1-125-768x432.jpg 768w\" sizes=\"auto, (max-width: 800px) 100vw, 800px\" \/><\/figure>\n\n\n\n<figure class=\"wp-block-image size-large\"><img loading=\"lazy\" decoding=\"async\" width=\"1024\" height=\"576\" data-id=\"135519\" src=\"https:\/\/elmetropolitano.com.gt\/es\/wp-content\/uploads\/2026\/08\/2-63-1024x576.jpg\" alt=\"\" class=\"wp-image-135519\" srcset=\"https:\/\/elmetropolitano.com.gt\/es\/wp-content\/uploads\/2026\/08\/2-63-1024x576.jpg 1024w, https:\/\/elmetropolitano.com.gt\/es\/wp-content\/uploads\/2026\/08\/2-63-300x169.jpg 300w, https:\/\/elmetropolitano.com.gt\/es\/wp-content\/uploads\/2026\/08\/2-63-768x432.jpg 768w, https:\/\/elmetropolitano.com.gt\/es\/wp-content\/uploads\/2026\/08\/2-63.jpg 1500w\" sizes=\"auto, (max-width: 1024px) 100vw, 1024px\" \/><\/figure>\n\n\n\n<figure class=\"wp-block-image size-large\"><img loading=\"lazy\" decoding=\"async\" width=\"1024\" height=\"681\" data-id=\"135518\" src=\"https:\/\/elmetropolitano.com.gt\/es\/wp-content\/uploads\/2026\/08\/3-71-1024x681.jpg\" alt=\"\" class=\"wp-image-135518\" srcset=\"https:\/\/elmetropolitano.com.gt\/es\/wp-content\/uploads\/2026\/08\/3-71-1024x681.jpg 1024w, https:\/\/elmetropolitano.com.gt\/es\/wp-content\/uploads\/2026\/08\/3-71-300x199.jpg 300w, https:\/\/elmetropolitano.com.gt\/es\/wp-content\/uploads\/2026\/08\/3-71-768x510.jpg 768w, https:\/\/elmetropolitano.com.gt\/es\/wp-content\/uploads\/2026\/08\/3-71.jpg 1354w\" sizes=\"auto, (max-width: 1024px) 100vw, 1024px\" \/><\/figure>\n\n\n\n<figure class=\"wp-block-image size-large\"><img loading=\"lazy\" decoding=\"async\" width=\"1024\" height=\"576\" data-id=\"135521\" src=\"https:\/\/elmetropolitano.com.gt\/es\/wp-content\/uploads\/2026\/08\/4-41-1024x576.jpg\" alt=\"\" class=\"wp-image-135521\" srcset=\"https:\/\/elmetropolitano.com.gt\/es\/wp-content\/uploads\/2026\/08\/4-41-1024x576.jpg 1024w, https:\/\/elmetropolitano.com.gt\/es\/wp-content\/uploads\/2026\/08\/4-41-300x169.jpg 300w, https:\/\/elmetropolitano.com.gt\/es\/wp-content\/uploads\/2026\/08\/4-41-768x432.jpg 768w, https:\/\/elmetropolitano.com.gt\/es\/wp-content\/uploads\/2026\/08\/4-41.jpg 1500w\" sizes=\"auto, (max-width: 1024px) 100vw, 1024px\" \/><\/figure>\n<\/figure>\n","protected":false},"excerpt":{"rendered":"<p>En seguimiento a una denuncia ciudadana, polic\u00edas de la comisar\u00eda 33 activaron los protocolos de b\u00fasqueda y localizaci\u00f3n luego de un hecho armado ocurrido en la 3\u00aa avenida y 8\u00aa calle, bulevar 13 de Junio, San Antonio Suchitep\u00e9quez, Suchitep\u00e9quez, donde dos hombres resultaron heridos de bala y fallecieron. Las v\u00edctimas fueron identificadas como los hermanos <a class=\"read-more\" href=\"https:\/\/elmetropolitano.com.gt\/es\/terroristas-del-barrio-18-capturados-tras-ataque-en-suchitepequez\/\">Leer m\u00e1s<\/a><\/p>\n","protected":false},"author":1,"featured_media":135517,"comment_status":"open","ping_status":"closed","sticky":false,"template":"","format":"standard","meta":{"footnotes":""},"categories":[4],"tags":[13],"class_list":["post-135516","post","type-post","status-publish","format-standard","has-post-thumbnail","hentry","category-departamentales","tag-departamentales"],"_links":{"self":[{"href":"https:\/\/elmetropolitano.com.gt\/es\/wp-json\/wp\/v2\/posts\/135516","targetHints":{"allow":["GET"]}}],"collection":[{"href":"https:\/\/elmetropolitano.com.gt\/es\/wp-json\/wp\/v2\/posts"}],"about":[{"href":"https:\/\/elmetropolitano.com.gt\/es\/wp-json\/wp\/v2\/types\/post"}],"author":[{"embeddable":true,"href":"https:\/\/elmetropolitano.com.gt\/es\/wp-json\/wp\/v2\/users\/1"}],"replies":[{"embeddable":true,"href":"https:\/\/elmetropolitano.com.gt\/es\/wp-json\/wp\/v2\/comments?post=135516"}],"version-history":[{"count":1,"href":"https:\/\/elmetropolitano.com.gt\/es\/wp-json\/wp\/v2\/posts\/135516\/revisions"}],"predecessor-version":[{"id":135522,"href":"https:\/\/elmetropolitano.com.gt\/es\/wp-json\/wp\/v2\/posts\/135516\/revisions\/135522"}],"wp:featuredmedia":[{"embeddable":true,"href":"https:\/\/elmetropolitano.com.gt\/es\/wp-json\/wp\/v2\/media\/135517"}],"wp:attachment":[{"href":"https:\/\/elmetropolitano.com.gt\/es\/wp-json\/wp\/v2\/media?parent=135516"}],"wp:term":[{"taxonomy":"category","embeddable":true,"href":"https:\/\/elmetropolitano.com.gt\/es\/wp-json\/wp\/v2\/categories?post=135516"},{"taxonomy":"post_tag","embeddable":true,"href":"https:\/\/elmetropolitano.com.gt\/es\/wp-json\/wp\/v2\/tags?post=135516"}],"curies":[{"name":"wp","href":"https:\/\/api.w.org\/{rel}","templated":true}]}}