{"id":135548,"date":"2026-09-01T09:20:38","date_gmt":"2026-09-01T15:20:38","guid":{"rendered":"https:\/\/elmetropolitano.com.gt\/es\/?p=135548"},"modified":"2026-09-01T09:20:39","modified_gmt":"2026-09-01T15:20:39","slug":"pandilleros-capturados-estarian-detras-de-ataques-armados-en-contra-de-supermercados","status":"publish","type":"post","link":"https:\/\/elmetropolitano.com.gt\/es\/pandilleros-capturados-estarian-detras-de-ataques-armados-en-contra-de-supermercados\/","title":{"rendered":"Pandilleros capturados estar\u00edan detr\u00e1s de ataques armados en contra de supermercados"},"content":{"rendered":"\n<p>Tres pandilleros de la terrorista agrupaci\u00f3n del B-18 fueron capturados por agentes de la Polic\u00eda Nacional Civil PNC en la colonia Prados de San Jorge, Escuintla.<\/p>\n\n\n\n<p>Han sido identificados como Laura Margarita D\u00e1vila Lut\u00edn, de 23 a\u00f1os, alias la \u00abSeca\u00bb; Estaban Leonel M\u00e9ndez Gonz\u00e1lez, de 21, alias \u00abCasper o \u00abPeluquero\u00bb y Bryan Ernesto Contreras Hern\u00e1ndez, de 23 a\u00f1os, alias \u00abMonckey\u00bb.<\/p><div class=\"elmet-contenido\" id=\"elmet-2223159716\"><div class=\"elmet-adlabel\">Anuncios<\/div><div style=\"margin-top: 20px;margin-right: 20px;margin-bottom: 20px;margin-left: 20px;\" id=\"elmet-152995065\"><a href=\"https:\/\/www.facebook.com\/arrincuanantigua\/\" aria-label=\"cintillo-arrin-cual\"><img loading=\"lazy\" decoding=\"async\" src=\"https:\/\/elmetropolitano.com.gt\/es\/wp-content\/uploads\/2021\/11\/cintillo-arrin-cual-1.jpg\" alt=\"\"  srcset=\"https:\/\/elmetropolitano.com.gt\/es\/wp-content\/uploads\/2021\/11\/cintillo-arrin-cual-1.jpg 750w, https:\/\/elmetropolitano.com.gt\/es\/wp-content\/uploads\/2021\/11\/cintillo-arrin-cual-1-300x36.jpg 300w, https:\/\/elmetropolitano.com.gt\/es\/wp-content\/uploads\/2021\/11\/cintillo-arrin-cual-1-600x72.jpg 600w\" sizes=\"(max-width: 750px) 100vw, 750px\" width=\"750\" height=\"90\"   \/><\/a><\/div><\/div>\n\n\n\n<p>La captura es en seguimiento y b\u00fasqueda de posibles responsables de ataques a cadena de supermercados Despensa Familiar y una Maxi Despensa del grupo Walmar que fueron blanco de ataques armados en d\u00edas anteriores.<\/p>\n\n\n\n<p>En la acci\u00f3n policial tambi\u00e9n se reporta la incautacion de droga y 2 armas de fuego, una de ellas con reporte de robo.<\/p>\n\n\n\n<p><a href=\"https:\/\/www.facebook.com\/hashtag\/violencia?__cft__[0]=AZjvhu5J6hnVy6yuu9_0GtWSW4pGCu1hdgJ5jA9X2-sqKxB9YUcZheUwKW1I9WlpBBIXnX4TdA1LDa_7OQ6lNMhM6vwUy3pFu6O9A7XtTs8aKwJiojCdZM4PcCmaWSzfKXRrifrCvoFMORyF0LfEoXFP-HftWDrEMWex9damDOOCZx2r5Nyxs0XrVgk&amp;__tn__=*NK-R\">#Violencia<\/a><a href=\"https:\/\/www.facebook.com\/hashtag\/escuintla?__cft__[0]=AZjvhu5J6hnVy6yuu9_0GtWSW4pGCu1hdgJ5jA9X2-sqKxB9YUcZheUwKW1I9WlpBBIXnX4TdA1LDa_7OQ6lNMhM6vwUy3pFu6O9A7XtTs8aKwJiojCdZM4PcCmaWSzfKXRrifrCvoFMORyF0LfEoXFP-HftWDrEMWex9damDOOCZx2r5Nyxs0XrVgk&amp;__tn__=*NK-R\">#Escuintla<\/a><a href=\"https:\/\/www.facebook.com\/hashtag\/pncdeguatemala?__cft__[0]=AZjvhu5J6hnVy6yuu9_0GtWSW4pGCu1hdgJ5jA9X2-sqKxB9YUcZheUwKW1I9WlpBBIXnX4TdA1LDa_7OQ6lNMhM6vwUy3pFu6O9A7XtTs8aKwJiojCdZM4PcCmaWSzfKXRrifrCvoFMORyF0LfEoXFP-HftWDrEMWex9damDOOCZx2r5Nyxs0XrVgk&amp;__tn__=*NK-R\">#PNCdeGuatemala<\/a><\/p>\n\n\n\n<figure class=\"wp-block-gallery has-nested-images columns-default is-cropped wp-block-gallery-1 is-layout-flex wp-block-gallery-is-layout-flex\">\n<figure class=\"wp-block-image size-large\"><img loading=\"lazy\" decoding=\"async\" width=\"1024\" height=\"576\" data-id=\"135551\" src=\"https:\/\/elmetropolitano.com.gt\/es\/wp-content\/uploads\/2026\/09\/790087027_1646312710828139_6671536000850181016_n-1024x576.jpg\" alt=\"\" class=\"wp-image-135551\" srcset=\"https:\/\/elmetropolitano.com.gt\/es\/wp-content\/uploads\/2026\/09\/790087027_1646312710828139_6671536000850181016_n-1024x576.jpg 1024w, https:\/\/elmetropolitano.com.gt\/es\/wp-content\/uploads\/2026\/09\/790087027_1646312710828139_6671536000850181016_n-300x169.jpg 300w, https:\/\/elmetropolitano.com.gt\/es\/wp-content\/uploads\/2026\/09\/790087027_1646312710828139_6671536000850181016_n-768x432.jpg 768w, https:\/\/elmetropolitano.com.gt\/es\/wp-content\/uploads\/2026\/09\/790087027_1646312710828139_6671536000850181016_n-1536x864.jpg 1536w, https:\/\/elmetropolitano.com.gt\/es\/wp-content\/uploads\/2026\/09\/790087027_1646312710828139_6671536000850181016_n.jpg 1600w\" sizes=\"auto, (max-width: 1024px) 100vw, 1024px\" \/><\/figure>\n\n\n\n<figure class=\"wp-block-image size-large\"><img loading=\"lazy\" decoding=\"async\" width=\"973\" height=\"900\" data-id=\"135550\" src=\"https:\/\/elmetropolitano.com.gt\/es\/wp-content\/uploads\/2026\/09\/790268235_1646312760828134_6762844398697642966_n.jpg\" alt=\"\" class=\"wp-image-135550\" srcset=\"https:\/\/elmetropolitano.com.gt\/es\/wp-content\/uploads\/2026\/09\/790268235_1646312760828134_6762844398697642966_n.jpg 973w, https:\/\/elmetropolitano.com.gt\/es\/wp-content\/uploads\/2026\/09\/790268235_1646312760828134_6762844398697642966_n-300x277.jpg 300w, https:\/\/elmetropolitano.com.gt\/es\/wp-content\/uploads\/2026\/09\/790268235_1646312760828134_6762844398697642966_n-768x710.jpg 768w\" sizes=\"auto, (max-width: 973px) 100vw, 973px\" \/><\/figure>\n\n\n\n<figure class=\"wp-block-image size-large\"><img loading=\"lazy\" decoding=\"async\" width=\"1024\" height=\"872\" data-id=\"135553\" src=\"https:\/\/elmetropolitano.com.gt\/es\/wp-content\/uploads\/2026\/09\/790547270_1646312694161474_2692066809796376906_n-1-1024x872.jpg\" alt=\"\" class=\"wp-image-135553\" srcset=\"https:\/\/elmetropolitano.com.gt\/es\/wp-content\/uploads\/2026\/09\/790547270_1646312694161474_2692066809796376906_n-1-1024x872.jpg 1024w, https:\/\/elmetropolitano.com.gt\/es\/wp-content\/uploads\/2026\/09\/790547270_1646312694161474_2692066809796376906_n-1-300x255.jpg 300w, https:\/\/elmetropolitano.com.gt\/es\/wp-content\/uploads\/2026\/09\/790547270_1646312694161474_2692066809796376906_n-1-768x654.jpg 768w, https:\/\/elmetropolitano.com.gt\/es\/wp-content\/uploads\/2026\/09\/790547270_1646312694161474_2692066809796376906_n-1.jpg 1500w\" sizes=\"auto, (max-width: 1024px) 100vw, 1024px\" \/><\/figure>\n\n\n\n<figure class=\"wp-block-image size-large\"><img loading=\"lazy\" decoding=\"async\" width=\"1024\" height=\"768\" data-id=\"135552\" src=\"https:\/\/elmetropolitano.com.gt\/es\/wp-content\/uploads\/2026\/09\/792595732_1646312720828138_1107914703512261786_n-1024x768.jpg\" alt=\"\" class=\"wp-image-135552\" srcset=\"https:\/\/elmetropolitano.com.gt\/es\/wp-content\/uploads\/2026\/09\/792595732_1646312720828138_1107914703512261786_n-1024x768.jpg 1024w, https:\/\/elmetropolitano.com.gt\/es\/wp-content\/uploads\/2026\/09\/792595732_1646312720828138_1107914703512261786_n-300x225.jpg 300w, https:\/\/elmetropolitano.com.gt\/es\/wp-content\/uploads\/2026\/09\/792595732_1646312720828138_1107914703512261786_n-768x576.jpg 768w, https:\/\/elmetropolitano.com.gt\/es\/wp-content\/uploads\/2026\/09\/792595732_1646312720828138_1107914703512261786_n.jpg 1500w\" sizes=\"auto, (max-width: 1024px) 100vw, 1024px\" \/><\/figure>\n<\/figure>\n","protected":false},"excerpt":{"rendered":"<p>Tres pandilleros de la terrorista agrupaci\u00f3n del B-18 fueron capturados por agentes de la Polic\u00eda Nacional Civil PNC en la colonia Prados de San Jorge, Escuintla. Han sido identificados como Laura Margarita D\u00e1vila Lut\u00edn, de 23 a\u00f1os, alias la \u00abSeca\u00bb; Estaban Leonel M\u00e9ndez Gonz\u00e1lez, de 21, alias \u00abCasper o \u00abPeluquero\u00bb y Bryan Ernesto Contreras Hern\u00e1ndez, <a class=\"read-more\" href=\"https:\/\/elmetropolitano.com.gt\/es\/pandilleros-capturados-estarian-detras-de-ataques-armados-en-contra-de-supermercados\/\">Leer m\u00e1s<\/a><\/p>\n","protected":false},"author":1,"featured_media":135549,"comment_status":"open","ping_status":"closed","sticky":false,"template":"","format":"standard","meta":{"footnotes":""},"categories":[2],"tags":[12],"class_list":["post-135548","post","type-post","status-publish","format-standard","has-post-thumbnail","hentry","category-nacionales","tag-nacionales"],"_links":{"self":[{"href":"https:\/\/elmetropolitano.com.gt\/es\/wp-json\/wp\/v2\/posts\/135548","targetHints":{"allow":["GET"]}}],"collection":[{"href":"https:\/\/elmetropolitano.com.gt\/es\/wp-json\/wp\/v2\/posts"}],"about":[{"href":"https:\/\/elmetropolitano.com.gt\/es\/wp-json\/wp\/v2\/types\/post"}],"author":[{"embeddable":true,"href":"https:\/\/elmetropolitano.com.gt\/es\/wp-json\/wp\/v2\/users\/1"}],"replies":[{"embeddable":true,"href":"https:\/\/elmetropolitano.com.gt\/es\/wp-json\/wp\/v2\/comments?post=135548"}],"version-history":[{"count":1,"href":"https:\/\/elmetropolitano.com.gt\/es\/wp-json\/wp\/v2\/posts\/135548\/revisions"}],"predecessor-version":[{"id":135554,"href":"https:\/\/elmetropolitano.com.gt\/es\/wp-json\/wp\/v2\/posts\/135548\/revisions\/135554"}],"wp:featuredmedia":[{"embeddable":true,"href":"https:\/\/elmetropolitano.com.gt\/es\/wp-json\/wp\/v2\/media\/135549"}],"wp:attachment":[{"href":"https:\/\/elmetropolitano.com.gt\/es\/wp-json\/wp\/v2\/media?parent=135548"}],"wp:term":[{"taxonomy":"category","embeddable":true,"href":"https:\/\/elmetropolitano.com.gt\/es\/wp-json\/wp\/v2\/categories?post=135548"},{"taxonomy":"post_tag","embeddable":true,"href":"https:\/\/elmetropolitano.com.gt\/es\/wp-json\/wp\/v2\/tags?post=135548"}],"curies":[{"name":"wp","href":"https:\/\/api.w.org\/{rel}","templated":true}]}}