{"id":135583,"date":"2026-09-01T09:41:29","date_gmt":"2026-09-01T15:41:29","guid":{"rendered":"https:\/\/elmetropolitano.com.gt\/es\/?p=135583"},"modified":"2026-09-01T09:41:30","modified_gmt":"2026-09-01T15:41:30","slug":"masiva-capacitacion-realiza-victoria-en-cantel-quetzaltenango","status":"publish","type":"post","link":"https:\/\/elmetropolitano.com.gt\/es\/masiva-capacitacion-realiza-victoria-en-cantel-quetzaltenango\/","title":{"rendered":"Masiva capacitaci\u00f3n realiza VICTORIA en Cantel, Quetzaltenango"},"content":{"rendered":"\n<p>Este lunes el Partido pol\u00edtico Victoria desarroll\u00f3 una capacitaci\u00f3n pol\u00edtica en la comunidad Urbina del Municipio de Cantel, Quetzaltenango<\/p>\n\n\n\n<p>Particip\u00f3 en la misma el secretario departamental de Quetzaltenango Tito Samuel Quem\u00e9 y los coordinadores municipales Danilo Chaguaj y Andr\u00e9s Tixal .<\/p><div class=\"elmet-contenido\" id=\"elmet-1059236014\"><div class=\"elmet-adlabel\">Anuncios<\/div><div style=\"margin-top: 20px;margin-right: 20px;margin-bottom: 20px;margin-left: 20px;\" id=\"elmet-3019492501\"><a href=\"https:\/\/www.facebook.com\/arrincuanantigua\/\" aria-label=\"cintillo-arrin-cual\"><img loading=\"lazy\" decoding=\"async\" src=\"https:\/\/elmetropolitano.com.gt\/es\/wp-content\/uploads\/2021\/11\/cintillo-arrin-cual-1.jpg\" alt=\"\"  srcset=\"https:\/\/elmetropolitano.com.gt\/es\/wp-content\/uploads\/2021\/11\/cintillo-arrin-cual-1.jpg 750w, https:\/\/elmetropolitano.com.gt\/es\/wp-content\/uploads\/2021\/11\/cintillo-arrin-cual-1-300x36.jpg 300w, https:\/\/elmetropolitano.com.gt\/es\/wp-content\/uploads\/2021\/11\/cintillo-arrin-cual-1-600x72.jpg 600w\" sizes=\"(max-width: 750px) 100vw, 750px\" width=\"750\" height=\"90\"   \/><\/a><\/div><\/div>\n\n\n\n<p><a href=\"https:\/\/www.facebook.com\/hashtag\/partidovictoria?__cft__[0]=AZh0ykrkpcTRqKOxFwsExkY6SbXwcLhMLM-zQWFYx2Dvrl2EuzsN0wGPMzDO1U2Lsyil4lfxpq4GPTMLWLQ8VzC38OyfLGG3f4GkzT5lElRnU4ZkUD-l-ssJuQ9_Upw4-_ktYYp8EtNuNpRIUTOC2BS2d_D6NBevDw5pqZnVnDtQ6G2lQsPCOkiEe8A&amp;__tn__=*NK-R\">#PartidoVictoria<\/a><a href=\"https:\/\/www.facebook.com\/hashtag\/quetzaltenango?__cft__[0]=AZh0ykrkpcTRqKOxFwsExkY6SbXwcLhMLM-zQWFYx2Dvrl2EuzsN0wGPMzDO1U2Lsyil4lfxpq4GPTMLWLQ8VzC38OyfLGG3f4GkzT5lElRnU4ZkUD-l-ssJuQ9_Upw4-_ktYYp8EtNuNpRIUTOC2BS2d_D6NBevDw5pqZnVnDtQ6G2lQsPCOkiEe8A&amp;__tn__=*NK-R\">#Quetzaltenango<\/a><a href=\"https:\/\/www.facebook.com\/hashtag\/afiliate?__cft__[0]=AZh0ykrkpcTRqKOxFwsExkY6SbXwcLhMLM-zQWFYx2Dvrl2EuzsN0wGPMzDO1U2Lsyil4lfxpq4GPTMLWLQ8VzC38OyfLGG3f4GkzT5lElRnU4ZkUD-l-ssJuQ9_Upw4-_ktYYp8EtNuNpRIUTOC2BS2d_D6NBevDw5pqZnVnDtQ6G2lQsPCOkiEe8A&amp;__tn__=*NK-R\">#Afiliate<\/a><a href=\"https:\/\/www.facebook.com\/hashtag\/a%C3%B1opreelectoral?__cft__[0]=AZh0ykrkpcTRqKOxFwsExkY6SbXwcLhMLM-zQWFYx2Dvrl2EuzsN0wGPMzDO1U2Lsyil4lfxpq4GPTMLWLQ8VzC38OyfLGG3f4GkzT5lElRnU4ZkUD-l-ssJuQ9_Upw4-_ktYYp8EtNuNpRIUTOC2BS2d_D6NBevDw5pqZnVnDtQ6G2lQsPCOkiEe8A&amp;__tn__=*NK-R\">#A\u00f1oPreelectoral<\/a><\/p>\n\n\n\n<figure class=\"wp-block-gallery has-nested-images columns-default is-cropped wp-block-gallery-1 is-layout-flex wp-block-gallery-is-layout-flex\">\n<figure class=\"wp-block-image size-large\"><img loading=\"lazy\" decoding=\"async\" width=\"781\" height=\"1024\" data-id=\"135586\" src=\"https:\/\/elmetropolitano.com.gt\/es\/wp-content\/uploads\/2026\/09\/789845422_1646478794144864_8059122169210634862_n-781x1024.jpg\" alt=\"\" class=\"wp-image-135586\" srcset=\"https:\/\/elmetropolitano.com.gt\/es\/wp-content\/uploads\/2026\/09\/789845422_1646478794144864_8059122169210634862_n-781x1024.jpg 781w, https:\/\/elmetropolitano.com.gt\/es\/wp-content\/uploads\/2026\/09\/789845422_1646478794144864_8059122169210634862_n-229x300.jpg 229w, https:\/\/elmetropolitano.com.gt\/es\/wp-content\/uploads\/2026\/09\/789845422_1646478794144864_8059122169210634862_n-768x1007.jpg 768w, https:\/\/elmetropolitano.com.gt\/es\/wp-content\/uploads\/2026\/09\/789845422_1646478794144864_8059122169210634862_n-1171x1536.jpg 1171w, https:\/\/elmetropolitano.com.gt\/es\/wp-content\/uploads\/2026\/09\/789845422_1646478794144864_8059122169210634862_n.jpg 1320w\" sizes=\"auto, (max-width: 781px) 100vw, 781px\" \/><\/figure>\n\n\n\n<figure class=\"wp-block-image size-large\"><img loading=\"lazy\" decoding=\"async\" width=\"1024\" height=\"768\" data-id=\"135588\" src=\"https:\/\/elmetropolitano.com.gt\/es\/wp-content\/uploads\/2026\/09\/789959567_1646479017478175_8969797082989758472_n-1024x768.jpg\" alt=\"\" class=\"wp-image-135588\" srcset=\"https:\/\/elmetropolitano.com.gt\/es\/wp-content\/uploads\/2026\/09\/789959567_1646479017478175_8969797082989758472_n-1024x768.jpg 1024w, https:\/\/elmetropolitano.com.gt\/es\/wp-content\/uploads\/2026\/09\/789959567_1646479017478175_8969797082989758472_n-300x225.jpg 300w, https:\/\/elmetropolitano.com.gt\/es\/wp-content\/uploads\/2026\/09\/789959567_1646479017478175_8969797082989758472_n-768x576.jpg 768w, https:\/\/elmetropolitano.com.gt\/es\/wp-content\/uploads\/2026\/09\/789959567_1646479017478175_8969797082989758472_n-1536x1152.jpg 1536w, https:\/\/elmetropolitano.com.gt\/es\/wp-content\/uploads\/2026\/09\/789959567_1646479017478175_8969797082989758472_n.jpg 1800w\" sizes=\"auto, (max-width: 1024px) 100vw, 1024px\" \/><\/figure>\n\n\n\n<figure class=\"wp-block-image size-large\"><img loading=\"lazy\" decoding=\"async\" width=\"988\" height=\"1024\" data-id=\"135589\" src=\"https:\/\/elmetropolitano.com.gt\/es\/wp-content\/uploads\/2026\/09\/790003323_1646478727478204_8439399535893204150_n-1-988x1024.jpg\" alt=\"\" class=\"wp-image-135589\" srcset=\"https:\/\/elmetropolitano.com.gt\/es\/wp-content\/uploads\/2026\/09\/790003323_1646478727478204_8439399535893204150_n-1-988x1024.jpg 988w, https:\/\/elmetropolitano.com.gt\/es\/wp-content\/uploads\/2026\/09\/790003323_1646478727478204_8439399535893204150_n-1-289x300.jpg 289w, https:\/\/elmetropolitano.com.gt\/es\/wp-content\/uploads\/2026\/09\/790003323_1646478727478204_8439399535893204150_n-1-768x796.jpg 768w, https:\/\/elmetropolitano.com.gt\/es\/wp-content\/uploads\/2026\/09\/790003323_1646478727478204_8439399535893204150_n-1.jpg 1320w\" sizes=\"auto, (max-width: 988px) 100vw, 988px\" \/><\/figure>\n\n\n\n<figure class=\"wp-block-image size-large\"><img loading=\"lazy\" decoding=\"async\" width=\"1024\" height=\"768\" data-id=\"135585\" src=\"https:\/\/elmetropolitano.com.gt\/es\/wp-content\/uploads\/2026\/09\/791145081_1646478977478179_889572985506045052_n-1024x768.jpg\" alt=\"\" class=\"wp-image-135585\" srcset=\"https:\/\/elmetropolitano.com.gt\/es\/wp-content\/uploads\/2026\/09\/791145081_1646478977478179_889572985506045052_n-1024x768.jpg 1024w, https:\/\/elmetropolitano.com.gt\/es\/wp-content\/uploads\/2026\/09\/791145081_1646478977478179_889572985506045052_n-300x225.jpg 300w, https:\/\/elmetropolitano.com.gt\/es\/wp-content\/uploads\/2026\/09\/791145081_1646478977478179_889572985506045052_n-768x576.jpg 768w, https:\/\/elmetropolitano.com.gt\/es\/wp-content\/uploads\/2026\/09\/791145081_1646478977478179_889572985506045052_n.jpg 1080w\" sizes=\"auto, (max-width: 1024px) 100vw, 1024px\" \/><\/figure>\n\n\n\n<figure class=\"wp-block-image size-large\"><img loading=\"lazy\" decoding=\"async\" width=\"768\" height=\"1024\" data-id=\"135587\" src=\"https:\/\/elmetropolitano.com.gt\/es\/wp-content\/uploads\/2026\/09\/791179093_1646478914144852_9079073831100186725_n-768x1024.jpg\" alt=\"\" class=\"wp-image-135587\" srcset=\"https:\/\/elmetropolitano.com.gt\/es\/wp-content\/uploads\/2026\/09\/791179093_1646478914144852_9079073831100186725_n-768x1024.jpg 768w, https:\/\/elmetropolitano.com.gt\/es\/wp-content\/uploads\/2026\/09\/791179093_1646478914144852_9079073831100186725_n-225x300.jpg 225w, https:\/\/elmetropolitano.com.gt\/es\/wp-content\/uploads\/2026\/09\/791179093_1646478914144852_9079073831100186725_n-1152x1536.jpg 1152w, https:\/\/elmetropolitano.com.gt\/es\/wp-content\/uploads\/2026\/09\/791179093_1646478914144852_9079073831100186725_n.jpg 1536w\" sizes=\"auto, (max-width: 768px) 100vw, 768px\" \/><\/figure>\n\n\n\n<figure class=\"wp-block-image size-large\"><img loading=\"lazy\" decoding=\"async\" width=\"768\" height=\"1024\" data-id=\"135590\" src=\"https:\/\/elmetropolitano.com.gt\/es\/wp-content\/uploads\/2026\/09\/791599711_1646478960811514_7152106592870512569_n-768x1024.jpg\" alt=\"\" class=\"wp-image-135590\" srcset=\"https:\/\/elmetropolitano.com.gt\/es\/wp-content\/uploads\/2026\/09\/791599711_1646478960811514_7152106592870512569_n-768x1024.jpg 768w, https:\/\/elmetropolitano.com.gt\/es\/wp-content\/uploads\/2026\/09\/791599711_1646478960811514_7152106592870512569_n-225x300.jpg 225w, https:\/\/elmetropolitano.com.gt\/es\/wp-content\/uploads\/2026\/09\/791599711_1646478960811514_7152106592870512569_n-1152x1536.jpg 1152w, https:\/\/elmetropolitano.com.gt\/es\/wp-content\/uploads\/2026\/09\/791599711_1646478960811514_7152106592870512569_n.jpg 1536w\" sizes=\"auto, (max-width: 768px) 100vw, 768px\" \/><\/figure>\n\n\n\n<figure class=\"wp-block-image size-large\"><img loading=\"lazy\" decoding=\"async\" width=\"768\" height=\"1024\" data-id=\"135591\" src=\"https:\/\/elmetropolitano.com.gt\/es\/wp-content\/uploads\/2026\/09\/792717128_1646479047478172_4733862806360094210_n-768x1024.jpg\" alt=\"\" class=\"wp-image-135591\" srcset=\"https:\/\/elmetropolitano.com.gt\/es\/wp-content\/uploads\/2026\/09\/792717128_1646479047478172_4733862806360094210_n-768x1024.jpg 768w, https:\/\/elmetropolitano.com.gt\/es\/wp-content\/uploads\/2026\/09\/792717128_1646479047478172_4733862806360094210_n-225x300.jpg 225w, https:\/\/elmetropolitano.com.gt\/es\/wp-content\/uploads\/2026\/09\/792717128_1646479047478172_4733862806360094210_n-1152x1536.jpg 1152w, https:\/\/elmetropolitano.com.gt\/es\/wp-content\/uploads\/2026\/09\/792717128_1646479047478172_4733862806360094210_n.jpg 1536w\" sizes=\"auto, (max-width: 768px) 100vw, 768px\" \/><\/figure>\n<\/figure>\n","protected":false},"excerpt":{"rendered":"<p>Este lunes el Partido pol\u00edtico Victoria desarroll\u00f3 una capacitaci\u00f3n pol\u00edtica en la comunidad Urbina del Municipio de Cantel, Quetzaltenango Particip\u00f3 en la misma el secretario departamental de Quetzaltenango Tito Samuel Quem\u00e9 y los coordinadores municipales Danilo Chaguaj y Andr\u00e9s Tixal . #PartidoVictoria#Quetzaltenango#Afiliate#A\u00f1oPreelectoral<\/p>\n","protected":false},"author":1,"featured_media":135584,"comment_status":"open","ping_status":"closed","sticky":false,"template":"","format":"standard","meta":{"footnotes":""},"categories":[4],"tags":[13],"class_list":["post-135583","post","type-post","status-publish","format-standard","has-post-thumbnail","hentry","category-departamentales","tag-departamentales"],"_links":{"self":[{"href":"https:\/\/elmetropolitano.com.gt\/es\/wp-json\/wp\/v2\/posts\/135583","targetHints":{"allow":["GET"]}}],"collection":[{"href":"https:\/\/elmetropolitano.com.gt\/es\/wp-json\/wp\/v2\/posts"}],"about":[{"href":"https:\/\/elmetropolitano.com.gt\/es\/wp-json\/wp\/v2\/types\/post"}],"author":[{"embeddable":true,"href":"https:\/\/elmetropolitano.com.gt\/es\/wp-json\/wp\/v2\/users\/1"}],"replies":[{"embeddable":true,"href":"https:\/\/elmetropolitano.com.gt\/es\/wp-json\/wp\/v2\/comments?post=135583"}],"version-history":[{"count":1,"href":"https:\/\/elmetropolitano.com.gt\/es\/wp-json\/wp\/v2\/posts\/135583\/revisions"}],"predecessor-version":[{"id":135592,"href":"https:\/\/elmetropolitano.com.gt\/es\/wp-json\/wp\/v2\/posts\/135583\/revisions\/135592"}],"wp:featuredmedia":[{"embeddable":true,"href":"https:\/\/elmetropolitano.com.gt\/es\/wp-json\/wp\/v2\/media\/135584"}],"wp:attachment":[{"href":"https:\/\/elmetropolitano.com.gt\/es\/wp-json\/wp\/v2\/media?parent=135583"}],"wp:term":[{"taxonomy":"category","embeddable":true,"href":"https:\/\/elmetropolitano.com.gt\/es\/wp-json\/wp\/v2\/categories?post=135583"},{"taxonomy":"post_tag","embeddable":true,"href":"https:\/\/elmetropolitano.com.gt\/es\/wp-json\/wp\/v2\/tags?post=135583"}],"curies":[{"name":"wp","href":"https:\/\/api.w.org\/{rel}","templated":true}]}}