{"id":135594,"date":"2026-09-01T09:52:04","date_gmt":"2026-09-01T15:52:04","guid":{"rendered":"https:\/\/elmetropolitano.com.gt\/es\/?p=135594"},"modified":"2026-09-01T09:52:06","modified_gmt":"2026-09-01T15:52:06","slug":"edwin-castellanos-asume-como-ministro-de-ambiente-y-recursos-naturales","status":"publish","type":"post","link":"https:\/\/elmetropolitano.com.gt\/es\/edwin-castellanos-asume-como-ministro-de-ambiente-y-recursos-naturales\/","title":{"rendered":"Edwin Castellanos asume como ministro de Ambiente y Recursos Naturales"},"content":{"rendered":"\n<p>El Gobierno central, a trav\u00e9s de un comunicado, anunci\u00f3 el nombramiento de Edwin Castellanos como nuevo ministro de Ambiente y Recursos Naturales (MARN). Destacaron que se une con el compromiso de resguardar el patrimonio natural y promover soluciones frente a los desaf\u00edos clim\u00e1ticos y el resguardo de los recursos.<\/p>\n\n\n\n<p>En un video publicado en las redes sociales del MARN, el ahora titular de la cartera, agradeci\u00f3 el trabajo realizado por la ministra saliente, Patricia Orantes y afirm\u00f3 que todas las acciones continuar\u00e1n bajo su cargo.<\/p><div class=\"elmet-contenido\" id=\"elmet-3211684042\"><div class=\"elmet-adlabel\">Anuncios<\/div><div style=\"margin-top: 20px;margin-right: 20px;margin-bottom: 20px;margin-left: 20px;\" id=\"elmet-2660491872\"><a href=\"https:\/\/www.facebook.com\/arrincuanantigua\/\" aria-label=\"cintillo-arrin-cual\"><img loading=\"lazy\" decoding=\"async\" src=\"https:\/\/elmetropolitano.com.gt\/es\/wp-content\/uploads\/2021\/11\/cintillo-arrin-cual-1.jpg\" alt=\"\"  srcset=\"https:\/\/elmetropolitano.com.gt\/es\/wp-content\/uploads\/2021\/11\/cintillo-arrin-cual-1.jpg 750w, https:\/\/elmetropolitano.com.gt\/es\/wp-content\/uploads\/2021\/11\/cintillo-arrin-cual-1-300x36.jpg 300w, https:\/\/elmetropolitano.com.gt\/es\/wp-content\/uploads\/2021\/11\/cintillo-arrin-cual-1-600x72.jpg 600w\" sizes=\"(max-width: 750px) 100vw, 750px\" width=\"750\" height=\"90\"   \/><\/a><\/div><\/div>\n\n\n\n<p>\u201cEspecialmente el trabajo de la ley de aguas que consideramos es important\u00edsima para el pa\u00eds. Estar\u00e9 trabajando muy de cerca con el congreso y todos los sectores para asegurarnos que esta propuesta de ley que ha sido construida con la consulta de muchas personas pueda avanzar y finalmente contemos en Guatemala con esta important\u00edsima regulaci\u00f3n\u201d, afirm\u00f3.<\/p>\n\n\n\n<p>Hoja de vida<\/p>\n\n\n\n<p>Especialista en ciencias ambientales, con 39 a\u00f1os de experiencia en proyectos multinacionales y multidisciplinarios, enfocados en recursos naturales, cambio clim\u00e1tico, deforestaci\u00f3n, gesti\u00f3n del agua y biodiversidad.<\/p>\n\n\n\n<p>Durante 25 a\u00f1os fue profesor investigador en la Universidad del Valle de Guatemala, donde tambi\u00e9n se desempe\u00f1\u00f3 como Decano del Instituto de Investigaciones y dirigi\u00f3 por 18 a\u00f1os el Centro de Estudios Ambientales y de Biodiversidad.<\/p>\n\n\n\n<p>En 2016 recibi\u00f3 la Medalla Nacional de Ciencia y Tecnolog\u00eda. Es Doctor en Ciencias Ambientales por la Universidad de Indiana y M\u00e1ster en Qu\u00edmica Anal\u00edtica por Michigan State University, ambas en Estados Unidos, y Licenciado en Qu\u00edmica por la Universidad del Valle de Guatemala.<\/p>\n\n\n\n<p>Texto: Julio Sosa<\/p>\n\n\n\n<p><a href=\"https:\/\/www.facebook.com\/hashtag\/metroredes?__cft__[0]=AZi6GIEDx9Aqz6hqjd3NEIa4MWvYbY6ZoNujcePKtPAglN1WkjhbjG8QC8Ov2_8gW5o-CGkhJ5YDELSAUyG9vv_IMwl8qvsYNpGrukRYa2g_fccDkN4-dcC4I_jNELU_l_69a1vDhQ3Lb7IZhVbLwFPx1pot5eHAoHNYAxkSiTla7xGaTw-CWbxKtUs&amp;__tn__=*NK-R\">#Metroredes<\/a><a href=\"https:\/\/www.facebook.com\/hashtag\/marn?__cft__[0]=AZi6GIEDx9Aqz6hqjd3NEIa4MWvYbY6ZoNujcePKtPAglN1WkjhbjG8QC8Ov2_8gW5o-CGkhJ5YDELSAUyG9vv_IMwl8qvsYNpGrukRYa2g_fccDkN4-dcC4I_jNELU_l_69a1vDhQ3Lb7IZhVbLwFPx1pot5eHAoHNYAxkSiTla7xGaTw-CWbxKtUs&amp;__tn__=*NK-R\">#MARN<\/a><\/p>\n","protected":false},"excerpt":{"rendered":"<p>El Gobierno central, a trav\u00e9s de un comunicado, anunci\u00f3 el nombramiento de Edwin Castellanos como nuevo ministro de Ambiente y Recursos Naturales (MARN). Destacaron que se une con el compromiso de resguardar el patrimonio natural y promover soluciones frente a los desaf\u00edos clim\u00e1ticos y el resguardo de los recursos. En un video publicado en las <a class=\"read-more\" href=\"https:\/\/elmetropolitano.com.gt\/es\/edwin-castellanos-asume-como-ministro-de-ambiente-y-recursos-naturales\/\">Leer m\u00e1s<\/a><\/p>\n","protected":false},"author":1,"featured_media":135595,"comment_status":"open","ping_status":"closed","sticky":false,"template":"","format":"standard","meta":{"footnotes":""},"categories":[2],"tags":[12],"class_list":["post-135594","post","type-post","status-publish","format-standard","has-post-thumbnail","hentry","category-nacionales","tag-nacionales"],"_links":{"self":[{"href":"https:\/\/elmetropolitano.com.gt\/es\/wp-json\/wp\/v2\/posts\/135594","targetHints":{"allow":["GET"]}}],"collection":[{"href":"https:\/\/elmetropolitano.com.gt\/es\/wp-json\/wp\/v2\/posts"}],"about":[{"href":"https:\/\/elmetropolitano.com.gt\/es\/wp-json\/wp\/v2\/types\/post"}],"author":[{"embeddable":true,"href":"https:\/\/elmetropolitano.com.gt\/es\/wp-json\/wp\/v2\/users\/1"}],"replies":[{"embeddable":true,"href":"https:\/\/elmetropolitano.com.gt\/es\/wp-json\/wp\/v2\/comments?post=135594"}],"version-history":[{"count":1,"href":"https:\/\/elmetropolitano.com.gt\/es\/wp-json\/wp\/v2\/posts\/135594\/revisions"}],"predecessor-version":[{"id":135596,"href":"https:\/\/elmetropolitano.com.gt\/es\/wp-json\/wp\/v2\/posts\/135594\/revisions\/135596"}],"wp:featuredmedia":[{"embeddable":true,"href":"https:\/\/elmetropolitano.com.gt\/es\/wp-json\/wp\/v2\/media\/135595"}],"wp:attachment":[{"href":"https:\/\/elmetropolitano.com.gt\/es\/wp-json\/wp\/v2\/media?parent=135594"}],"wp:term":[{"taxonomy":"category","embeddable":true,"href":"https:\/\/elmetropolitano.com.gt\/es\/wp-json\/wp\/v2\/categories?post=135594"},{"taxonomy":"post_tag","embeddable":true,"href":"https:\/\/elmetropolitano.com.gt\/es\/wp-json\/wp\/v2\/tags?post=135594"}],"curies":[{"name":"wp","href":"https:\/\/api.w.org\/{rel}","templated":true}]}}