{"id":135604,"date":"2026-09-01T09:59:21","date_gmt":"2026-09-01T15:59:21","guid":{"rendered":"https:\/\/elmetropolitano.com.gt\/es\/?p=135604"},"modified":"2026-09-01T09:59:22","modified_gmt":"2026-09-01T15:59:22","slug":"requisan-renovacion-l-en-escuintla","status":"publish","type":"post","link":"https:\/\/elmetropolitano.com.gt\/es\/requisan-renovacion-l-en-escuintla\/","title":{"rendered":"Requisan Renovaci\u00f3n l en Escuintla"},"content":{"rendered":"\n<p>Unidades militares en coordinaci\u00f3n con Polic\u00eda Nacional Civil PNC y Sistema Penitenciario de Guatemala, realizaron una requisa en el Centro de Detenci\u00f3n Preventiva de M\u00e1xima Seguridad \u201cRenovaci\u00f3n I\u201d Escuintla, fortaleciendo el control y la seguridad.<\/p>\n\n\n\n<p>Logrando el decomiso de:<\/p><div class=\"elmet-contenido\" id=\"elmet-2541156869\"><div class=\"elmet-adlabel\">Anuncios<\/div><div style=\"margin-top: 20px;margin-right: 20px;margin-bottom: 20px;margin-left: 20px;\" id=\"elmet-1961526278\"><a href=\"https:\/\/www.facebook.com\/arrincuanantigua\/\" aria-label=\"cintillo-arrin-cual\"><img loading=\"lazy\" decoding=\"async\" src=\"https:\/\/elmetropolitano.com.gt\/es\/wp-content\/uploads\/2021\/11\/cintillo-arrin-cual-1.jpg\" alt=\"\"  srcset=\"https:\/\/elmetropolitano.com.gt\/es\/wp-content\/uploads\/2021\/11\/cintillo-arrin-cual-1.jpg 750w, https:\/\/elmetropolitano.com.gt\/es\/wp-content\/uploads\/2021\/11\/cintillo-arrin-cual-1-300x36.jpg 300w, https:\/\/elmetropolitano.com.gt\/es\/wp-content\/uploads\/2021\/11\/cintillo-arrin-cual-1-600x72.jpg 600w\" sizes=\"(max-width: 750px) 100vw, 750px\" width=\"750\" height=\"90\"   \/><\/a><\/div><\/div>\n\n\n\n<p>-4 galones de presunto licor artesanal tipo cusha<\/p>\n\n\n\n<p>-76 envoltorios con presunta coca\u00edna<\/p>\n\n\n\n<p>-1 moledor y 300 papos para presunta droga<\/p>\n\n\n\n<p>-1 navaja y 6 navajas para cabello<\/p>\n\n\n\n<p>-2 corta\u00fa\u00f1as<\/p>\n\n\n\n<p>-5 encendedores<\/p>\n\n\n\n<p>-1 l\u00e1mpara y 1 extensi\u00f3n<\/p>\n\n\n\n<p>-2 cargadores de celular, 1 bater\u00eda y 1 cargador de computadora<\/p>\n\n\n\n<p>-2 bocinas port\u00e1tiles<\/p>\n\n\n\n<p>-1 tomacorriente<\/p>\n\n\n\n<p>-1 protector de celular<\/p>\n\n\n\n<p>Con presencia firme, el Ej\u00e9rcito de Guatemala contin\u00faa cerrando espacios a las estructuras criminales que operan dentro de los centros penitenciarios.<\/p>\n\n\n\n<p><a href=\"https:\/\/www.facebook.com\/hashtag\/ej%C3%A9rcitogt?__cft__[0]=AZjCbRGbrMg_mB9WSqFw_NwSsFFlDwlI3LUxKy_rmsEPZxz1wLD3sNhul1v7Sf9IjCkIGIVVvfm5CxfYUjtLkI4jX23uBYs8CGqy8d3UIntCgknCGg08rxqcT2-Ip2lUhBF32tDju-4OuD5-obld5_SnbAWCbyM5bQnxbSSq37CM1JL1JMD7qdIKrhY&amp;__tn__=*NK-R\">#Ej\u00e9rcitoGT<\/a><a href=\"https:\/\/www.facebook.com\/hashtag\/pncdeguatenala?__cft__[0]=AZjCbRGbrMg_mB9WSqFw_NwSsFFlDwlI3LUxKy_rmsEPZxz1wLD3sNhul1v7Sf9IjCkIGIVVvfm5CxfYUjtLkI4jX23uBYs8CGqy8d3UIntCgknCGg08rxqcT2-Ip2lUhBF32tDju-4OuD5-obld5_SnbAWCbyM5bQnxbSSq37CM1JL1JMD7qdIKrhY&amp;__tn__=*NK-R\">#PNCdeGuatenala<\/a><a href=\"https:\/\/www.facebook.com\/hashtag\/alpueblodignoseleresponde?__cft__[0]=AZjCbRGbrMg_mB9WSqFw_NwSsFFlDwlI3LUxKy_rmsEPZxz1wLD3sNhul1v7Sf9IjCkIGIVVvfm5CxfYUjtLkI4jX23uBYs8CGqy8d3UIntCgknCGg08rxqcT2-Ip2lUhBF32tDju-4OuD5-obld5_SnbAWCbyM5bQnxbSSq37CM1JL1JMD7qdIKrhY&amp;__tn__=*NK-R\">#AlPuebloDignoSeLeResponde<\/a><a href=\"https:\/\/www.facebook.com\/hashtag\/escuintla?__cft__[0]=AZjCbRGbrMg_mB9WSqFw_NwSsFFlDwlI3LUxKy_rmsEPZxz1wLD3sNhul1v7Sf9IjCkIGIVVvfm5CxfYUjtLkI4jX23uBYs8CGqy8d3UIntCgknCGg08rxqcT2-Ip2lUhBF32tDju-4OuD5-obld5_SnbAWCbyM5bQnxbSSq37CM1JL1JMD7qdIKrhY&amp;__tn__=*NK-R\">#Escuintla<\/a><\/p>\n\n\n\n<figure class=\"wp-block-gallery has-nested-images columns-default is-cropped wp-block-gallery-1 is-layout-flex wp-block-gallery-is-layout-flex\">\n<figure class=\"wp-block-image size-large\"><img loading=\"lazy\" decoding=\"async\" width=\"1024\" height=\"768\" data-id=\"135606\" src=\"https:\/\/elmetropolitano.com.gt\/es\/wp-content\/uploads\/2026\/09\/792090219_1646934677432609_6663233416326302150_n-1-1-1024x768.jpg\" alt=\"\" class=\"wp-image-135606\" srcset=\"https:\/\/elmetropolitano.com.gt\/es\/wp-content\/uploads\/2026\/09\/792090219_1646934677432609_6663233416326302150_n-1-1-1024x768.jpg 1024w, https:\/\/elmetropolitano.com.gt\/es\/wp-content\/uploads\/2026\/09\/792090219_1646934677432609_6663233416326302150_n-1-1-300x225.jpg 300w, https:\/\/elmetropolitano.com.gt\/es\/wp-content\/uploads\/2026\/09\/792090219_1646934677432609_6663233416326302150_n-1-1-768x576.jpg 768w, https:\/\/elmetropolitano.com.gt\/es\/wp-content\/uploads\/2026\/09\/792090219_1646934677432609_6663233416326302150_n-1-1.jpg 1280w\" sizes=\"auto, (max-width: 1024px) 100vw, 1024px\" \/><\/figure>\n\n\n\n<figure class=\"wp-block-image size-large\"><img loading=\"lazy\" decoding=\"async\" width=\"1024\" height=\"768\" data-id=\"135607\" src=\"https:\/\/elmetropolitano.com.gt\/es\/wp-content\/uploads\/2026\/09\/792840972_1646934690765941_4065076491943143964_n-1-1024x768.jpg\" alt=\"\" class=\"wp-image-135607\" srcset=\"https:\/\/elmetropolitano.com.gt\/es\/wp-content\/uploads\/2026\/09\/792840972_1646934690765941_4065076491943143964_n-1-1024x768.jpg 1024w, https:\/\/elmetropolitano.com.gt\/es\/wp-content\/uploads\/2026\/09\/792840972_1646934690765941_4065076491943143964_n-1-300x225.jpg 300w, https:\/\/elmetropolitano.com.gt\/es\/wp-content\/uploads\/2026\/09\/792840972_1646934690765941_4065076491943143964_n-1-768x576.jpg 768w, https:\/\/elmetropolitano.com.gt\/es\/wp-content\/uploads\/2026\/09\/792840972_1646934690765941_4065076491943143964_n-1-1536x1152.jpg 1536w, https:\/\/elmetropolitano.com.gt\/es\/wp-content\/uploads\/2026\/09\/792840972_1646934690765941_4065076491943143964_n-1.jpg 1600w\" sizes=\"auto, (max-width: 1024px) 100vw, 1024px\" \/><\/figure>\n<\/figure>\n","protected":false},"excerpt":{"rendered":"<p>Unidades militares en coordinaci\u00f3n con Polic\u00eda Nacional Civil PNC y Sistema Penitenciario de Guatemala, realizaron una requisa en el Centro de Detenci\u00f3n Preventiva de M\u00e1xima Seguridad \u201cRenovaci\u00f3n I\u201d Escuintla, fortaleciendo el control y la seguridad. Logrando el decomiso de: -4 galones de presunto licor artesanal tipo cusha -76 envoltorios con presunta coca\u00edna -1 moledor y <a class=\"read-more\" href=\"https:\/\/elmetropolitano.com.gt\/es\/requisan-renovacion-l-en-escuintla\/\">Leer m\u00e1s<\/a><\/p>\n","protected":false},"author":1,"featured_media":135605,"comment_status":"open","ping_status":"closed","sticky":false,"template":"","format":"standard","meta":{"footnotes":""},"categories":[4],"tags":[13],"class_list":["post-135604","post","type-post","status-publish","format-standard","has-post-thumbnail","hentry","category-departamentales","tag-departamentales"],"_links":{"self":[{"href":"https:\/\/elmetropolitano.com.gt\/es\/wp-json\/wp\/v2\/posts\/135604","targetHints":{"allow":["GET"]}}],"collection":[{"href":"https:\/\/elmetropolitano.com.gt\/es\/wp-json\/wp\/v2\/posts"}],"about":[{"href":"https:\/\/elmetropolitano.com.gt\/es\/wp-json\/wp\/v2\/types\/post"}],"author":[{"embeddable":true,"href":"https:\/\/elmetropolitano.com.gt\/es\/wp-json\/wp\/v2\/users\/1"}],"replies":[{"embeddable":true,"href":"https:\/\/elmetropolitano.com.gt\/es\/wp-json\/wp\/v2\/comments?post=135604"}],"version-history":[{"count":1,"href":"https:\/\/elmetropolitano.com.gt\/es\/wp-json\/wp\/v2\/posts\/135604\/revisions"}],"predecessor-version":[{"id":135608,"href":"https:\/\/elmetropolitano.com.gt\/es\/wp-json\/wp\/v2\/posts\/135604\/revisions\/135608"}],"wp:featuredmedia":[{"embeddable":true,"href":"https:\/\/elmetropolitano.com.gt\/es\/wp-json\/wp\/v2\/media\/135605"}],"wp:attachment":[{"href":"https:\/\/elmetropolitano.com.gt\/es\/wp-json\/wp\/v2\/media?parent=135604"}],"wp:term":[{"taxonomy":"category","embeddable":true,"href":"https:\/\/elmetropolitano.com.gt\/es\/wp-json\/wp\/v2\/categories?post=135604"},{"taxonomy":"post_tag","embeddable":true,"href":"https:\/\/elmetropolitano.com.gt\/es\/wp-json\/wp\/v2\/tags?post=135604"}],"curies":[{"name":"wp","href":"https:\/\/api.w.org\/{rel}","templated":true}]}}