{"id":135646,"date":"2026-09-01T13:09:17","date_gmt":"2026-09-01T19:09:17","guid":{"rendered":"https:\/\/elmetropolitano.com.gt\/es\/?p=135646"},"modified":"2026-09-01T13:09:18","modified_gmt":"2026-09-01T19:09:18","slug":"inicia-demolicion-del-puente-guijo-para-avanzar-hacia-instalacion-del-puente-modular","status":"publish","type":"post","link":"https:\/\/elmetropolitano.com.gt\/es\/inicia-demolicion-del-puente-guijo-para-avanzar-hacia-instalacion-del-puente-modular\/","title":{"rendered":"Inicia demolici\u00f3n del puente G\u00fcijo para avanzar hacia instalaci\u00f3n del puente modular"},"content":{"rendered":"\n<p>Los trabajos para recuperar la conectividad en el kil\u00f3metro 111 de la CA-9 Norte, Zacapa, contin\u00faan avanzando. Equipos del Ministerio de Comunicaciones, Infraestructura y Vivienda (CIV) iniciaron la demolici\u00f3n de la losa del puente G\u00fcijo, como parte del proceso previo al desmontaje de la estructura da\u00f1ada tras la emergencia registrada en este punto.<\/p>\n\n\n\n<p>Las acciones, que se llevan a cabo a trav\u00e9s de la Direcci\u00f3n General de Caminos, buscan avanzar de manera ordenada hacia una soluci\u00f3n que permita restablecer la infraestructura para los transportistas, conductores, familias y comunidades que diariamente utilizan este importante corredor que comunica el nororiente del pa\u00eds con la ciudad de Guatemala.<\/p><div class=\"elmet-contenido\" id=\"elmet-4160324906\"><div class=\"elmet-adlabel\">Anuncios<\/div><div style=\"margin-top: 20px;margin-right: 20px;margin-bottom: 20px;margin-left: 20px;\" id=\"elmet-2400685498\"><a href=\"https:\/\/www.facebook.com\/arrincuanantigua\/\" aria-label=\"cintillo-arrin-cual\"><img loading=\"lazy\" decoding=\"async\" src=\"https:\/\/elmetropolitano.com.gt\/es\/wp-content\/uploads\/2021\/11\/cintillo-arrin-cual-1.jpg\" alt=\"\"  srcset=\"https:\/\/elmetropolitano.com.gt\/es\/wp-content\/uploads\/2021\/11\/cintillo-arrin-cual-1.jpg 750w, https:\/\/elmetropolitano.com.gt\/es\/wp-content\/uploads\/2021\/11\/cintillo-arrin-cual-1-300x36.jpg 300w, https:\/\/elmetropolitano.com.gt\/es\/wp-content\/uploads\/2021\/11\/cintillo-arrin-cual-1-600x72.jpg 600w\" sizes=\"(max-width: 750px) 100vw, 750px\" width=\"750\" height=\"90\"   \/><\/a><\/div><\/div>\n\n\n\n<p>Antes de comenzar la intervenci\u00f3n, los equipos delimitaron el \u00e1rea de trabajo para desarrollar las labores de forma controlada. Posteriormente, maquinaria y personal especializado iniciaron la demolici\u00f3n de la losa, es decir, la superficie sobre la que anteriormente circulaban los veh\u00edculos.<\/p>\n\n\n\n<p>A medida que avanza la demolici\u00f3n tambi\u00e9n se realiza la extracci\u00f3n, retiro y limpieza del ripio y del material sobrante, con el objetivo de liberar el \u00e1rea y preparar las condiciones necesarias para la siguiente etapa: el desmontaje de la superestructura del puente.<\/p>\n\n\n\n<p>Este proceso permitir\u00e1 retirar de manera progresiva los elementos que resultaron afectados y preparar el sitio para las siguientes acciones contempladas por el CIV para recuperar el paso definitivo en este punto de la CA-9 Norte.<\/p>\n\n\n\n<p>Los trabajos se desarrollan despu\u00e9s de que el CIV habilitara un paso provisional a un costado del puente G\u00fcijo, una alternativa que permiti\u00f3 restablecer la circulaci\u00f3n vehicular mientras contin\u00faan las labores sobre la estructura da\u00f1ada.<\/p>\n\n\n\n<p>Con la demolici\u00f3n ya en marcha, el Ministerio avanza hacia la siguiente fase de atenci\u00f3n de la emergencia, que contempla preparar el \u00e1rea para la instalaci\u00f3n de una estructura modular que permita fortalecer nuevamente la conexi\u00f3n vial en el sector.<\/p>\n\n\n\n<p>El CIV mantiene personal, maquinaria y equipos t\u00e9cnicos trabajando en el lugar para continuar cada etapa del proceso y recuperar, en el menor tiempo posible, una conexi\u00f3n fundamental para la movilidad, el transporte de productos y las actividades cotidianas de miles de personas que transitan por la ruta al Atl\u00e1ntico.<\/p>\n\n\n\n<p><a href=\"https:\/\/www.facebook.com\/hashtag\/puenteg%C3%BCijo?__cft__[0]=AZhl4LW4TuR7kh1wxk7xu1VayZH_JVoIcgCq3rOZ-a-apTpK2l2GLNsjLyvOQx3w2iuwH3fuN4LNt48NY_-fGh4Ax6vnvtESx-tSPmo6y8B-FymB51ru3NqLeZScOObF8r7Ohw5Av8Aplbl1CS2vy7u_HkFUH63Uh4Ne8zUqlpWWVSmLjDdGiWqFETs&amp;__tn__=*NK-R\">#PuenteG\u00fcijo<\/a><a href=\"https:\/\/www.facebook.com\/hashtag\/civ?__cft__[0]=AZhl4LW4TuR7kh1wxk7xu1VayZH_JVoIcgCq3rOZ-a-apTpK2l2GLNsjLyvOQx3w2iuwH3fuN4LNt48NY_-fGh4Ax6vnvtESx-tSPmo6y8B-FymB51ru3NqLeZScOObF8r7Ohw5Av8Aplbl1CS2vy7u_HkFUH63Uh4Ne8zUqlpWWVSmLjDdGiWqFETs&amp;__tn__=*NK-R\">#CIV<\/a><a href=\"https:\/\/www.facebook.com\/hashtag\/zacapa?__cft__[0]=AZhl4LW4TuR7kh1wxk7xu1VayZH_JVoIcgCq3rOZ-a-apTpK2l2GLNsjLyvOQx3w2iuwH3fuN4LNt48NY_-fGh4Ax6vnvtESx-tSPmo6y8B-FymB51ru3NqLeZScOObF8r7Ohw5Av8Aplbl1CS2vy7u_HkFUH63Uh4Ne8zUqlpWWVSmLjDdGiWqFETs&amp;__tn__=*NK-R\">#Zacapa<\/a><\/p>\n\n\n\n<figure class=\"wp-block-gallery has-nested-images columns-default is-cropped wp-block-gallery-1 is-layout-flex wp-block-gallery-is-layout-flex\">\n<figure class=\"wp-block-image size-large\"><img loading=\"lazy\" decoding=\"async\" width=\"819\" height=\"1024\" data-id=\"135650\" src=\"https:\/\/elmetropolitano.com.gt\/es\/wp-content\/uploads\/2026\/09\/1-1-819x1024.jpg\" alt=\"\" class=\"wp-image-135650\" srcset=\"https:\/\/elmetropolitano.com.gt\/es\/wp-content\/uploads\/2026\/09\/1-1-819x1024.jpg 819w, https:\/\/elmetropolitano.com.gt\/es\/wp-content\/uploads\/2026\/09\/1-1-240x300.jpg 240w, https:\/\/elmetropolitano.com.gt\/es\/wp-content\/uploads\/2026\/09\/1-1-768x960.jpg 768w, https:\/\/elmetropolitano.com.gt\/es\/wp-content\/uploads\/2026\/09\/1-1.jpg 1122w\" sizes=\"auto, (max-width: 819px) 100vw, 819px\" \/><\/figure>\n\n\n\n<figure class=\"wp-block-image size-large\"><img loading=\"lazy\" decoding=\"async\" width=\"800\" height=\"500\" data-id=\"135648\" src=\"https:\/\/elmetropolitano.com.gt\/es\/wp-content\/uploads\/2026\/09\/2-1.jpg\" alt=\"\" class=\"wp-image-135648\" srcset=\"https:\/\/elmetropolitano.com.gt\/es\/wp-content\/uploads\/2026\/09\/2-1.jpg 800w, https:\/\/elmetropolitano.com.gt\/es\/wp-content\/uploads\/2026\/09\/2-1-300x188.jpg 300w, https:\/\/elmetropolitano.com.gt\/es\/wp-content\/uploads\/2026\/09\/2-1-768x480.jpg 768w\" sizes=\"auto, (max-width: 800px) 100vw, 800px\" \/><\/figure>\n\n\n\n<figure class=\"wp-block-image size-large\"><img loading=\"lazy\" decoding=\"async\" width=\"819\" height=\"1024\" data-id=\"135651\" src=\"https:\/\/elmetropolitano.com.gt\/es\/wp-content\/uploads\/2026\/09\/3-819x1024.jpg\" alt=\"\" class=\"wp-image-135651\" srcset=\"https:\/\/elmetropolitano.com.gt\/es\/wp-content\/uploads\/2026\/09\/3-819x1024.jpg 819w, https:\/\/elmetropolitano.com.gt\/es\/wp-content\/uploads\/2026\/09\/3-240x300.jpg 240w, https:\/\/elmetropolitano.com.gt\/es\/wp-content\/uploads\/2026\/09\/3-768x960.jpg 768w, https:\/\/elmetropolitano.com.gt\/es\/wp-content\/uploads\/2026\/09\/3.jpg 1122w\" sizes=\"auto, (max-width: 819px) 100vw, 819px\" \/><\/figure>\n\n\n\n<figure class=\"wp-block-image size-large\"><img loading=\"lazy\" decoding=\"async\" width=\"1122\" height=\"1402\" data-id=\"135649\" src=\"https:\/\/elmetropolitano.com.gt\/es\/wp-content\/uploads\/2026\/09\/4-819x1024.jpg\" alt=\"\" class=\"wp-image-135649\" srcset=\"https:\/\/elmetropolitano.com.gt\/es\/wp-content\/uploads\/2026\/09\/4-819x1024.jpg 819w, https:\/\/elmetropolitano.com.gt\/es\/wp-content\/uploads\/2026\/09\/4-240x300.jpg 240w, https:\/\/elmetropolitano.com.gt\/es\/wp-content\/uploads\/2026\/09\/4-768x960.jpg 768w, https:\/\/elmetropolitano.com.gt\/es\/wp-content\/uploads\/2026\/09\/4.jpg 1122w\" sizes=\"auto, (max-width: 1122px) 100vw, 1122px\" \/><\/figure>\n<\/figure>\n","protected":false},"excerpt":{"rendered":"<p>Los trabajos para recuperar la conectividad en el kil\u00f3metro 111 de la CA-9 Norte, Zacapa, contin\u00faan avanzando. Equipos del Ministerio de Comunicaciones, Infraestructura y Vivienda (CIV) iniciaron la demolici\u00f3n de la losa del puente G\u00fcijo, como parte del proceso previo al desmontaje de la estructura da\u00f1ada tras la emergencia registrada en este punto. Las acciones, <a class=\"read-more\" href=\"https:\/\/elmetropolitano.com.gt\/es\/inicia-demolicion-del-puente-guijo-para-avanzar-hacia-instalacion-del-puente-modular\/\">Leer m\u00e1s<\/a><\/p>\n","protected":false},"author":1,"featured_media":135647,"comment_status":"open","ping_status":"closed","sticky":false,"template":"","format":"standard","meta":{"footnotes":""},"categories":[4],"tags":[13],"class_list":["post-135646","post","type-post","status-publish","format-standard","has-post-thumbnail","hentry","category-departamentales","tag-departamentales"],"_links":{"self":[{"href":"https:\/\/elmetropolitano.com.gt\/es\/wp-json\/wp\/v2\/posts\/135646","targetHints":{"allow":["GET"]}}],"collection":[{"href":"https:\/\/elmetropolitano.com.gt\/es\/wp-json\/wp\/v2\/posts"}],"about":[{"href":"https:\/\/elmetropolitano.com.gt\/es\/wp-json\/wp\/v2\/types\/post"}],"author":[{"embeddable":true,"href":"https:\/\/elmetropolitano.com.gt\/es\/wp-json\/wp\/v2\/users\/1"}],"replies":[{"embeddable":true,"href":"https:\/\/elmetropolitano.com.gt\/es\/wp-json\/wp\/v2\/comments?post=135646"}],"version-history":[{"count":1,"href":"https:\/\/elmetropolitano.com.gt\/es\/wp-json\/wp\/v2\/posts\/135646\/revisions"}],"predecessor-version":[{"id":135652,"href":"https:\/\/elmetropolitano.com.gt\/es\/wp-json\/wp\/v2\/posts\/135646\/revisions\/135652"}],"wp:featuredmedia":[{"embeddable":true,"href":"https:\/\/elmetropolitano.com.gt\/es\/wp-json\/wp\/v2\/media\/135647"}],"wp:attachment":[{"href":"https:\/\/elmetropolitano.com.gt\/es\/wp-json\/wp\/v2\/media?parent=135646"}],"wp:term":[{"taxonomy":"category","embeddable":true,"href":"https:\/\/elmetropolitano.com.gt\/es\/wp-json\/wp\/v2\/categories?post=135646"},{"taxonomy":"post_tag","embeddable":true,"href":"https:\/\/elmetropolitano.com.gt\/es\/wp-json\/wp\/v2\/tags?post=135646"}],"curies":[{"name":"wp","href":"https:\/\/api.w.org\/{rel}","templated":true}]}}