{"id":135668,"date":"2026-09-01T19:35:11","date_gmt":"2026-09-02T01:35:11","guid":{"rendered":"https:\/\/elmetropolitano.com.gt\/es\/?p=135668"},"modified":"2026-09-01T19:35:12","modified_gmt":"2026-09-02T01:35:12","slug":"inspeccion-general-de-trabajo-verifica-posibles-vulneraciones-laborales-en-oficinas-de-farmacia-galeno","status":"publish","type":"post","link":"https:\/\/elmetropolitano.com.gt\/es\/inspeccion-general-de-trabajo-verifica-posibles-vulneraciones-laborales-en-oficinas-de-farmacia-galeno\/","title":{"rendered":"Inspecci\u00f3n General de Trabajo verifica posibles vulneraciones laborales en oficinas de Farmacia Galeno"},"content":{"rendered":"\n<p>El Ministerio de Trabajo y Previsi\u00f3n Social (Mintrab), por medio de la Inspecci\u00f3n General de Trabajo (IGT), llev\u00f3 a cabo una inspecci\u00f3n de seguimiento en las oficinas administrativas de Farmacia Galeno, ubicadas en la zona 18.<\/p>\n\n\n\n<p>Esta con el prop\u00f3sito de verificar denuncias p\u00fablicas que circularon en redes sociales sobre posibles vulneraciones a derechos laborales y condiciones de trabajo.<\/p><div class=\"elmet-contenido\" id=\"elmet-3905814463\"><div class=\"elmet-adlabel\">Anuncios<\/div><div style=\"margin-top: 20px;margin-right: 20px;margin-bottom: 20px;margin-left: 20px;\" id=\"elmet-1999395523\"><a href=\"https:\/\/www.facebook.com\/arrincuanantigua\/\" aria-label=\"cintillo-arrin-cual\"><img loading=\"lazy\" decoding=\"async\" src=\"https:\/\/elmetropolitano.com.gt\/es\/wp-content\/uploads\/2021\/11\/cintillo-arrin-cual-1.jpg\" alt=\"\"  srcset=\"https:\/\/elmetropolitano.com.gt\/es\/wp-content\/uploads\/2021\/11\/cintillo-arrin-cual-1.jpg 750w, https:\/\/elmetropolitano.com.gt\/es\/wp-content\/uploads\/2021\/11\/cintillo-arrin-cual-1-300x36.jpg 300w, https:\/\/elmetropolitano.com.gt\/es\/wp-content\/uploads\/2021\/11\/cintillo-arrin-cual-1-600x72.jpg 600w\" sizes=\"(max-width: 750px) 100vw, 750px\" width=\"750\" height=\"90\"   \/><\/a><\/div><\/div>\n\n\n\n<p>Durante la jornada, los inspectores efectuaron las verificaciones correspondientes para determinar el cumplimiento de la legislaci\u00f3n laboral vigente y constatar las condiciones se\u00f1aladas en las denuncias.<\/p>\n\n\n\n<p>Verifican cumplimiento de la normativa labora<\/p>\n\n\n\n<p>De esta manera, la inspecci\u00f3n permiti\u00f3 revisar aspectos relacionados con las condiciones laborales reportadas p\u00fablicamente y determinar si estas se ajustan a las disposiciones establecidas en la legislaci\u00f3n laboral.<\/p>\n\n\n\n<p>Las acciones de seguimiento forman parte de las labores de vigilancia que desarrolla la Inspecci\u00f3n General de Trabajo en los centros laborales para verificar el respeto de los derechos de las personas trabajadoras.<\/p>\n\n\n\n<p>IGT mantiene vigilancia en centros de trabajo<\/p>\n\n\n\n<p>De esta cuenta, el Ministerio de Trabajo y Previsi\u00f3n Social se\u00f1al\u00f3 que, mediante este tipo de inspecciones, se busca fortalecer la protecci\u00f3n de los derechos laborales y verificar el cumplimiento de la normativa vigente.<\/p>\n\n\n\n<p>Con esta inspecci\u00f3n, las autoridades de trabajo reiteraron su compromiso de dar seguimiento a las situaciones que sean denunciadas y de mantener la vigilancia sobre las condiciones laborales en los distintos centros de trabajo del pa\u00eds.<\/p>\n\n\n\n<p>Texto Cindy Alonzo<\/p>\n\n\n\n<p>#FarmaciaGaleno #metroredes #elmetropolitanogt <a href=\"http:\/\/www.elmetropolitano.comgt\">www.elmetropolitano.comgt<\/a> <a href=\"http:\/\/www.metroredes.com\">www.metroredes.com<\/a> <a href=\"http:\/\/www.elescuintleco.com\">www.elescuintleco.com<\/a><\/p>\n\n\n\n<figure class=\"wp-block-gallery has-nested-images columns-default is-cropped wp-block-gallery-1 is-layout-flex wp-block-gallery-is-layout-flex\">\n<figure class=\"wp-block-image size-large\"><img loading=\"lazy\" decoding=\"async\" width=\"1024\" height=\"512\" data-id=\"135670\" src=\"https:\/\/elmetropolitano.com.gt\/es\/wp-content\/uploads\/2026\/09\/Captura-de-pantalla-2026-09-01-101443-1140x570-2-1024x512.png\" alt=\"\" class=\"wp-image-135670\" srcset=\"https:\/\/elmetropolitano.com.gt\/es\/wp-content\/uploads\/2026\/09\/Captura-de-pantalla-2026-09-01-101443-1140x570-2-1024x512.png 1024w, https:\/\/elmetropolitano.com.gt\/es\/wp-content\/uploads\/2026\/09\/Captura-de-pantalla-2026-09-01-101443-1140x570-2-300x150.png 300w, https:\/\/elmetropolitano.com.gt\/es\/wp-content\/uploads\/2026\/09\/Captura-de-pantalla-2026-09-01-101443-1140x570-2-768x384.png 768w, https:\/\/elmetropolitano.com.gt\/es\/wp-content\/uploads\/2026\/09\/Captura-de-pantalla-2026-09-01-101443-1140x570-2.png 1140w\" sizes=\"auto, (max-width: 1024px) 100vw, 1024px\" \/><\/figure>\n<\/figure>\n","protected":false},"excerpt":{"rendered":"<p>El Ministerio de Trabajo y Previsi\u00f3n Social (Mintrab), por medio de la Inspecci\u00f3n General de Trabajo (IGT), llev\u00f3 a cabo una inspecci\u00f3n de seguimiento en las oficinas administrativas de Farmacia Galeno, ubicadas en la zona 18. Esta con el prop\u00f3sito de verificar denuncias p\u00fablicas que circularon en redes sociales sobre posibles vulneraciones a derechos laborales <a class=\"read-more\" href=\"https:\/\/elmetropolitano.com.gt\/es\/inspeccion-general-de-trabajo-verifica-posibles-vulneraciones-laborales-en-oficinas-de-farmacia-galeno\/\">Leer m\u00e1s<\/a><\/p>\n","protected":false},"author":1,"featured_media":135669,"comment_status":"open","ping_status":"closed","sticky":false,"template":"","format":"standard","meta":{"footnotes":""},"categories":[2],"tags":[12],"class_list":["post-135668","post","type-post","status-publish","format-standard","has-post-thumbnail","hentry","category-nacionales","tag-nacionales"],"_links":{"self":[{"href":"https:\/\/elmetropolitano.com.gt\/es\/wp-json\/wp\/v2\/posts\/135668","targetHints":{"allow":["GET"]}}],"collection":[{"href":"https:\/\/elmetropolitano.com.gt\/es\/wp-json\/wp\/v2\/posts"}],"about":[{"href":"https:\/\/elmetropolitano.com.gt\/es\/wp-json\/wp\/v2\/types\/post"}],"author":[{"embeddable":true,"href":"https:\/\/elmetropolitano.com.gt\/es\/wp-json\/wp\/v2\/users\/1"}],"replies":[{"embeddable":true,"href":"https:\/\/elmetropolitano.com.gt\/es\/wp-json\/wp\/v2\/comments?post=135668"}],"version-history":[{"count":1,"href":"https:\/\/elmetropolitano.com.gt\/es\/wp-json\/wp\/v2\/posts\/135668\/revisions"}],"predecessor-version":[{"id":135671,"href":"https:\/\/elmetropolitano.com.gt\/es\/wp-json\/wp\/v2\/posts\/135668\/revisions\/135671"}],"wp:featuredmedia":[{"embeddable":true,"href":"https:\/\/elmetropolitano.com.gt\/es\/wp-json\/wp\/v2\/media\/135669"}],"wp:attachment":[{"href":"https:\/\/elmetropolitano.com.gt\/es\/wp-json\/wp\/v2\/media?parent=135668"}],"wp:term":[{"taxonomy":"category","embeddable":true,"href":"https:\/\/elmetropolitano.com.gt\/es\/wp-json\/wp\/v2\/categories?post=135668"},{"taxonomy":"post_tag","embeddable":true,"href":"https:\/\/elmetropolitano.com.gt\/es\/wp-json\/wp\/v2\/tags?post=135668"}],"curies":[{"name":"wp","href":"https:\/\/api.w.org\/{rel}","templated":true}]}}