{"id":135672,"date":"2026-09-02T08:26:07","date_gmt":"2026-09-02T14:26:07","guid":{"rendered":"https:\/\/elmetropolitano.com.gt\/es\/?p=135672"},"modified":"2026-09-02T08:26:08","modified_gmt":"2026-09-02T14:26:08","slug":"congreso-conoce-ley-para-crear-empresa-nacional-de-transporte-nueva-ley-de-aguas-y-dignificar-al-magisterio","status":"publish","type":"post","link":"https:\/\/elmetropolitano.com.gt\/es\/congreso-conoce-ley-para-crear-empresa-nacional-de-transporte-nueva-ley-de-aguas-y-dignificar-al-magisterio\/","title":{"rendered":"Congreso conoce Ley para crear Empresa Nacional de Transporte, Nueva Ley de Aguas y Dignificar al Magisterio"},"content":{"rendered":"\n<p>Tres nuevas iniciativas de ley, conoci\u00f3 el pleno legislativo durante la sesi\u00f3n plenaria de este martes, relativas a la creaci\u00f3n de la ley org\u00e1nica de la empresa nacional de transporte, otra que contiene una nueva la ley general para la gesti\u00f3n integral y sostenible del recurso h\u00eddrico Ley de Aguas , as\u00ed como la ley temporal para el nombramiento de maestros.<\/p>\n\n\n\n<p>La iniciativa 6833, propone la ley temporal para el nombramiento de maestros catalogados que ejerzan actividades de docencia por contrato con cargo a los renglones de gasto 021 \u201cpersonal supernumerario\u201d 022 \u201cpersonal por contrato\u201d, al rengl\u00f3n presupuestario 011 \u201cpersonal permanente\u201d del Ministerio de Educaci\u00f3n.<\/p><div class=\"elmet-contenido\" id=\"elmet-3522965010\"><div class=\"elmet-adlabel\">Anuncios<\/div><div style=\"margin-top: 20px;margin-right: 20px;margin-bottom: 20px;margin-left: 20px;\" id=\"elmet-1725032424\"><a href=\"https:\/\/www.facebook.com\/arrincuanantigua\/\" aria-label=\"cintillo-arrin-cual\"><img loading=\"lazy\" decoding=\"async\" src=\"https:\/\/elmetropolitano.com.gt\/es\/wp-content\/uploads\/2021\/11\/cintillo-arrin-cual-1.jpg\" alt=\"\"  srcset=\"https:\/\/elmetropolitano.com.gt\/es\/wp-content\/uploads\/2021\/11\/cintillo-arrin-cual-1.jpg 750w, https:\/\/elmetropolitano.com.gt\/es\/wp-content\/uploads\/2021\/11\/cintillo-arrin-cual-1-300x36.jpg 300w, https:\/\/elmetropolitano.com.gt\/es\/wp-content\/uploads\/2021\/11\/cintillo-arrin-cual-1-600x72.jpg 600w\" sizes=\"(max-width: 750px) 100vw, 750px\" width=\"750\" height=\"90\"   \/><\/a><\/div><\/div>\n\n\n\n<p>Se busca con esta iniciativa de Ley establecer un mecanismo para dignificar al magisterio por medio de una soluci\u00f3n ordenada de manera continua, para fortalecer al magisterio nacional. Fue enviada a la Comisi\u00f3n de Deportes para su estudio y dictamen.<\/p>\n\n\n\n<p>Con el registro 6834, se conoci\u00f3 la iniciativa que plantea la aprobaci\u00f3n de la ley general para la gesti\u00f3n integral y sostenible del recurso h\u00eddrico o Ley de Aguas, por medio de la cual se buscan soluciones a los efectos ambientales, econ\u00f3micos, sociales e institucionales generados por el mal uso y aprovechamiento del vital l\u00edquido en el territorio nacional.<\/p>\n\n\n\n<p>La finalidad de la iniciativa es contar con comit\u00e9s de cuentas en todas las comunidades del pa\u00eds para adoptar soluciones comunes para utilizar adecuadamente los recursos h\u00eddricos.<\/p>\n\n\n\n<p>Esta ley que present\u00f3 el jefe de bancada de la UNE In\u00e9s Castillo y busca beneficiar al sector privado aglutinado en el CACIF se remiti\u00f3 a la Comisi\u00f3n de Seguridad Alimentaria para estudio y dictamen cuando quien la debe conocer es la comisi\u00f3n de Ambiente<\/p>\n\n\n\n<p>Finalmente, la iniciativa 6718, propone la creaci\u00f3n de la ley org\u00e1nica para la creaci\u00f3n de una empresa nacional de transporte.<\/p>\n\n\n\n<p>El prop\u00f3sito de dicha propuesta es buscar soluci\u00f3n a la movilizaci\u00f3n de la poblaci\u00f3n, en especial quienes se transportan por medio del servicio p\u00fablico, garantizar as\u00ed, la seguridad vial de la poblaci\u00f3n para lo cual, contar con un servicio especializado con una estructura integral, tecnolog\u00eda de avanzada, modelos de financiamiento y en fin, todos los elementos que contribuyan a mejorar la calidad de vida de los guatemaltecos en general. Se curs\u00f3\u00f3 a la Comisi\u00f3n de Comunicaciones, Transporte y Obras P\u00fablicas.<\/p>\n\n\n\n<p><a href=\"https:\/\/www.facebook.com\/hashtag\/congresogt?__cft__[0]=AZh7PTrtvoNH7j_KdPhrUPasEwq2yq0mcDH-lkcUM8v9OIWBiczcwhP3s24Nin6x-0HmaUuoLS52dS2kyxeDGcDwcL_6RYpEUwVsFpLLrvfuEHE12u1B4ToQQzdIrX7YM64C5_VK0DLhe4aVCNUKai3UowTG2265WJOMzVfx0qaE-oOrj6wAk15RcSk&amp;__tn__=*NK-R\">#CongresoGT<\/a><a href=\"https:\/\/www.facebook.com\/hashtag\/leydeaguas?__cft__[0]=AZh7PTrtvoNH7j_KdPhrUPasEwq2yq0mcDH-lkcUM8v9OIWBiczcwhP3s24Nin6x-0HmaUuoLS52dS2kyxeDGcDwcL_6RYpEUwVsFpLLrvfuEHE12u1B4ToQQzdIrX7YM64C5_VK0DLhe4aVCNUKai3UowTG2265WJOMzVfx0qaE-oOrj6wAk15RcSk&amp;__tn__=*NK-R\">#LeyDeAguas<\/a><a href=\"https:\/\/www.facebook.com\/hashtag\/metroredes?__cft__[0]=AZh7PTrtvoNH7j_KdPhrUPasEwq2yq0mcDH-lkcUM8v9OIWBiczcwhP3s24Nin6x-0HmaUuoLS52dS2kyxeDGcDwcL_6RYpEUwVsFpLLrvfuEHE12u1B4ToQQzdIrX7YM64C5_VK0DLhe4aVCNUKai3UowTG2265WJOMzVfx0qaE-oOrj6wAk15RcSk&amp;__tn__=*NK-R\">#metroredes<\/a><a href=\"https:\/\/www.facebook.com\/hashtag\/empresanacionaldetransporte?__cft__[0]=AZh7PTrtvoNH7j_KdPhrUPasEwq2yq0mcDH-lkcUM8v9OIWBiczcwhP3s24Nin6x-0HmaUuoLS52dS2kyxeDGcDwcL_6RYpEUwVsFpLLrvfuEHE12u1B4ToQQzdIrX7YM64C5_VK0DLhe4aVCNUKai3UowTG2265WJOMzVfx0qaE-oOrj6wAk15RcSk&amp;__tn__=*NK-R\">#EmpresaNacionalDeTransporte<\/a><\/p>\n","protected":false},"excerpt":{"rendered":"<p>Tres nuevas iniciativas de ley, conoci\u00f3 el pleno legislativo durante la sesi\u00f3n plenaria de este martes, relativas a la creaci\u00f3n de la ley org\u00e1nica de la empresa nacional de transporte, otra que contiene una nueva la ley general para la gesti\u00f3n integral y sostenible del recurso h\u00eddrico Ley de Aguas , as\u00ed como la ley <a class=\"read-more\" href=\"https:\/\/elmetropolitano.com.gt\/es\/congreso-conoce-ley-para-crear-empresa-nacional-de-transporte-nueva-ley-de-aguas-y-dignificar-al-magisterio\/\">Leer m\u00e1s<\/a><\/p>\n","protected":false},"author":1,"featured_media":135673,"comment_status":"open","ping_status":"closed","sticky":false,"template":"","format":"standard","meta":{"footnotes":""},"categories":[2],"tags":[12],"class_list":["post-135672","post","type-post","status-publish","format-standard","has-post-thumbnail","hentry","category-nacionales","tag-nacionales"],"_links":{"self":[{"href":"https:\/\/elmetropolitano.com.gt\/es\/wp-json\/wp\/v2\/posts\/135672","targetHints":{"allow":["GET"]}}],"collection":[{"href":"https:\/\/elmetropolitano.com.gt\/es\/wp-json\/wp\/v2\/posts"}],"about":[{"href":"https:\/\/elmetropolitano.com.gt\/es\/wp-json\/wp\/v2\/types\/post"}],"author":[{"embeddable":true,"href":"https:\/\/elmetropolitano.com.gt\/es\/wp-json\/wp\/v2\/users\/1"}],"replies":[{"embeddable":true,"href":"https:\/\/elmetropolitano.com.gt\/es\/wp-json\/wp\/v2\/comments?post=135672"}],"version-history":[{"count":1,"href":"https:\/\/elmetropolitano.com.gt\/es\/wp-json\/wp\/v2\/posts\/135672\/revisions"}],"predecessor-version":[{"id":135674,"href":"https:\/\/elmetropolitano.com.gt\/es\/wp-json\/wp\/v2\/posts\/135672\/revisions\/135674"}],"wp:featuredmedia":[{"embeddable":true,"href":"https:\/\/elmetropolitano.com.gt\/es\/wp-json\/wp\/v2\/media\/135673"}],"wp:attachment":[{"href":"https:\/\/elmetropolitano.com.gt\/es\/wp-json\/wp\/v2\/media?parent=135672"}],"wp:term":[{"taxonomy":"category","embeddable":true,"href":"https:\/\/elmetropolitano.com.gt\/es\/wp-json\/wp\/v2\/categories?post=135672"},{"taxonomy":"post_tag","embeddable":true,"href":"https:\/\/elmetropolitano.com.gt\/es\/wp-json\/wp\/v2\/tags?post=135672"}],"curies":[{"name":"wp","href":"https:\/\/api.w.org\/{rel}","templated":true}]}}