{"id":135723,"date":"2026-09-02T09:38:40","date_gmt":"2026-09-02T15:38:40","guid":{"rendered":"https:\/\/elmetropolitano.com.gt\/es\/?p=135723"},"modified":"2026-09-02T09:38:41","modified_gmt":"2026-09-02T15:38:41","slug":"presidente-arevalo-sanciona-ley-general-del-sistema-portuario","status":"publish","type":"post","link":"https:\/\/elmetropolitano.com.gt\/es\/presidente-arevalo-sanciona-ley-general-del-sistema-portuario\/","title":{"rendered":"Presidente Ar\u00e9valo sanciona Ley General del Sistema Portuario"},"content":{"rendered":"\n<p>El presidente Bernardo Ar\u00e9valo sancion\u00f3 la Ley General del Sistema Portuario, aprobada por el Congreso de la Rep\u00fablica el pasado 5 de agosto.<\/p>\n\n\n\n<p>El mejoramiento de condiciones del sistema portuario es una meta del Gobierno del presidente Bernardo Ar\u00e9valo, y con su publicaci\u00f3n en el diario oficial se convierte en una realidad.<\/p><div class=\"elmet-contenido\" id=\"elmet-912729300\"><div class=\"elmet-adlabel\">Anuncios<\/div><div style=\"margin-top: 20px;margin-right: 20px;margin-bottom: 20px;margin-left: 20px;\" id=\"elmet-77637482\"><a href=\"https:\/\/www.facebook.com\/arrincuanantigua\/\" aria-label=\"cintillo-arrin-cual\"><img loading=\"lazy\" decoding=\"async\" src=\"https:\/\/elmetropolitano.com.gt\/es\/wp-content\/uploads\/2021\/11\/cintillo-arrin-cual-1.jpg\" alt=\"\"  srcset=\"https:\/\/elmetropolitano.com.gt\/es\/wp-content\/uploads\/2021\/11\/cintillo-arrin-cual-1.jpg 750w, https:\/\/elmetropolitano.com.gt\/es\/wp-content\/uploads\/2021\/11\/cintillo-arrin-cual-1-300x36.jpg 300w, https:\/\/elmetropolitano.com.gt\/es\/wp-content\/uploads\/2021\/11\/cintillo-arrin-cual-1-600x72.jpg 600w\" sizes=\"(max-width: 750px) 100vw, 750px\" width=\"750\" height=\"90\"   \/><\/a><\/div><\/div>\n\n\n\n<p>Al sancionar el Decreto Numero 20-2026, el presidente exclam\u00f3:<\/p>\n\n\n\n<p>Eso quiere decir, poder darle al pa\u00eds puertos eficientes, transparentes y seguros para los pr\u00f3ximos 40 a\u00f1os. As\u00ed que, accionamos.<\/p>\n\n\n\n<p>Una ley para fortalecer la competitividad comercial<\/p>\n\n\n\n<p>De acuerdo con la titular del Ministerio de Comunicaciones, Infraestructura y Vivienda (CIV), Norma Zea, sancionar esta ley se convierte en una oportunidad de mejora para la competitividad comercial del pa\u00eds, pues busca atender a los puertos del pa\u00eds, los cuales han permanecido abandonados durante d\u00e9cadas.<\/p>\n\n\n\n<p>Asimismo, Fernando Suriano, viceministro de Transportes, es una ley t\u00e9cnica que crea el marco para fortalecer las capacidades portuarias de Guatemala, as\u00ed como para atraer inversi\u00f3n.<\/p>\n\n\n\n<p>Habilita para volver y atraer inversiones de forma transparente y eficiente que puedan ofrecer al mercado guatemalteco un comercio m\u00e1s \u00e1gil y eficiente con el mundo, expres\u00f3 Suriano.<\/p>\n\n\n\n<p>Qu\u00e9 comprende la ley<\/p>\n\n\n\n<p>De esta manera, la Ley del Sistema Portuario establece las condiciones necesarias para mejorar el desarrollo portuario, desde autoridades para cada aspecto para evitar duplicidades, hasta estrategias para construir condiciones log\u00edsticas para reducir tiempo y costos.<\/p>\n\n\n\n<p>Con la aprobaci\u00f3n de esta nueva ley, Guatemala avanza hacia un sistema de puertos que responda a las necesidades de la econom\u00eda actual, impulsando as\u00ed el comercio y la inversi\u00f3n extranjera, considerando la privilegiada ubicaci\u00f3n geogr\u00e1fica del pa\u00eds.<\/p>\n\n\n\n<p>M\u00e1s regulaci\u00f3n, menos duplicidad<\/p>\n\n\n\n<p>La nueva ley llega para establecer las condiciones id\u00f3neas para el desarrollo portuario. Entre lo m\u00e1s relevante de la ley se encuentra, no solo el establecimiento de la APN, sino tambi\u00e9n el del Sistema Portuario Nacional, que reunir\u00e1 a los actores portuarios que coordinar\u00e1n el funcionamiento de los puertos del pa\u00eds.<\/p>\n\n\n\n<p>Asimismo, el Ejecutivo tendr\u00e1 injerencia mediante el Ministerio de Econom\u00eda (Mineco), Ministerio de Comunicaciones, Infraestructura y Vivienda (CIV) y del Ministerio de Gobernaci\u00f3n (Mingob), entidades que conformar\u00e1n la APN con dos miembros, uno titular y uno suplente designados por el presidente de la Rep\u00fablica.<\/p>\n\n\n\n<p>Tambi\u00e9n establece el Plan Nacional Integral de Desarrollo Portuario (Planport) para construir condiciones log\u00edsticas que permitan reducir tiempos y costos en materia de comercio exterior.<\/p>\n\n\n\n<p>Texto Mariana L\u00f3pez<\/p>\n\n\n\n<p>#LeyPortuaria #BernardoAr\u00e9valo #metroredes #elmetropolitanogt <a href=\"http:\/\/www.elmetropolitano.com.gt\">www.elmetropolitano.com.gt<\/a> <a href=\"http:\/\/www.metroredes.com\">www.metroredes.com<\/a> <a href=\"http:\/\/www.elescuintleco.com\">www.elescuintleco.com<\/a><\/p>\n\n\n\n<figure class=\"wp-block-gallery has-nested-images columns-default is-cropped wp-block-gallery-1 is-layout-flex wp-block-gallery-is-layout-flex\">\n<figure class=\"wp-block-image size-large\"><img loading=\"lazy\" decoding=\"async\" width=\"750\" height=\"375\" data-id=\"135725\" src=\"https:\/\/elmetropolitano.com.gt\/es\/wp-content\/uploads\/2026\/09\/ACTIVIDAD-PORTUARIA.jpg\" alt=\"\" class=\"wp-image-135725\" srcset=\"https:\/\/elmetropolitano.com.gt\/es\/wp-content\/uploads\/2026\/09\/ACTIVIDAD-PORTUARIA.jpg 750w, https:\/\/elmetropolitano.com.gt\/es\/wp-content\/uploads\/2026\/09\/ACTIVIDAD-PORTUARIA-300x150.jpg 300w\" sizes=\"auto, (max-width: 750px) 100vw, 750px\" \/><\/figure>\n\n\n\n<figure class=\"wp-block-image size-large\"><img loading=\"lazy\" decoding=\"async\" width=\"1024\" height=\"512\" data-id=\"135726\" src=\"https:\/\/elmetropolitano.com.gt\/es\/wp-content\/uploads\/2026\/09\/WhatsApp-Image-2026-06-16-at-7.02.02-p.-m-1140x570-1-1-1024x512.jpeg\" alt=\"\" class=\"wp-image-135726\" srcset=\"https:\/\/elmetropolitano.com.gt\/es\/wp-content\/uploads\/2026\/09\/WhatsApp-Image-2026-06-16-at-7.02.02-p.-m-1140x570-1-1-1024x512.jpeg 1024w, https:\/\/elmetropolitano.com.gt\/es\/wp-content\/uploads\/2026\/09\/WhatsApp-Image-2026-06-16-at-7.02.02-p.-m-1140x570-1-1-300x150.jpeg 300w, https:\/\/elmetropolitano.com.gt\/es\/wp-content\/uploads\/2026\/09\/WhatsApp-Image-2026-06-16-at-7.02.02-p.-m-1140x570-1-1-768x384.jpeg 768w, https:\/\/elmetropolitano.com.gt\/es\/wp-content\/uploads\/2026\/09\/WhatsApp-Image-2026-06-16-at-7.02.02-p.-m-1140x570-1-1.jpeg 1140w\" sizes=\"auto, (max-width: 1024px) 100vw, 1024px\" \/><\/figure>\n<\/figure>\n","protected":false},"excerpt":{"rendered":"<p>El presidente Bernardo Ar\u00e9valo sancion\u00f3 la Ley General del Sistema Portuario, aprobada por el Congreso de la Rep\u00fablica el pasado 5 de agosto. El mejoramiento de condiciones del sistema portuario es una meta del Gobierno del presidente Bernardo Ar\u00e9valo, y con su publicaci\u00f3n en el diario oficial se convierte en una realidad. Al sancionar el <a class=\"read-more\" href=\"https:\/\/elmetropolitano.com.gt\/es\/presidente-arevalo-sanciona-ley-general-del-sistema-portuario\/\">Leer m\u00e1s<\/a><\/p>\n","protected":false},"author":1,"featured_media":135724,"comment_status":"open","ping_status":"closed","sticky":false,"template":"","format":"standard","meta":{"footnotes":""},"categories":[2],"tags":[12],"class_list":["post-135723","post","type-post","status-publish","format-standard","has-post-thumbnail","hentry","category-nacionales","tag-nacionales"],"_links":{"self":[{"href":"https:\/\/elmetropolitano.com.gt\/es\/wp-json\/wp\/v2\/posts\/135723","targetHints":{"allow":["GET"]}}],"collection":[{"href":"https:\/\/elmetropolitano.com.gt\/es\/wp-json\/wp\/v2\/posts"}],"about":[{"href":"https:\/\/elmetropolitano.com.gt\/es\/wp-json\/wp\/v2\/types\/post"}],"author":[{"embeddable":true,"href":"https:\/\/elmetropolitano.com.gt\/es\/wp-json\/wp\/v2\/users\/1"}],"replies":[{"embeddable":true,"href":"https:\/\/elmetropolitano.com.gt\/es\/wp-json\/wp\/v2\/comments?post=135723"}],"version-history":[{"count":1,"href":"https:\/\/elmetropolitano.com.gt\/es\/wp-json\/wp\/v2\/posts\/135723\/revisions"}],"predecessor-version":[{"id":135727,"href":"https:\/\/elmetropolitano.com.gt\/es\/wp-json\/wp\/v2\/posts\/135723\/revisions\/135727"}],"wp:featuredmedia":[{"embeddable":true,"href":"https:\/\/elmetropolitano.com.gt\/es\/wp-json\/wp\/v2\/media\/135724"}],"wp:attachment":[{"href":"https:\/\/elmetropolitano.com.gt\/es\/wp-json\/wp\/v2\/media?parent=135723"}],"wp:term":[{"taxonomy":"category","embeddable":true,"href":"https:\/\/elmetropolitano.com.gt\/es\/wp-json\/wp\/v2\/categories?post=135723"},{"taxonomy":"post_tag","embeddable":true,"href":"https:\/\/elmetropolitano.com.gt\/es\/wp-json\/wp\/v2\/tags?post=135723"}],"curies":[{"name":"wp","href":"https:\/\/api.w.org\/{rel}","templated":true}]}}