{"id":135741,"date":"2026-09-02T12:37:13","date_gmt":"2026-09-02T18:37:13","guid":{"rendered":"https:\/\/elmetropolitano.com.gt\/es\/?p=135741"},"modified":"2026-09-02T12:37:15","modified_gmt":"2026-09-02T18:37:15","slug":"quetzaltenango-abre-la-puerta-a-una-villa-deportiva-del-ciclismo","status":"publish","type":"post","link":"https:\/\/elmetropolitano.com.gt\/es\/quetzaltenango-abre-la-puerta-a-una-villa-deportiva-del-ciclismo\/","title":{"rendered":"Quetzaltenango abre la puerta a una Villa Deportiva del Ciclismo"},"content":{"rendered":"\n<p>Un proyecto que busca impulsar el BMX, ciclismo de ruta y monta\u00f1a requiere ahora del respaldo de autoridades, patrocinadores y empresas para convertirse en una realidad para los atletas guatemaltecos.<\/p>\n\n\n\n<p>El sue\u00f1o de contar con una infraestructura digna para el desarrollo del ciclismo guatemalteco dio un nuevo paso en Quetzaltenango, donde se realiz\u00f3 una tercera visita de campo al terreno propuesto para la construcci\u00f3n de un vel\u00f3dromo y una futura Villa Deportiva del Ciclismo.<\/p><div class=\"elmet-contenido\" id=\"elmet-4269912899\"><div class=\"elmet-adlabel\">Anuncios<\/div><div style=\"margin-top: 20px;margin-right: 20px;margin-bottom: 20px;margin-left: 20px;\" id=\"elmet-4133695579\"><a href=\"https:\/\/www.facebook.com\/arrincuanantigua\/\" aria-label=\"cintillo-arrin-cual\"><img loading=\"lazy\" decoding=\"async\" src=\"https:\/\/elmetropolitano.com.gt\/es\/wp-content\/uploads\/2021\/11\/cintillo-arrin-cual-1.jpg\" alt=\"\"  srcset=\"https:\/\/elmetropolitano.com.gt\/es\/wp-content\/uploads\/2021\/11\/cintillo-arrin-cual-1.jpg 750w, https:\/\/elmetropolitano.com.gt\/es\/wp-content\/uploads\/2021\/11\/cintillo-arrin-cual-1-300x36.jpg 300w, https:\/\/elmetropolitano.com.gt\/es\/wp-content\/uploads\/2021\/11\/cintillo-arrin-cual-1-600x72.jpg 600w\" sizes=\"(max-width: 750px) 100vw, 750px\" width=\"750\" height=\"90\"   \/><\/a><\/div><\/div>\n\n\n\n<p>La visita se concret\u00f3 como parte del seguimiento a la solicitud planteada a principios de a\u00f1o ante la Municipalidad de Quetzaltenango y permiti\u00f3 finalmente realizar el reconocimiento del extenso terreno que podr\u00eda convertirse en un importante centro para la formaci\u00f3n y preparaci\u00f3n de atletas.<\/p>\n\n\n\n<p>La propuesta contempla mucho m\u00e1s que un vel\u00f3dromo. El proyecto busca crear un complejo deportivo que permita la pr\u00e1ctica y masificaci\u00f3n de distintas disciplinas, entre ellas BMX, ciclismo de ruta, Cross Country y Cross Country Ol\u00edmpico, adem\u00e1s de incorporar \u00e1reas de parqueo, espacios para entrenamiento, formaci\u00f3n deportiva y caba\u00f1as que puedan servir de hospedaje para ciclistas provenientes de distintos departamentos del pa\u00eds.<\/p>\n\n\n\n<p>Un proyecto que necesita de todos<\/p>\n\n\n\n<p>El avance de esta iniciativa vuelve a poner sobre la mesa una realidad del deporte guatemalteco: los grandes resultados requieren tambi\u00e9n de grandes inversiones en infraestructura, formaci\u00f3n y oportunidades para los atletas.<\/p>\n\n\n\n<p>Por ello, el desarrollo de una Villa Deportiva del Ciclismo no deber\u00eda ser una responsabilidad exclusiva de dirigentes y deportistas. Las autoridades municipales y gubernamentales tienen un papel fundamental para facilitar y respaldar proyectos que permitan contar con instalaciones adecuadas, mientras que la iniciativa privada y las casas comerciales vinculadas al deporte pueden convertirse en aliados estrat\u00e9gicos para hacer realidad esta visi\u00f3n.<\/p>\n\n\n\n<p>El ciclismo guatemalteco ha demostrado que existe talento y capacidad para competir al m\u00e1s alto nivel. Sin embargo, para que ese talento contin\u00fae creciendo y alcance nuevas generaciones, es indispensable crear espacios donde los atletas puedan entrenar, competir, prepararse y desarrollar sus capacidades en condiciones adecuadas.<\/p>\n\n\n\n<p>La construcci\u00f3n de infraestructura deportiva tambi\u00e9n representa una apuesta por la juventud. Un complejo de estas caracter\u00edsticas podr\u00eda convertirse en un punto de encuentro para ni\u00f1os, j\u00f3venes y atletas de alto rendimiento, contribuyendo a la masificaci\u00f3n del ciclismo y a la formaci\u00f3n de nuevos talentos.<\/p>\n\n\n\n<p>Del sue\u00f1o a la realidad<\/p>\n\n\n\n<p>Quienes impulsan la iniciativa reconocen que transformar este proyecto en una realidad requerir\u00e1 visi\u00f3n, planificaci\u00f3n, perseverancia y, sobre todo, trabajo conjunto.<\/p>\n\n\n\n<p>El reconocimiento del terreno constituye un paso importante, pero el camino todav\u00eda es largo. Ser\u00e1 necesario sumar voluntades, definir los aspectos t\u00e9cnicos y financieros y establecer alianzas que permitan avanzar hacia la ejecuci\u00f3n del proyecto.<\/p>\n\n\n\n<p>El llamado est\u00e1 dirigido especialmente a patrocinadores, marcas, casas comerciales y empresas privadas para que se involucren y comprendan que apoyar el deporte no significa \u00fanicamente colocar un logotipo en una competencia. Tambi\u00e9n implica invertir en el futuro de los atletas y en la creaci\u00f3n de condiciones que permitan que el talento guatemalteco pueda desarrollarse.<\/p>\n\n\n\n<p>La Villa Deportiva del Ciclismo puede convertirse en mucho m\u00e1s que una obra de infraestructura: puede ser una casa para los ciclistas guatemaltecos y una plataforma para formar a las pr\u00f3ximas generaciones de campeones.<\/p>\n\n\n\n<p>El primer paso ya est\u00e1 dado. Ahora, el reto es lograr que autoridades, empresas, patrocinadores y comunidad deportiva pedaleen en la misma direcci\u00f3n para que este sue\u00f1o deje de ser un proyecto sobre el papel y se convierta en una realidad para el ciclismo de Guatemala.<\/p>\n\n\n\n<p>Texto Mario Rolando Reyes<\/p>\n\n\n\n<p>#Ciclismo #metroredes #elmetropolitanogt <a href=\"http:\/\/www.elmetropolitano.com.gt\">www.elmetropolitano.com.gt<\/a> <a href=\"http:\/\/www.metroredes.com\">www.metroredes.com<\/a> <a href=\"http:\/\/www.elescuintleco.com\">www.elescuintleco.com<\/a><\/p>\n\n\n\n<figure class=\"wp-block-gallery has-nested-images columns-default is-cropped wp-block-gallery-1 is-layout-flex wp-block-gallery-is-layout-flex\">\n<figure class=\"wp-block-image size-large\"><img loading=\"lazy\" decoding=\"async\" width=\"768\" height=\"1024\" data-id=\"135746\" src=\"https:\/\/elmetropolitano.com.gt\/es\/wp-content\/uploads\/2026\/09\/1-6-768x1024.jpg\" alt=\"\" class=\"wp-image-135746\" srcset=\"https:\/\/elmetropolitano.com.gt\/es\/wp-content\/uploads\/2026\/09\/1-6-768x1024.jpg 768w, https:\/\/elmetropolitano.com.gt\/es\/wp-content\/uploads\/2026\/09\/1-6-225x300.jpg 225w, https:\/\/elmetropolitano.com.gt\/es\/wp-content\/uploads\/2026\/09\/1-6-1152x1536.jpg 1152w, https:\/\/elmetropolitano.com.gt\/es\/wp-content\/uploads\/2026\/09\/1-6.jpg 1200w\" sizes=\"auto, (max-width: 768px) 100vw, 768px\" \/><\/figure>\n\n\n\n<figure class=\"wp-block-image size-large\"><img loading=\"lazy\" decoding=\"async\" width=\"1024\" height=\"837\" data-id=\"135745\" src=\"https:\/\/elmetropolitano.com.gt\/es\/wp-content\/uploads\/2026\/09\/2-2-1024x837.jpg\" alt=\"\" class=\"wp-image-135745\" srcset=\"https:\/\/elmetropolitano.com.gt\/es\/wp-content\/uploads\/2026\/09\/2-2-1024x837.jpg 1024w, https:\/\/elmetropolitano.com.gt\/es\/wp-content\/uploads\/2026\/09\/2-2-300x245.jpg 300w, https:\/\/elmetropolitano.com.gt\/es\/wp-content\/uploads\/2026\/09\/2-2-768x628.jpg 768w, https:\/\/elmetropolitano.com.gt\/es\/wp-content\/uploads\/2026\/09\/2-2.jpg 1435w\" sizes=\"auto, (max-width: 1024px) 100vw, 1024px\" \/><\/figure>\n\n\n\n<figure class=\"wp-block-image size-large\"><img loading=\"lazy\" decoding=\"async\" width=\"1024\" height=\"543\" data-id=\"135744\" src=\"https:\/\/elmetropolitano.com.gt\/es\/wp-content\/uploads\/2026\/09\/3-2-1024x543.jpg\" alt=\"\" class=\"wp-image-135744\" srcset=\"https:\/\/elmetropolitano.com.gt\/es\/wp-content\/uploads\/2026\/09\/3-2-1024x543.jpg 1024w, https:\/\/elmetropolitano.com.gt\/es\/wp-content\/uploads\/2026\/09\/3-2-300x159.jpg 300w, https:\/\/elmetropolitano.com.gt\/es\/wp-content\/uploads\/2026\/09\/3-2-768x407.jpg 768w, https:\/\/elmetropolitano.com.gt\/es\/wp-content\/uploads\/2026\/09\/3-2.jpg 1200w\" sizes=\"auto, (max-width: 1024px) 100vw, 1024px\" \/><\/figure>\n\n\n\n<figure class=\"wp-block-image size-large\"><img loading=\"lazy\" decoding=\"async\" width=\"1024\" height=\"768\" data-id=\"135747\" src=\"https:\/\/elmetropolitano.com.gt\/es\/wp-content\/uploads\/2026\/09\/4-1-1024x768.jpg\" alt=\"\" class=\"wp-image-135747\" srcset=\"https:\/\/elmetropolitano.com.gt\/es\/wp-content\/uploads\/2026\/09\/4-1-1024x768.jpg 1024w, https:\/\/elmetropolitano.com.gt\/es\/wp-content\/uploads\/2026\/09\/4-1-300x225.jpg 300w, https:\/\/elmetropolitano.com.gt\/es\/wp-content\/uploads\/2026\/09\/4-1-768x576.jpg 768w, https:\/\/elmetropolitano.com.gt\/es\/wp-content\/uploads\/2026\/09\/4-1-1536x1152.jpg 1536w, https:\/\/elmetropolitano.com.gt\/es\/wp-content\/uploads\/2026\/09\/4-1.jpg 1600w\" sizes=\"auto, (max-width: 1024px) 100vw, 1024px\" \/><\/figure>\n\n\n\n<figure class=\"wp-block-image size-large\"><img loading=\"lazy\" decoding=\"async\" width=\"1024\" height=\"768\" data-id=\"135743\" src=\"https:\/\/elmetropolitano.com.gt\/es\/wp-content\/uploads\/2026\/09\/5-1024x768.jpg\" alt=\"\" class=\"wp-image-135743\" srcset=\"https:\/\/elmetropolitano.com.gt\/es\/wp-content\/uploads\/2026\/09\/5-1024x768.jpg 1024w, https:\/\/elmetropolitano.com.gt\/es\/wp-content\/uploads\/2026\/09\/5-300x225.jpg 300w, https:\/\/elmetropolitano.com.gt\/es\/wp-content\/uploads\/2026\/09\/5-768x576.jpg 768w, https:\/\/elmetropolitano.com.gt\/es\/wp-content\/uploads\/2026\/09\/5-1536x1152.jpg 1536w, https:\/\/elmetropolitano.com.gt\/es\/wp-content\/uploads\/2026\/09\/5.jpg 1600w\" sizes=\"auto, (max-width: 1024px) 100vw, 1024px\" \/><\/figure>\n<\/figure>\n","protected":false},"excerpt":{"rendered":"<p>Un proyecto que busca impulsar el BMX, ciclismo de ruta y monta\u00f1a requiere ahora del respaldo de autoridades, patrocinadores y empresas para convertirse en una realidad para los atletas guatemaltecos. El sue\u00f1o de contar con una infraestructura digna para el desarrollo del ciclismo guatemalteco dio un nuevo paso en Quetzaltenango, donde se realiz\u00f3 una tercera <a class=\"read-more\" href=\"https:\/\/elmetropolitano.com.gt\/es\/quetzaltenango-abre-la-puerta-a-una-villa-deportiva-del-ciclismo\/\">Leer m\u00e1s<\/a><\/p>\n","protected":false},"author":1,"featured_media":135742,"comment_status":"open","ping_status":"closed","sticky":false,"template":"","format":"standard","meta":{"footnotes":""},"categories":[43],"tags":[44],"class_list":["post-135741","post","type-post","status-publish","format-standard","has-post-thumbnail","hentry","category-deportes","tag-deportes"],"_links":{"self":[{"href":"https:\/\/elmetropolitano.com.gt\/es\/wp-json\/wp\/v2\/posts\/135741","targetHints":{"allow":["GET"]}}],"collection":[{"href":"https:\/\/elmetropolitano.com.gt\/es\/wp-json\/wp\/v2\/posts"}],"about":[{"href":"https:\/\/elmetropolitano.com.gt\/es\/wp-json\/wp\/v2\/types\/post"}],"author":[{"embeddable":true,"href":"https:\/\/elmetropolitano.com.gt\/es\/wp-json\/wp\/v2\/users\/1"}],"replies":[{"embeddable":true,"href":"https:\/\/elmetropolitano.com.gt\/es\/wp-json\/wp\/v2\/comments?post=135741"}],"version-history":[{"count":1,"href":"https:\/\/elmetropolitano.com.gt\/es\/wp-json\/wp\/v2\/posts\/135741\/revisions"}],"predecessor-version":[{"id":135748,"href":"https:\/\/elmetropolitano.com.gt\/es\/wp-json\/wp\/v2\/posts\/135741\/revisions\/135748"}],"wp:featuredmedia":[{"embeddable":true,"href":"https:\/\/elmetropolitano.com.gt\/es\/wp-json\/wp\/v2\/media\/135742"}],"wp:attachment":[{"href":"https:\/\/elmetropolitano.com.gt\/es\/wp-json\/wp\/v2\/media?parent=135741"}],"wp:term":[{"taxonomy":"category","embeddable":true,"href":"https:\/\/elmetropolitano.com.gt\/es\/wp-json\/wp\/v2\/categories?post=135741"},{"taxonomy":"post_tag","embeddable":true,"href":"https:\/\/elmetropolitano.com.gt\/es\/wp-json\/wp\/v2\/tags?post=135741"}],"curies":[{"name":"wp","href":"https:\/\/api.w.org\/{rel}","templated":true}]}}