{"id":135749,"date":"2026-09-02T12:56:20","date_gmt":"2026-09-02T18:56:20","guid":{"rendered":"https:\/\/elmetropolitano.com.gt\/es\/?p=135749"},"modified":"2026-09-02T12:56:21","modified_gmt":"2026-09-02T18:56:21","slug":"ley-general-del-sistema-portuario-establece-la-creacion-de-la-autoridad-portuaria-nacional","status":"publish","type":"post","link":"https:\/\/elmetropolitano.com.gt\/es\/ley-general-del-sistema-portuario-establece-la-creacion-de-la-autoridad-portuaria-nacional\/","title":{"rendered":"Ley General del Sistema Portuario establece la creaci\u00f3n de la Autoridad Portuaria Nacional"},"content":{"rendered":"\n<p>La Ley General del Sistema Portuario, Decreto n\u00famero 20-2026 es una realidad con su publicaci\u00f3n en el Diario de Centro Am\u00e9rica. La normativa fue aprobada por el Congreso de la Rep\u00fablica en la madrugada del pasado 5 de agosto con 123 votos a favor, y ahora, con la sanci\u00f3n del presidente Bernardo Ar\u00e9valo, se oficializa tras a\u00f1os de espera.<\/p>\n\n\n\n<p>Con la aprobaci\u00f3n de la ley, se establece un marco jur\u00eddico que permitir\u00e1 organizar, regular, administrar y supervisar el Sistema Portuario Nacional para propiciar el desarrollo de las actividades comerciales del pa\u00eds.<\/p><div class=\"elmet-contenido\" id=\"elmet-1544400713\"><div class=\"elmet-adlabel\">Anuncios<\/div><div style=\"margin-top: 20px;margin-right: 20px;margin-bottom: 20px;margin-left: 20px;\" id=\"elmet-702488046\"><a href=\"https:\/\/www.facebook.com\/arrincuanantigua\/\" aria-label=\"cintillo-arrin-cual\"><img loading=\"lazy\" decoding=\"async\" src=\"https:\/\/elmetropolitano.com.gt\/es\/wp-content\/uploads\/2021\/11\/cintillo-arrin-cual-1.jpg\" alt=\"\"  srcset=\"https:\/\/elmetropolitano.com.gt\/es\/wp-content\/uploads\/2021\/11\/cintillo-arrin-cual-1.jpg 750w, https:\/\/elmetropolitano.com.gt\/es\/wp-content\/uploads\/2021\/11\/cintillo-arrin-cual-1-300x36.jpg 300w, https:\/\/elmetropolitano.com.gt\/es\/wp-content\/uploads\/2021\/11\/cintillo-arrin-cual-1-600x72.jpg 600w\" sizes=\"(max-width: 750px) 100vw, 750px\" width=\"750\" height=\"90\"   \/><\/a><\/div><\/div>\n\n\n\n<p>Un modelo de gobernanza<\/p>\n\n\n\n<p>El Decreto 20-2026 establece la creaci\u00f3n de la Autoridad Portuaria Nacional (APN) como una entidad aut\u00f3noma y descentralizada, que ser\u00e1 la m\u00e1xima autoridad del sistema y la encargada de estimular la inversi\u00f3n del sector privado, tanto nacional como internacional, para el desarrollo y modernizaci\u00f3n de la infraestructura portuaria del pa\u00eds.<\/p>\n\n\n\n<p>De esta cuenta, la APN ejercer\u00e1 funciones concernientes al \u00e1mbito de la seguridad mar\u00edtima, navegaci\u00f3n, protecci\u00f3n del medio marino, el control del tr\u00e1fico mar\u00edtimo y gente de mar, as\u00ed como velar por el respeto de los derechos de la Rep\u00fablica sobre su territorio mar\u00edtimo y la Zona Econ\u00f3mica Exclusiva plataforma continental.<\/p>\n\n\n\n<p>Asimismo, determina competencias para cada uno de los entes involucrados con el prop\u00f3sito de evitar duplicidades de funciones.<\/p>\n\n\n\n<p>Tarifas para el uso de puertos<\/p>\n\n\n\n<p>La ley tambi\u00e9n fija tarifas para administradores y operadores portuarios con base en las estructuras operativas eficientes, equipo, maquinaria y otros aspectos, diferenciando costos de capital y costos operativos a la vez que e incluye un margen razonable necesario para garantizar la sostenibilidad.<\/p>\n\n\n\n<p>Adem\u00e1s, la APN ser\u00e1 la encargada de verificar que las tarifas, unidades de cobro, c\u00e1lculo y condiciones de aplicaci\u00f3n sean aplicadas correctamente.<\/p>\n\n\n\n<p>Uso del espacio mar\u00edtimo<\/p>\n\n\n\n<p>En materia de desarrollo portuario, la ley indica que la modalidad de arrendamiento para el desarrollo portuario es un instrumento temporal y preparatorio, destinar a permitir el uso preliminar de \u00e1reas de reserva territorial para ciertas actividades, m\u00e1s no para un r\u00e9gimen definitivo de explotaci\u00f3n del espacio.<\/p>\n\n\n\n<p>Esta condici\u00f3n garantiza que la administraci\u00f3n del territorio mar\u00edtimo y las instalaciones portuarias sean aprovechadas de forma eficiente. No obstante, tambi\u00e9n toma en cuenta otras modalidades de arrendamiento<\/p>\n\n\n\n<p>Todo lo comprendida en la ley tiene como objetivo asegurar el mejoramiento del servicio comercial portuario al establecer todas las condiciones necesarias para contribuir a la competitividad comercial.<\/p>\n\n\n\n<p>La Ley General del Sistema Portuario entrar\u00e1 en vigencia 30 d\u00edas despu\u00e9s de su publicaci\u00f3n en el diario oficial.<\/p>\n\n\n\n<p>Texto Mariana L\u00f3pez<\/p>\n\n\n\n<p>#LeyPortuaria #metroredes #elmetropolitanogt <a href=\"http:\/\/www.elmetropolitano.com.gt\">www.elmetropolitano.com.gt<\/a> <a href=\"http:\/\/www.metroredes.com\">www.metroredes.com<\/a> <a href=\"http:\/\/www.elescuintleco.com\">www.elescuintleco.com<\/a><\/p>\n","protected":false},"excerpt":{"rendered":"<p>La Ley General del Sistema Portuario, Decreto n\u00famero 20-2026 es una realidad con su publicaci\u00f3n en el Diario de Centro Am\u00e9rica. La normativa fue aprobada por el Congreso de la Rep\u00fablica en la madrugada del pasado 5 de agosto con 123 votos a favor, y ahora, con la sanci\u00f3n del presidente Bernardo Ar\u00e9valo, se oficializa <a class=\"read-more\" href=\"https:\/\/elmetropolitano.com.gt\/es\/ley-general-del-sistema-portuario-establece-la-creacion-de-la-autoridad-portuaria-nacional\/\">Leer m\u00e1s<\/a><\/p>\n","protected":false},"author":1,"featured_media":135750,"comment_status":"open","ping_status":"closed","sticky":false,"template":"","format":"standard","meta":{"footnotes":""},"categories":[2],"tags":[12],"class_list":["post-135749","post","type-post","status-publish","format-standard","has-post-thumbnail","hentry","category-nacionales","tag-nacionales"],"_links":{"self":[{"href":"https:\/\/elmetropolitano.com.gt\/es\/wp-json\/wp\/v2\/posts\/135749","targetHints":{"allow":["GET"]}}],"collection":[{"href":"https:\/\/elmetropolitano.com.gt\/es\/wp-json\/wp\/v2\/posts"}],"about":[{"href":"https:\/\/elmetropolitano.com.gt\/es\/wp-json\/wp\/v2\/types\/post"}],"author":[{"embeddable":true,"href":"https:\/\/elmetropolitano.com.gt\/es\/wp-json\/wp\/v2\/users\/1"}],"replies":[{"embeddable":true,"href":"https:\/\/elmetropolitano.com.gt\/es\/wp-json\/wp\/v2\/comments?post=135749"}],"version-history":[{"count":1,"href":"https:\/\/elmetropolitano.com.gt\/es\/wp-json\/wp\/v2\/posts\/135749\/revisions"}],"predecessor-version":[{"id":135751,"href":"https:\/\/elmetropolitano.com.gt\/es\/wp-json\/wp\/v2\/posts\/135749\/revisions\/135751"}],"wp:featuredmedia":[{"embeddable":true,"href":"https:\/\/elmetropolitano.com.gt\/es\/wp-json\/wp\/v2\/media\/135750"}],"wp:attachment":[{"href":"https:\/\/elmetropolitano.com.gt\/es\/wp-json\/wp\/v2\/media?parent=135749"}],"wp:term":[{"taxonomy":"category","embeddable":true,"href":"https:\/\/elmetropolitano.com.gt\/es\/wp-json\/wp\/v2\/categories?post=135749"},{"taxonomy":"post_tag","embeddable":true,"href":"https:\/\/elmetropolitano.com.gt\/es\/wp-json\/wp\/v2\/tags?post=135749"}],"curies":[{"name":"wp","href":"https:\/\/api.w.org\/{rel}","templated":true}]}}