{"id":135753,"date":"2026-09-02T14:47:33","date_gmt":"2026-09-02T20:47:33","guid":{"rendered":"https:\/\/elmetropolitano.com.gt\/es\/?p=135753"},"modified":"2026-09-02T14:47:34","modified_gmt":"2026-09-02T20:47:34","slug":"gobierno-presenta-elevado-presupuesto-nacional-para-el-2027","status":"publish","type":"post","link":"https:\/\/elmetropolitano.com.gt\/es\/gobierno-presenta-elevado-presupuesto-nacional-para-el-2027\/","title":{"rendered":"Gobierno presenta elevado presupuesto nacional para el 2027"},"content":{"rendered":"\n<p>Jonathan Menkos, ministro de Finanzas P\u00fablicas, entreg\u00f3 este mi\u00e9rcoles al Presidente del Congreso de la Rep\u00fablica Luis Contreras , el proyecto de Presupuesto General de Ingresos y Egresos para el ejercicio fiscal 2027, por un monto de Q192 mil 045.1 millones.<\/p>\n\n\n\n<p>El Gobierno propone que se financie con los impuestos que pagan los contribuyentes por Q131,635.9 millones, y el resto con deuda. El proyecto contempla un d\u00e9ficit fiscal del 4.4 del Producto Interno Bruto (PIB), el m\u00e1s alto registrado en m\u00e1s de una d\u00e9cada.<\/p><div class=\"elmet-contenido\" id=\"elmet-370013537\"><div class=\"elmet-adlabel\">Anuncios<\/div><div style=\"margin-top: 20px;margin-right: 20px;margin-bottom: 20px;margin-left: 20px;\" id=\"elmet-3423682846\"><a href=\"https:\/\/www.facebook.com\/arrincuanantigua\/\" aria-label=\"cintillo-arrin-cual\"><img loading=\"lazy\" decoding=\"async\" src=\"https:\/\/elmetropolitano.com.gt\/es\/wp-content\/uploads\/2021\/11\/cintillo-arrin-cual-1.jpg\" alt=\"\"  srcset=\"https:\/\/elmetropolitano.com.gt\/es\/wp-content\/uploads\/2021\/11\/cintillo-arrin-cual-1.jpg 750w, https:\/\/elmetropolitano.com.gt\/es\/wp-content\/uploads\/2021\/11\/cintillo-arrin-cual-1-300x36.jpg 300w, https:\/\/elmetropolitano.com.gt\/es\/wp-content\/uploads\/2021\/11\/cintillo-arrin-cual-1-600x72.jpg 600w\" sizes=\"(max-width: 750px) 100vw, 750px\" width=\"750\" height=\"90\"   \/><\/a><\/div><\/div>\n\n\n\n<p>Menkos indic\u00f3 que el aumento de d\u00e9ficit es justificable, debido a que el presupuesto cubre grandes deudas econ\u00f3micas pendientes en el pa\u00eds desde hace cuatro d\u00e9cadas.<\/p>\n\n\n\n<p>Explic\u00f3 que se asignan Q2 mil 800 millones para la construcci\u00f3n del muelle oeste de Puerto Quetzal; Q2 mil millones para que el Tribunal Supremo Electoral (TSE) cubra el proceso de elecciones generales el pr\u00f3ximo a\u00f1o, y se cubren las deficiencias netas del Banco de Guatemala (BANGUAT).<\/p>\n\n\n\n<p>De los ministerios, el de Educaci\u00f3n tiene una asignaci\u00f3n de Q27 mil 898 millones; Salud P\u00fablica con Q18 mil 615.5 millones; y Gobernaci\u00f3n con Q10 mil 490 millones.<\/p>\n\n\n\n<p>Para Comunicaciones, Infraestructura y Vivienda, se asignaron Q10 mil 668.6 millones, y Q74 mil 192.6 millones para cubrir las obligaciones del Estado a cargo del Tesoro.<\/p>\n\n\n\n<p>El proyecto de presupuesto fue entregado al presidente del Congreso, Luis Contreras, quien ofreci\u00f3 incluirlo en la agenda de la pr\u00f3xima semana para que sea le\u00eddo y enviado a la Comisi\u00f3n de Finanzas P\u00fablicas para su estudio y dictamen. El Legislativo tiene hasta el 30 de noviembre para aprobar este proyecto.<\/p>\n\n\n\n<p><a href=\"https:\/\/www.facebook.com\/hashtag\/elfinancierogt?__cft__[0]=AZgP9dnV_vAt5XYIGeOGk8Rz1lQb8zeFJ3td40YBWZ9K9Qz-pWlIVYnKjmYh7-8TL4GG8G871-Ll-e8N924AYutEycvHxTm4thL64l40hUcXAbpM5knfYj9gZ44GYxsYLIUd1h-7BHHf3esRGKozZmOgWDX7kNoiFKJDrC_k11G_iHHiaftqZjp13Zs&amp;__tn__=*NK-R\">#ElfinancieroGT<\/a><a href=\"https:\/\/www.facebook.com\/hashtag\/congresogt?__cft__[0]=AZgP9dnV_vAt5XYIGeOGk8Rz1lQb8zeFJ3td40YBWZ9K9Qz-pWlIVYnKjmYh7-8TL4GG8G871-Ll-e8N924AYutEycvHxTm4thL64l40hUcXAbpM5knfYj9gZ44GYxsYLIUd1h-7BHHf3esRGKozZmOgWDX7kNoiFKJDrC_k11G_iHHiaftqZjp13Zs&amp;__tn__=*NK-R\">#CongresoGT<\/a> <a href=\"http:\/\/www.elmetropolitano.com.gt\/?fbclid=IwcGRvZgVleHRuA2FlbQIxMABicmlkETFyelJFRlFjTXU2UWJlV0V1c3J0YwZhcHBfaWQQMjIyMDM5MTc4ODIwMDg5MgABHp2i72M5qg1m350AQMvxjA5B3IXQzXDRfc9tsQ9fqkIXxdsv8nvrc-79mXMI_aem_BZdozeMpfn-x2ud3ydZh-g\" target=\"_blank\" rel=\"noreferrer noopener\">Www.elmetropolitano.com.gt<\/a><\/p>\n","protected":false},"excerpt":{"rendered":"<p>Jonathan Menkos, ministro de Finanzas P\u00fablicas, entreg\u00f3 este mi\u00e9rcoles al Presidente del Congreso de la Rep\u00fablica Luis Contreras , el proyecto de Presupuesto General de Ingresos y Egresos para el ejercicio fiscal 2027, por un monto de Q192 mil 045.1 millones. El Gobierno propone que se financie con los impuestos que pagan los contribuyentes por <a class=\"read-more\" href=\"https:\/\/elmetropolitano.com.gt\/es\/gobierno-presenta-elevado-presupuesto-nacional-para-el-2027\/\">Leer m\u00e1s<\/a><\/p>\n","protected":false},"author":1,"featured_media":135754,"comment_status":"open","ping_status":"closed","sticky":false,"template":"","format":"standard","meta":{"footnotes":""},"categories":[2],"tags":[12],"class_list":["post-135753","post","type-post","status-publish","format-standard","has-post-thumbnail","hentry","category-nacionales","tag-nacionales"],"_links":{"self":[{"href":"https:\/\/elmetropolitano.com.gt\/es\/wp-json\/wp\/v2\/posts\/135753","targetHints":{"allow":["GET"]}}],"collection":[{"href":"https:\/\/elmetropolitano.com.gt\/es\/wp-json\/wp\/v2\/posts"}],"about":[{"href":"https:\/\/elmetropolitano.com.gt\/es\/wp-json\/wp\/v2\/types\/post"}],"author":[{"embeddable":true,"href":"https:\/\/elmetropolitano.com.gt\/es\/wp-json\/wp\/v2\/users\/1"}],"replies":[{"embeddable":true,"href":"https:\/\/elmetropolitano.com.gt\/es\/wp-json\/wp\/v2\/comments?post=135753"}],"version-history":[{"count":1,"href":"https:\/\/elmetropolitano.com.gt\/es\/wp-json\/wp\/v2\/posts\/135753\/revisions"}],"predecessor-version":[{"id":135755,"href":"https:\/\/elmetropolitano.com.gt\/es\/wp-json\/wp\/v2\/posts\/135753\/revisions\/135755"}],"wp:featuredmedia":[{"embeddable":true,"href":"https:\/\/elmetropolitano.com.gt\/es\/wp-json\/wp\/v2\/media\/135754"}],"wp:attachment":[{"href":"https:\/\/elmetropolitano.com.gt\/es\/wp-json\/wp\/v2\/media?parent=135753"}],"wp:term":[{"taxonomy":"category","embeddable":true,"href":"https:\/\/elmetropolitano.com.gt\/es\/wp-json\/wp\/v2\/categories?post=135753"},{"taxonomy":"post_tag","embeddable":true,"href":"https:\/\/elmetropolitano.com.gt\/es\/wp-json\/wp\/v2\/tags?post=135753"}],"curies":[{"name":"wp","href":"https:\/\/api.w.org\/{rel}","templated":true}]}}