{"id":135772,"date":"2026-09-03T10:58:16","date_gmt":"2026-09-03T16:58:16","guid":{"rendered":"https:\/\/elmetropolitano.com.gt\/es\/?p=135772"},"modified":"2026-09-03T10:58:17","modified_gmt":"2026-09-03T16:58:17","slug":"diputado-luis-contreras-interviene-en-busca-que-servicios-de-salud-mejoren-sus-servicios-en-san-marcos","status":"publish","type":"post","link":"https:\/\/elmetropolitano.com.gt\/es\/diputado-luis-contreras-interviene-en-busca-que-servicios-de-salud-mejoren-sus-servicios-en-san-marcos\/","title":{"rendered":"Diputado Luis Contreras interviene en busca que servicios de salud mejoren sus servicios en San Marcos"},"content":{"rendered":"\n<p>Cumpliendo con su labor de intermediaci\u00f3n, el diputado del partido Creo Luis Contreras, Presidente del Congreso de la Rep\u00fablica se reuni\u00f3 con Carlos Santa Cruz, viceministro de Atenci\u00f3n Primaria en Salud y autoridades de la Direcci\u00f3n Departamental de Redes Integradas de Servicios de Salud del distrito de San Marcos, para intermediar por la contrataci\u00f3n de personal para el centro de salud de San Miguel Ixtahuac\u00e1n, el abastecimiento de medicamentos de los Centros de Atenci\u00f3n Permanente, entre otros temas relacionados.<\/p>\n\n\n\n<p>En la reuni\u00f3n particip\u00f3 Jorge P\u00e9rez, alcalde de dicho municipio y otras autoridades locales de la regi\u00f3n.<\/p><div class=\"elmet-contenido\" id=\"elmet-3217493307\"><div class=\"elmet-adlabel\">Anuncios<\/div><div style=\"margin-top: 20px;margin-right: 20px;margin-bottom: 20px;margin-left: 20px;\" id=\"elmet-4260140919\"><a href=\"https:\/\/www.facebook.com\/arrincuanantigua\/\" aria-label=\"cintillo-arrin-cual\"><img loading=\"lazy\" decoding=\"async\" src=\"https:\/\/elmetropolitano.com.gt\/es\/wp-content\/uploads\/2021\/11\/cintillo-arrin-cual-1.jpg\" alt=\"\"  srcset=\"https:\/\/elmetropolitano.com.gt\/es\/wp-content\/uploads\/2021\/11\/cintillo-arrin-cual-1.jpg 750w, https:\/\/elmetropolitano.com.gt\/es\/wp-content\/uploads\/2021\/11\/cintillo-arrin-cual-1-300x36.jpg 300w, https:\/\/elmetropolitano.com.gt\/es\/wp-content\/uploads\/2021\/11\/cintillo-arrin-cual-1-600x72.jpg 600w\" sizes=\"(max-width: 750px) 100vw, 750px\" width=\"750\" height=\"90\"   \/><\/a><\/div><\/div>\n\n\n\n<p>El Presidente Contreras tambi\u00e9n solicit\u00f3 al viceministro que se pueda resolver la necesidad de abastecer de medicamentos a los 30 municipios del departamento de San Marcos .<\/p>\n\n\n\n<p>Dentro de los requerimientos que las autoridades hicieron para cubrir las vacantes en un -CAP- de , est\u00e1n el de m\u00e9dico general, psic\u00f3logo, t\u00e9cnico de laboratorio, t\u00e9cnico en salud rural, conserje y dos guardianes.<\/p>\n\n\n\n<p>El viceministro expres\u00f3 que hasta el momento las cifras registradas presentan un abastecimiento del 96%, sin embargo, el Presidente Contreras indic\u00f3 que no se tiene esos datos en f\u00edsico, por lo que solicit\u00f3 soluciones claras.<\/p>\n\n\n\n<p>Autoridades de Tajumulco tambi\u00e9n requirieron el mantenimiento de ambulancias ya que estas est\u00e1n con desperfectos mec\u00e1nicos fuera de funcionamiento; equipo de ultrasonido, entre otros aspectos.<\/p>\n\n\n\n<p>En torno a San Miguel Ixtahuac\u00e1n , tambi\u00e9n se gener\u00f3 un di\u00e1logo sobre una solicitud de recategorizaci\u00f3n del -CAP- del municipio a nivel de -CAIMI-, tomando en cuenta que estar\u00eda al servicio de m\u00e1s de 55 mil habitantes.<\/p>\n\n\n\n<p>Con respecto al municipio de Sipacapa, tambi\u00e9n se verificaron las solicitudes de contrataci\u00f3n de personal. Representantes de Tacan\u00e1, tambi\u00e9n requirieron abastecimiento de medicamentos y se dio seguimiento a la solicitud de traslado de la enfermera Olga Sosa del centro de salud de Malacat\u00e1n, San Marcos para el de Salcaj\u00e1, Quetzaltenango.<\/p>\n\n\n\n<p>En la reuni\u00f3n tambi\u00e9n se solicit\u00f3 la atenci\u00f3n de una paciente oncol\u00f3gica de San Marcos en el -INCAN-. En otro tema, se evalu\u00f3 la contrataci\u00f3n de personal de enfermer\u00eda.<\/p>\n\n\n\n<p>\u201cEstamos agradecidos con Dios y con el se\u00f1or Presidente del Congreso de la Rep\u00fablica porque se preocupa por la salud a nivel departamental, incluyendo el altiplano marquense\u201d, dijo el alcalde Jorge Perez de San Miguel Ixtahuac\u00e1n<\/p>\n\n\n\n<p><a href=\"https:\/\/www.facebook.com\/hashtag\/sanmiguelixtahuac%C3%A1n?__cft__[0]=AZg3I7l8010b9rC5nHJupHbWe_V12Fs9kF36MJ3M2aBptC0sv566R2DXlC-vAVYxg4pvIwPquFQUv6AJ7v_Ja7XrGJARSGzf3OTPtH0kZrq8eDPVzIUhRHLihjvErkTkC8Cf35CPEk8&amp;__tn__=*NK-R\">#SanMiguelIxtahuac\u00e1n<\/a>. <a href=\"https:\/\/www.facebook.com\/hashtag\/saludparatodos?__cft__[0]=AZg3I7l8010b9rC5nHJupHbWe_V12Fs9kF36MJ3M2aBptC0sv566R2DXlC-vAVYxg4pvIwPquFQUv6AJ7v_Ja7XrGJARSGzf3OTPtH0kZrq8eDPVzIUhRHLihjvErkTkC8Cf35CPEk8&amp;__tn__=*NK-R\">#SaludParaTodos<\/a> <a href=\"https:\/\/www.facebook.com\/hashtag\/diputadoluiscontreras?__cft__[0]=AZg3I7l8010b9rC5nHJupHbWe_V12Fs9kF36MJ3M2aBptC0sv566R2DXlC-vAVYxg4pvIwPquFQUv6AJ7v_Ja7XrGJARSGzf3OTPtH0kZrq8eDPVzIUhRHLihjvErkTkC8Cf35CPEk8&amp;__tn__=*NK-R\">#DiputadoLuisContreras<\/a><a href=\"https:\/\/www.facebook.com\/hashtag\/gestionydesarrollo?__cft__[0]=AZg3I7l8010b9rC5nHJupHbWe_V12Fs9kF36MJ3M2aBptC0sv566R2DXlC-vAVYxg4pvIwPquFQUv6AJ7v_Ja7XrGJARSGzf3OTPtH0kZrq8eDPVzIUhRHLihjvErkTkC8Cf35CPEk8&amp;__tn__=*NK-R\">#GestionYDesarrollo<\/a><a href=\"https:\/\/www.facebook.com\/hashtag\/sanmarcos?__cft__[0]=AZg3I7l8010b9rC5nHJupHbWe_V12Fs9kF36MJ3M2aBptC0sv566R2DXlC-vAVYxg4pvIwPquFQUv6AJ7v_Ja7XrGJARSGzf3OTPtH0kZrq8eDPVzIUhRHLihjvErkTkC8Cf35CPEk8&amp;__tn__=*NK-R\">#SanMarcos<\/a><\/p>\n\n\n\n<figure class=\"wp-block-gallery has-nested-images columns-default is-cropped wp-block-gallery-1 is-layout-flex wp-block-gallery-is-layout-flex\">\n<figure class=\"wp-block-image size-large\"><img loading=\"lazy\" decoding=\"async\" width=\"1024\" height=\"683\" data-id=\"135774\" src=\"https:\/\/elmetropolitano.com.gt\/es\/wp-content\/uploads\/2026\/09\/790366546_1648564730602937_623389821341524639_n-1-1024x683.jpg\" alt=\"\" class=\"wp-image-135774\" srcset=\"https:\/\/elmetropolitano.com.gt\/es\/wp-content\/uploads\/2026\/09\/790366546_1648564730602937_623389821341524639_n-1-1024x683.jpg 1024w, https:\/\/elmetropolitano.com.gt\/es\/wp-content\/uploads\/2026\/09\/790366546_1648564730602937_623389821341524639_n-1-300x200.jpg 300w, https:\/\/elmetropolitano.com.gt\/es\/wp-content\/uploads\/2026\/09\/790366546_1648564730602937_623389821341524639_n-1-768x512.jpg 768w, https:\/\/elmetropolitano.com.gt\/es\/wp-content\/uploads\/2026\/09\/790366546_1648564730602937_623389821341524639_n-1.jpg 1200w\" sizes=\"auto, (max-width: 1024px) 100vw, 1024px\" \/><\/figure>\n\n\n\n<figure class=\"wp-block-image size-large\"><img loading=\"lazy\" decoding=\"async\" width=\"1024\" height=\"682\" data-id=\"135777\" src=\"https:\/\/elmetropolitano.com.gt\/es\/wp-content\/uploads\/2026\/09\/791045600_1648564753936268_360787529792070266_n-1024x682.jpg\" alt=\"\" class=\"wp-image-135777\" srcset=\"https:\/\/elmetropolitano.com.gt\/es\/wp-content\/uploads\/2026\/09\/791045600_1648564753936268_360787529792070266_n-1024x682.jpg 1024w, https:\/\/elmetropolitano.com.gt\/es\/wp-content\/uploads\/2026\/09\/791045600_1648564753936268_360787529792070266_n-300x200.jpg 300w, https:\/\/elmetropolitano.com.gt\/es\/wp-content\/uploads\/2026\/09\/791045600_1648564753936268_360787529792070266_n-768x512.jpg 768w, https:\/\/elmetropolitano.com.gt\/es\/wp-content\/uploads\/2026\/09\/791045600_1648564753936268_360787529792070266_n-1536x1023.jpg 1536w, https:\/\/elmetropolitano.com.gt\/es\/wp-content\/uploads\/2026\/09\/791045600_1648564753936268_360787529792070266_n.jpg 1600w\" sizes=\"auto, (max-width: 1024px) 100vw, 1024px\" \/><\/figure>\n\n\n\n<figure class=\"wp-block-image size-large\"><img loading=\"lazy\" decoding=\"async\" width=\"1024\" height=\"682\" data-id=\"135776\" src=\"https:\/\/elmetropolitano.com.gt\/es\/wp-content\/uploads\/2026\/09\/791074846_1648564743936269_5869621389834584186_n-1024x682.jpg\" alt=\"\" class=\"wp-image-135776\" srcset=\"https:\/\/elmetropolitano.com.gt\/es\/wp-content\/uploads\/2026\/09\/791074846_1648564743936269_5869621389834584186_n-1024x682.jpg 1024w, https:\/\/elmetropolitano.com.gt\/es\/wp-content\/uploads\/2026\/09\/791074846_1648564743936269_5869621389834584186_n-300x200.jpg 300w, https:\/\/elmetropolitano.com.gt\/es\/wp-content\/uploads\/2026\/09\/791074846_1648564743936269_5869621389834584186_n-768x512.jpg 768w, https:\/\/elmetropolitano.com.gt\/es\/wp-content\/uploads\/2026\/09\/791074846_1648564743936269_5869621389834584186_n-1536x1023.jpg 1536w, https:\/\/elmetropolitano.com.gt\/es\/wp-content\/uploads\/2026\/09\/791074846_1648564743936269_5869621389834584186_n.jpg 1600w\" sizes=\"auto, (max-width: 1024px) 100vw, 1024px\" \/><\/figure>\n\n\n\n<figure class=\"wp-block-image size-large\"><img loading=\"lazy\" decoding=\"async\" width=\"1024\" height=\"683\" data-id=\"135775\" src=\"https:\/\/elmetropolitano.com.gt\/es\/wp-content\/uploads\/2026\/09\/792104907_1648564723936271_2412449590917796220_n-1024x683.jpg\" alt=\"\" class=\"wp-image-135775\" srcset=\"https:\/\/elmetropolitano.com.gt\/es\/wp-content\/uploads\/2026\/09\/792104907_1648564723936271_2412449590917796220_n-1024x683.jpg 1024w, https:\/\/elmetropolitano.com.gt\/es\/wp-content\/uploads\/2026\/09\/792104907_1648564723936271_2412449590917796220_n-300x200.jpg 300w, https:\/\/elmetropolitano.com.gt\/es\/wp-content\/uploads\/2026\/09\/792104907_1648564723936271_2412449590917796220_n-768x512.jpg 768w, https:\/\/elmetropolitano.com.gt\/es\/wp-content\/uploads\/2026\/09\/792104907_1648564723936271_2412449590917796220_n.jpg 1200w\" sizes=\"auto, (max-width: 1024px) 100vw, 1024px\" \/><\/figure>\n\n\n\n<figure class=\"wp-block-image size-large\"><img loading=\"lazy\" decoding=\"async\" width=\"1024\" height=\"682\" data-id=\"135778\" src=\"https:\/\/elmetropolitano.com.gt\/es\/wp-content\/uploads\/2026\/09\/792882471_1648564650602945_4294182334361597577_n-1024x682.jpg\" alt=\"\" class=\"wp-image-135778\" srcset=\"https:\/\/elmetropolitano.com.gt\/es\/wp-content\/uploads\/2026\/09\/792882471_1648564650602945_4294182334361597577_n-1024x682.jpg 1024w, https:\/\/elmetropolitano.com.gt\/es\/wp-content\/uploads\/2026\/09\/792882471_1648564650602945_4294182334361597577_n-300x200.jpg 300w, https:\/\/elmetropolitano.com.gt\/es\/wp-content\/uploads\/2026\/09\/792882471_1648564650602945_4294182334361597577_n-768x512.jpg 768w, https:\/\/elmetropolitano.com.gt\/es\/wp-content\/uploads\/2026\/09\/792882471_1648564650602945_4294182334361597577_n-1536x1023.jpg 1536w, https:\/\/elmetropolitano.com.gt\/es\/wp-content\/uploads\/2026\/09\/792882471_1648564650602945_4294182334361597577_n.jpg 1600w\" sizes=\"auto, (max-width: 1024px) 100vw, 1024px\" \/><\/figure>\n\n\n\n<figure class=\"wp-block-image size-large\"><img loading=\"lazy\" decoding=\"async\" width=\"1024\" height=\"682\" data-id=\"135780\" src=\"https:\/\/elmetropolitano.com.gt\/es\/wp-content\/uploads\/2026\/09\/794096112_1648564697269607_2104593122868818939_n-1024x682.jpg\" alt=\"\" class=\"wp-image-135780\" srcset=\"https:\/\/elmetropolitano.com.gt\/es\/wp-content\/uploads\/2026\/09\/794096112_1648564697269607_2104593122868818939_n-1024x682.jpg 1024w, https:\/\/elmetropolitano.com.gt\/es\/wp-content\/uploads\/2026\/09\/794096112_1648564697269607_2104593122868818939_n-300x200.jpg 300w, https:\/\/elmetropolitano.com.gt\/es\/wp-content\/uploads\/2026\/09\/794096112_1648564697269607_2104593122868818939_n-768x512.jpg 768w, https:\/\/elmetropolitano.com.gt\/es\/wp-content\/uploads\/2026\/09\/794096112_1648564697269607_2104593122868818939_n-1536x1023.jpg 1536w, https:\/\/elmetropolitano.com.gt\/es\/wp-content\/uploads\/2026\/09\/794096112_1648564697269607_2104593122868818939_n.jpg 1600w\" sizes=\"auto, (max-width: 1024px) 100vw, 1024px\" \/><\/figure>\n\n\n\n<figure class=\"wp-block-image size-large\"><img loading=\"lazy\" decoding=\"async\" width=\"1024\" height=\"682\" data-id=\"135779\" src=\"https:\/\/elmetropolitano.com.gt\/es\/wp-content\/uploads\/2026\/09\/794096138_1648564780602932_3420885390069836232_n-1024x682.jpg\" alt=\"\" class=\"wp-image-135779\" srcset=\"https:\/\/elmetropolitano.com.gt\/es\/wp-content\/uploads\/2026\/09\/794096138_1648564780602932_3420885390069836232_n-1024x682.jpg 1024w, https:\/\/elmetropolitano.com.gt\/es\/wp-content\/uploads\/2026\/09\/794096138_1648564780602932_3420885390069836232_n-300x200.jpg 300w, https:\/\/elmetropolitano.com.gt\/es\/wp-content\/uploads\/2026\/09\/794096138_1648564780602932_3420885390069836232_n-768x512.jpg 768w, https:\/\/elmetropolitano.com.gt\/es\/wp-content\/uploads\/2026\/09\/794096138_1648564780602932_3420885390069836232_n-1536x1023.jpg 1536w, https:\/\/elmetropolitano.com.gt\/es\/wp-content\/uploads\/2026\/09\/794096138_1648564780602932_3420885390069836232_n.jpg 1600w\" sizes=\"auto, (max-width: 1024px) 100vw, 1024px\" \/><\/figure>\n<\/figure>\n","protected":false},"excerpt":{"rendered":"<p>Cumpliendo con su labor de intermediaci\u00f3n, el diputado del partido Creo Luis Contreras, Presidente del Congreso de la Rep\u00fablica se reuni\u00f3 con Carlos Santa Cruz, viceministro de Atenci\u00f3n Primaria en Salud y autoridades de la Direcci\u00f3n Departamental de Redes Integradas de Servicios de Salud del distrito de San Marcos, para intermediar por la contrataci\u00f3n de <a class=\"read-more\" href=\"https:\/\/elmetropolitano.com.gt\/es\/diputado-luis-contreras-interviene-en-busca-que-servicios-de-salud-mejoren-sus-servicios-en-san-marcos\/\">Leer m\u00e1s<\/a><\/p>\n","protected":false},"author":1,"featured_media":135773,"comment_status":"open","ping_status":"closed","sticky":false,"template":"","format":"standard","meta":{"footnotes":""},"categories":[2],"tags":[12],"class_list":["post-135772","post","type-post","status-publish","format-standard","has-post-thumbnail","hentry","category-nacionales","tag-nacionales"],"_links":{"self":[{"href":"https:\/\/elmetropolitano.com.gt\/es\/wp-json\/wp\/v2\/posts\/135772","targetHints":{"allow":["GET"]}}],"collection":[{"href":"https:\/\/elmetropolitano.com.gt\/es\/wp-json\/wp\/v2\/posts"}],"about":[{"href":"https:\/\/elmetropolitano.com.gt\/es\/wp-json\/wp\/v2\/types\/post"}],"author":[{"embeddable":true,"href":"https:\/\/elmetropolitano.com.gt\/es\/wp-json\/wp\/v2\/users\/1"}],"replies":[{"embeddable":true,"href":"https:\/\/elmetropolitano.com.gt\/es\/wp-json\/wp\/v2\/comments?post=135772"}],"version-history":[{"count":1,"href":"https:\/\/elmetropolitano.com.gt\/es\/wp-json\/wp\/v2\/posts\/135772\/revisions"}],"predecessor-version":[{"id":135781,"href":"https:\/\/elmetropolitano.com.gt\/es\/wp-json\/wp\/v2\/posts\/135772\/revisions\/135781"}],"wp:featuredmedia":[{"embeddable":true,"href":"https:\/\/elmetropolitano.com.gt\/es\/wp-json\/wp\/v2\/media\/135773"}],"wp:attachment":[{"href":"https:\/\/elmetropolitano.com.gt\/es\/wp-json\/wp\/v2\/media?parent=135772"}],"wp:term":[{"taxonomy":"category","embeddable":true,"href":"https:\/\/elmetropolitano.com.gt\/es\/wp-json\/wp\/v2\/categories?post=135772"},{"taxonomy":"post_tag","embeddable":true,"href":"https:\/\/elmetropolitano.com.gt\/es\/wp-json\/wp\/v2\/tags?post=135772"}],"curies":[{"name":"wp","href":"https:\/\/api.w.org\/{rel}","templated":true}]}}