{"id":135809,"date":"2026-09-04T08:53:01","date_gmt":"2026-09-04T14:53:01","guid":{"rendered":"https:\/\/elmetropolitano.com.gt\/es\/?p=135809"},"modified":"2026-09-04T08:53:02","modified_gmt":"2026-09-04T14:53:02","slug":"volcan-de-fuego-podria-generar-caida-de-ceniza-en-comunidades-cercanas","status":"publish","type":"post","link":"https:\/\/elmetropolitano.com.gt\/es\/volcan-de-fuego-podria-generar-caida-de-ceniza-en-comunidades-cercanas\/","title":{"rendered":"Volc\u00e1n de Fuego podr\u00eda generar ca\u00edda de ceniza en comunidades cercanas"},"content":{"rendered":"\n<p>Panimach\u00e9 I y II, Morelia, Santa Sof\u00eda, Sangre de Cristo, Finca Palo Verde y Yepocapa podr\u00edan registrar ca\u00edda de ceniza del Volc\u00e1n de Fuego, debido a la actividad que mantiene el coloso, de acuerdo con el bolet\u00edn vulcanol\u00f3gico del d\u00eda del Instituto Nacional de Sismolog\u00eda, Vulcanolog\u00eda, Meteorolog\u00eda e Hidrolog\u00eda (Insivumeh).<\/p>\n\n\n\n<p>El volc\u00e1n registra entre 4 y 6 explosiones d\u00e9biles y moderadas por hora, que generan columnas de gas y ceniza que alcanzan hasta 5,000 metros sobre el nivel del mar.<\/p><div class=\"elmet-contenido\" id=\"elmet-2737407339\"><div class=\"elmet-adlabel\">Anuncios<\/div><div style=\"margin-top: 20px;margin-right: 20px;margin-bottom: 20px;margin-left: 20px;\" id=\"elmet-2908494525\"><a href=\"https:\/\/www.facebook.com\/arrincuanantigua\/\" aria-label=\"cintillo-arrin-cual\"><img loading=\"lazy\" decoding=\"async\" src=\"https:\/\/elmetropolitano.com.gt\/es\/wp-content\/uploads\/2021\/11\/cintillo-arrin-cual-1.jpg\" alt=\"\"  srcset=\"https:\/\/elmetropolitano.com.gt\/es\/wp-content\/uploads\/2021\/11\/cintillo-arrin-cual-1.jpg 750w, https:\/\/elmetropolitano.com.gt\/es\/wp-content\/uploads\/2021\/11\/cintillo-arrin-cual-1-300x36.jpg 300w, https:\/\/elmetropolitano.com.gt\/es\/wp-content\/uploads\/2021\/11\/cintillo-arrin-cual-1-600x72.jpg 600w\" sizes=\"(max-width: 750px) 100vw, 750px\" width=\"750\" height=\"90\"   \/><\/a><\/div><\/div>\n\n\n\n<p>Estas columnas se desplazan aproximadamente 30 kil\u00f3metros hacia el oeste y noroeste, por lo que las comunidades ubicadas en estas \u00e1reas deben mantenerse atentas a las condiciones del volc\u00e1n.<\/p>\n\n\n\n<p>Durante la noche y la madrugada, la actividad volc\u00e1nica tambi\u00e9n ha generado retumbos, ondas de choque y pulsos incandescentes de entre 150 y 200 metros sobre el cr\u00e1ter, se\u00f1ales de la actividad que mantiene el volc\u00e1n.<\/p>\n\n\n\n<p>Adem\u00e1s, una fumarola de gases de color blanco cubre parte del volc\u00e1n y alcanza unos 4,000 metros sobre el nivel del mar.<\/p>\n\n\n\n<p>Las condiciones del tiempo tambi\u00e9n requieren atenci\u00f3n.<\/p>\n\n\n\n<p>Actualmente se presenta cielo nublado, vientos provenientes del este y una acumulaci\u00f3n de lluvia de 24.4 mil\u00edmetros. Debido a estas condiciones, el Insivumeh advierte que durante la tarde y noche las lluvias podr\u00edan provocar el descenso de lahares por las diferentes barrancas del Volc\u00e1n de Fuego.<\/p>\n\n\n\n<p>Los lahares son corrientes de agua, ceniza, piedras y otros materiales volc\u00e1nicos que pueden descender r\u00e1pidamente por los cauces y barrancas durante las lluvias. Por ello, se recomienda a las personas que viven cerca de estas \u00e1reas mantenerse informadas y atender las indicaciones de las autoridades ante cualquier cambio en la actividad del volc\u00e1n.<\/p>\n\n\n\n<p>El Gobierno de Guatemala, por medio de las instituciones responsables de la atenci\u00f3n y monitoreo de emergencias, mantiene el seguimiento de las condiciones del Volc\u00e1n de Fuego y hace un llamado a la poblaci\u00f3n de las comunidades cercanas a mantenerse informada a trav\u00e9s de los canales oficiales.<\/p>\n\n\n\n<figure class=\"wp-block-gallery has-nested-images columns-default is-cropped wp-block-gallery-1 is-layout-flex wp-block-gallery-is-layout-flex\">\n<figure class=\"wp-block-image size-large\"><img loading=\"lazy\" decoding=\"async\" width=\"141\" height=\"190\" data-id=\"135812\" src=\"https:\/\/elmetropolitano.com.gt\/es\/wp-content\/uploads\/2026\/09\/1-10.jpg\" alt=\"\" class=\"wp-image-135812\"\/><\/figure>\n\n\n\n<figure class=\"wp-block-image size-large\"><img loading=\"lazy\" decoding=\"async\" width=\"147\" height=\"190\" data-id=\"135811\" src=\"https:\/\/elmetropolitano.com.gt\/es\/wp-content\/uploads\/2026\/09\/2-4.jpg\" alt=\"\" class=\"wp-image-135811\"\/><\/figure>\n\n\n\n<figure class=\"wp-block-image size-large\"><img loading=\"lazy\" decoding=\"async\" width=\"800\" height=\"500\" data-id=\"135813\" src=\"https:\/\/elmetropolitano.com.gt\/es\/wp-content\/uploads\/2026\/09\/3-6.jpg\" alt=\"\" class=\"wp-image-135813\" srcset=\"https:\/\/elmetropolitano.com.gt\/es\/wp-content\/uploads\/2026\/09\/3-6.jpg 800w, https:\/\/elmetropolitano.com.gt\/es\/wp-content\/uploads\/2026\/09\/3-6-300x188.jpg 300w, https:\/\/elmetropolitano.com.gt\/es\/wp-content\/uploads\/2026\/09\/3-6-768x480.jpg 768w\" sizes=\"auto, (max-width: 800px) 100vw, 800px\" \/><\/figure>\n<\/figure>\n","protected":false},"excerpt":{"rendered":"<p>Panimach\u00e9 I y II, Morelia, Santa Sof\u00eda, Sangre de Cristo, Finca Palo Verde y Yepocapa podr\u00edan registrar ca\u00edda de ceniza del Volc\u00e1n de Fuego, debido a la actividad que mantiene el coloso, de acuerdo con el bolet\u00edn vulcanol\u00f3gico del d\u00eda del Instituto Nacional de Sismolog\u00eda, Vulcanolog\u00eda, Meteorolog\u00eda e Hidrolog\u00eda (Insivumeh). El volc\u00e1n registra entre 4 <a class=\"read-more\" href=\"https:\/\/elmetropolitano.com.gt\/es\/volcan-de-fuego-podria-generar-caida-de-ceniza-en-comunidades-cercanas\/\">Leer m\u00e1s<\/a><\/p>\n","protected":false},"author":1,"featured_media":135810,"comment_status":"open","ping_status":"closed","sticky":false,"template":"","format":"standard","meta":{"footnotes":""},"categories":[2],"tags":[12],"class_list":["post-135809","post","type-post","status-publish","format-standard","has-post-thumbnail","hentry","category-nacionales","tag-nacionales"],"_links":{"self":[{"href":"https:\/\/elmetropolitano.com.gt\/es\/wp-json\/wp\/v2\/posts\/135809","targetHints":{"allow":["GET"]}}],"collection":[{"href":"https:\/\/elmetropolitano.com.gt\/es\/wp-json\/wp\/v2\/posts"}],"about":[{"href":"https:\/\/elmetropolitano.com.gt\/es\/wp-json\/wp\/v2\/types\/post"}],"author":[{"embeddable":true,"href":"https:\/\/elmetropolitano.com.gt\/es\/wp-json\/wp\/v2\/users\/1"}],"replies":[{"embeddable":true,"href":"https:\/\/elmetropolitano.com.gt\/es\/wp-json\/wp\/v2\/comments?post=135809"}],"version-history":[{"count":1,"href":"https:\/\/elmetropolitano.com.gt\/es\/wp-json\/wp\/v2\/posts\/135809\/revisions"}],"predecessor-version":[{"id":135814,"href":"https:\/\/elmetropolitano.com.gt\/es\/wp-json\/wp\/v2\/posts\/135809\/revisions\/135814"}],"wp:featuredmedia":[{"embeddable":true,"href":"https:\/\/elmetropolitano.com.gt\/es\/wp-json\/wp\/v2\/media\/135810"}],"wp:attachment":[{"href":"https:\/\/elmetropolitano.com.gt\/es\/wp-json\/wp\/v2\/media?parent=135809"}],"wp:term":[{"taxonomy":"category","embeddable":true,"href":"https:\/\/elmetropolitano.com.gt\/es\/wp-json\/wp\/v2\/categories?post=135809"},{"taxonomy":"post_tag","embeddable":true,"href":"https:\/\/elmetropolitano.com.gt\/es\/wp-json\/wp\/v2\/tags?post=135809"}],"curies":[{"name":"wp","href":"https:\/\/api.w.org\/{rel}","templated":true}]}}