{"id":135818,"date":"2026-09-04T09:04:48","date_gmt":"2026-09-04T15:04:48","guid":{"rendered":"https:\/\/elmetropolitano.com.gt\/es\/?p=135818"},"modified":"2026-09-04T09:04:49","modified_gmt":"2026-09-04T15:04:49","slug":"cayala-convierte-la-sostenibilidad-en-accion-y-lleva-a-guatemala-al-podio-latinoamericano-en-los-premios-clicc-2026","status":"publish","type":"post","link":"https:\/\/elmetropolitano.com.gt\/es\/cayala-convierte-la-sostenibilidad-en-accion-y-lleva-a-guatemala-al-podio-latinoamericano-en-los-premios-clicc-2026\/","title":{"rendered":"Cayal\u00e1 convierte la sostenibilidad en acci\u00f3n y lleva a Guatemala al podio latinoamericano en los premios CLICC 2026"},"content":{"rendered":"\n<p>Ciudad Cayal\u00e1 volvi\u00f3 a subir al podio de los Premios CLICC y lo hizo, por primera vez, en una categor\u00eda que refleja la transformaci\u00f3n de su modelo operativo: obtuvo el segundo lugar en la categor\u00eda ESG, subcategor\u00eda Acciones con Impacto Ambiental, de los Premios CLICC 2026, celebrados en Quito, Ecuador.<\/p>\n\n\n\n<p>El reconocimiento fue otorgado al proyecto \u201cCreamos comunidades sostenibles\u201d, una iniciativa que integra econom\u00eda circular, gesti\u00f3n de residuos, re\u00faso de agua tratada y valorizaci\u00f3n de materiales dentro de la operaci\u00f3n de Ciudad Cayal\u00e1.<\/p><div class=\"elmet-contenido\" id=\"elmet-1164032008\"><div class=\"elmet-adlabel\">Anuncios<\/div><div style=\"margin-top: 20px;margin-right: 20px;margin-bottom: 20px;margin-left: 20px;\" id=\"elmet-1994218327\"><a href=\"https:\/\/www.facebook.com\/arrincuanantigua\/\" aria-label=\"cintillo-arrin-cual\"><img loading=\"lazy\" decoding=\"async\" src=\"https:\/\/elmetropolitano.com.gt\/es\/wp-content\/uploads\/2021\/11\/cintillo-arrin-cual-1.jpg\" alt=\"\"  srcset=\"https:\/\/elmetropolitano.com.gt\/es\/wp-content\/uploads\/2021\/11\/cintillo-arrin-cual-1.jpg 750w, https:\/\/elmetropolitano.com.gt\/es\/wp-content\/uploads\/2021\/11\/cintillo-arrin-cual-1-300x36.jpg 300w, https:\/\/elmetropolitano.com.gt\/es\/wp-content\/uploads\/2021\/11\/cintillo-arrin-cual-1-600x72.jpg 600w\" sizes=\"(max-width: 750px) 100vw, 750px\" width=\"750\" height=\"90\"   \/><\/a><\/div><\/div>\n\n\n\n<p>De un centro comercial a un sistema activo de gesti\u00f3n ambiental<\/p>\n\n\n\n<p>\u201cCreamos comunidades sostenibles nace de una visi\u00f3n que busca transformar la manera en que un desarrollo urbano gestiona sus recursos, el proyecto parte del prop\u00f3sito de Grupo Cayal\u00e1 de crear experiencias enriquecedoras desarrollando comunidades pensadas para las personas, generando un impacto positivo en el mundo, y se integra a una estrategia institucional de sostenibilidad cuyo objetivo es desarrollar comunidades innovadoras y sostenibles\u201d, afirma Ruth Lopez, gerente ambiental del Grupo Cayal\u00e1.<\/p>\n\n\n\n<p>En concreto, el modelo incorpora tres grandes l\u00edneas de acci\u00f3n: re\u00faso de agua tratada, gesti\u00f3n integral de residuos comunes y valorizaci\u00f3n de materiales de construcci\u00f3n.<\/p>\n\n\n\n<p>La propuesta busca superar el modelo tradicional en el que un centro comercial simplemente consume recursos y genera residuos, para convertirse en un gestor activo de sus propios flujos de recursos, aplicando principios de econom\u00eda circular a escala urbana.<\/p>\n\n\n\n<p>Para ello, Ciudad Cayal\u00e1 cuenta con infraestructura especializada que incluye una planta de tratamiento de aguas residuales, una Planta de Manejo de Residuos, sistemas de compostaje.<\/p>\n\n\n\n<p>Sostenibilidad que se mide<\/p>\n\n\n\n<p>Uno de los elementos que distingue el proyecto es que sus resultados est\u00e1n vinculados a metas concretas y progresivas hacia 2030, en materia de residuos no peligrosos desviados de vertedero, Cayal\u00e1 estableci\u00f3 una ruta que pasa de 73% en 2025 a 95% en 2030, con metas anuales de mejora.<\/p>\n\n\n\n<p>En cuanto al re\u00faso de agua, la estrategia contempla que al menos 80% del agua utilizada para riego y mitigaci\u00f3n de polvo en proyectos de construcci\u00f3n provenga de agua tratada, adem\u00e1s de incrementar progresivamente el porcentaje de agua tratada, de esta manera, el modelo combina indicadores ambientales con generaci\u00f3n de valor econ\u00f3mico y sostenibilidad operativa.<\/p>\n\n\n\n<p>Un reconocimiento a una estrategia, no a una acci\u00f3n aislada<\/p>\n\n\n\n<p>Para Grupo Cayal\u00e1, el premio representa la consolidaci\u00f3n de una estrategia ESG que busca integrar la sostenibilidad ambiental, social y econ\u00f3mica dentro de la operaci\u00f3n.<\/p>\n\n\n\n<p>El modelo cuenta adem\u00e1s con el respaldo del Sistema de Gesti\u00f3n Ambiental del \u00e1rea comercial de Ciudad Cayal\u00e1, certificado bajo la norma ISO 14001:2015, est\u00e1ndar internacional que incorpora principios de mejora continua, cumplimiento legal y control de impactos ambientales.<\/p>\n\n\n\n<p>La iniciativa tambi\u00e9n est\u00e1 vinculada a instrumentos financieros de sostenibilidad, haciendo que indicadores ambientales como el desv\u00edo de residuos de vertedero formen parte de compromisos financieros del Grupo.<\/p>\n\n\n\n<p>\u201cEste galard\u00f3n no premia un esfuerzo aislado ni una campa\u00f1a pasajera; reconoce la madurez y consolidaci\u00f3n de la Estrategia ESG de Grupo Cayal\u00e1\u201d, se\u00f1ala la gerente de ambiental Ruth Lopez.<\/p>\n\n\n\n<p>Tres a\u00f1os, tres reconocimientos, una evoluci\u00f3n<\/p>\n\n\n\n<p>Con este reconocimiento, Grupo Cayal\u00e1 alcanza tres a\u00f1os consecutivos en el podio de los Premios CLICC, plataforma de la C\u00e1mara Latinoamericana de la Industria de Centros Comerciales: tercer lugar en Marketing\/Eventos, Promociones y Navidad en 2024; tercer lugar en Campa\u00f1a Institucional en 2025; y ahora segundo lugar en ESG \u2013 Acciones con Impacto Ambiental en 2026.<\/p>\n\n\n\n<p>\u201cLa trayectoria de Cayal\u00e1 en los Premios CLICC evidencia tambi\u00e9n una evoluci\u00f3n en el tipo de iniciativas reconocidas, para nosotros en Cayal\u00e1, esta evoluci\u00f3n representa el paso de reconocimientos vinculados a la experiencia y comunicaci\u00f3n de marca hacia el reconocimiento de transformaciones estructurales, operativas y medibles\u201d, afirma Giancarlo Poggio, director de mercadeo y publicidad.<\/p>\n\n\n\n<p>Guatemala tambi\u00e9n sube al podio<\/p>\n\n\n\n<p>El reconocimiento obtenido en Quito trasciende a Ciudad Cayal\u00e1, para nuestra organizaci\u00f3n competir y obtener un lugar en el podio latinoamericano demuestra que desde Guatemala se pueden desarrollar modelos de urbanismo sostenible, econom\u00eda circular y gesti\u00f3n de recursos bajo est\u00e1ndares internacionales.<\/p>\n\n\n\n<p>El proyecto refleja, adem\u00e1s, una apuesta por demostrar que el desarrollo urbano y la responsabilidad ambiental no son caminos opuestos, sino dimensiones que pueden avanzar juntas.<\/p>\n\n\n\n<p><a href=\"https:\/\/www.facebook.com\/hashtag\/ciudadcayala?__cft__[0]=AZimTM2J3He_ELwJ183_RzpG21EDoO3Aoy8s4FWNyNxYqMTNrIl0goDEuptC8BnDGNbW3LnJvuCsX7_uYLOOPAjBy2sGgBZEIxp1np2HmH2oUuiWjwNWI57EvY3u4L8EN17y0sCEswKs55Gvr3ZBW3U9fsJWAE2iRAe5Krl_-KAU84Z2c4L4klGqUUs&amp;__tn__=*NK-R\">#CiudadCayala<\/a><a href=\"https:\/\/www.facebook.com\/hashtag\/premiosclicc?__cft__[0]=AZimTM2J3He_ELwJ183_RzpG21EDoO3Aoy8s4FWNyNxYqMTNrIl0goDEuptC8BnDGNbW3LnJvuCsX7_uYLOOPAjBy2sGgBZEIxp1np2HmH2oUuiWjwNWI57EvY3u4L8EN17y0sCEswKs55Gvr3ZBW3U9fsJWAE2iRAe5Krl_-KAU84Z2c4L4klGqUUs&amp;__tn__=*NK-R\">#premiosclicc<\/a><a href=\"https:\/\/www.facebook.com\/hashtag\/metroredes?__cft__[0]=AZimTM2J3He_ELwJ183_RzpG21EDoO3Aoy8s4FWNyNxYqMTNrIl0goDEuptC8BnDGNbW3LnJvuCsX7_uYLOOPAjBy2sGgBZEIxp1np2HmH2oUuiWjwNWI57EvY3u4L8EN17y0sCEswKs55Gvr3ZBW3U9fsJWAE2iRAe5Krl_-KAU84Z2c4L4klGqUUs&amp;__tn__=*NK-R\">#metroredes<\/a><a href=\"https:\/\/www.facebook.com\/hashtag\/elfinancierogt?__cft__[0]=AZimTM2J3He_ELwJ183_RzpG21EDoO3Aoy8s4FWNyNxYqMTNrIl0goDEuptC8BnDGNbW3LnJvuCsX7_uYLOOPAjBy2sGgBZEIxp1np2HmH2oUuiWjwNWI57EvY3u4L8EN17y0sCEswKs55Gvr3ZBW3U9fsJWAE2iRAe5Krl_-KAU84Z2c4L4klGqUUs&amp;__tn__=*NK-R\">#elfinancierogt<\/a><a href=\"https:\/\/www.facebook.com\/hashtag\/impactoambiental?__cft__[0]=AZimTM2J3He_ELwJ183_RzpG21EDoO3Aoy8s4FWNyNxYqMTNrIl0goDEuptC8BnDGNbW3LnJvuCsX7_uYLOOPAjBy2sGgBZEIxp1np2HmH2oUuiWjwNWI57EvY3u4L8EN17y0sCEswKs55Gvr3ZBW3U9fsJWAE2iRAe5Krl_-KAU84Z2c4L4klGqUUs&amp;__tn__=*NK-R\">#ImpactoAmbiental<\/a> <a href=\"http:\/\/www.elmetropolitano.com.gt\/?fbclid=IwcGRvZgVleHRuA2FlbQIxMABicmlkETFVQ29SYkZYWXdaWm5sMnRWc3J0YwZhcHBfaWQQMjIyMDM5MTc4ODIwMDg5MgABHrPYteVp19m8OfQWsNTU4f00MnCRc-3-nkIqkXDdXBxRFk61Jt1MidL2Gom6_aem_2-uM-pMt0-dAejIBacjA6w\" target=\"_blank\" rel=\"noreferrer noopener\">Www.elmetropolitano.com.gt<\/a><\/p>\n","protected":false},"excerpt":{"rendered":"<p>Ciudad Cayal\u00e1 volvi\u00f3 a subir al podio de los Premios CLICC y lo hizo, por primera vez, en una categor\u00eda que refleja la transformaci\u00f3n de su modelo operativo: obtuvo el segundo lugar en la categor\u00eda ESG, subcategor\u00eda Acciones con Impacto Ambiental, de los Premios CLICC 2026, celebrados en Quito, Ecuador. El reconocimiento fue otorgado al <a class=\"read-more\" href=\"https:\/\/elmetropolitano.com.gt\/es\/cayala-convierte-la-sostenibilidad-en-accion-y-lleva-a-guatemala-al-podio-latinoamericano-en-los-premios-clicc-2026\/\">Leer m\u00e1s<\/a><\/p>\n","protected":false},"author":1,"featured_media":135819,"comment_status":"open","ping_status":"closed","sticky":false,"template":"","format":"standard","meta":{"footnotes":""},"categories":[31],"tags":[32],"class_list":["post-135818","post","type-post","status-publish","format-standard","has-post-thumbnail","hentry","category-metroimpulso","tag-metroimpulso"],"_links":{"self":[{"href":"https:\/\/elmetropolitano.com.gt\/es\/wp-json\/wp\/v2\/posts\/135818","targetHints":{"allow":["GET"]}}],"collection":[{"href":"https:\/\/elmetropolitano.com.gt\/es\/wp-json\/wp\/v2\/posts"}],"about":[{"href":"https:\/\/elmetropolitano.com.gt\/es\/wp-json\/wp\/v2\/types\/post"}],"author":[{"embeddable":true,"href":"https:\/\/elmetropolitano.com.gt\/es\/wp-json\/wp\/v2\/users\/1"}],"replies":[{"embeddable":true,"href":"https:\/\/elmetropolitano.com.gt\/es\/wp-json\/wp\/v2\/comments?post=135818"}],"version-history":[{"count":1,"href":"https:\/\/elmetropolitano.com.gt\/es\/wp-json\/wp\/v2\/posts\/135818\/revisions"}],"predecessor-version":[{"id":135820,"href":"https:\/\/elmetropolitano.com.gt\/es\/wp-json\/wp\/v2\/posts\/135818\/revisions\/135820"}],"wp:featuredmedia":[{"embeddable":true,"href":"https:\/\/elmetropolitano.com.gt\/es\/wp-json\/wp\/v2\/media\/135819"}],"wp:attachment":[{"href":"https:\/\/elmetropolitano.com.gt\/es\/wp-json\/wp\/v2\/media?parent=135818"}],"wp:term":[{"taxonomy":"category","embeddable":true,"href":"https:\/\/elmetropolitano.com.gt\/es\/wp-json\/wp\/v2\/categories?post=135818"},{"taxonomy":"post_tag","embeddable":true,"href":"https:\/\/elmetropolitano.com.gt\/es\/wp-json\/wp\/v2\/tags?post=135818"}],"curies":[{"name":"wp","href":"https:\/\/api.w.org\/{rel}","templated":true}]}}