{"id":135827,"date":"2026-09-04T10:42:19","date_gmt":"2026-09-04T16:42:19","guid":{"rendered":"https:\/\/elmetropolitano.com.gt\/es\/?p=135827"},"modified":"2026-09-04T10:42:20","modified_gmt":"2026-09-04T16:42:20","slug":"investigacion-de-la-deic-permite-recapturar-a-presuntos-integrantes-de-la-terrorista-mara-18-por-asesinatos-en-xela","status":"publish","type":"post","link":"https:\/\/elmetropolitano.com.gt\/es\/investigacion-de-la-deic-permite-recapturar-a-presuntos-integrantes-de-la-terrorista-mara-18-por-asesinatos-en-xela\/","title":{"rendered":"Investigaci\u00f3n de la DEIC permite recapturar a presuntos integrantes de la terrorista mara 18 por asesinatos en Xela"},"content":{"rendered":"\n<p>Investigadores de la DEIC capturaron a \u00c1ngel de 22 a\u00f1os, y Edwin de 23 a\u00f1os, ambos requeridos por un juzgado de Quetzaltenango por los delitos de asesinato y asesinato en grado de tentativa.<\/p>\n\n\n\n<p>LSeg\u00fan las investigaciones, ser\u00edan integrantes del grupo terrorista autodenominado barrio 18 y estar\u00edan vinculados con dos ataques armados ocurridos el 25 y 29 de agosto en las cercan\u00edas de la terminal de autobuses y el Centro Universitario de Occidente CUNOC, donde tres personas perdieron la vida y una m\u00e1s result\u00f3 herida.<\/p><div class=\"elmet-contenido\" id=\"elmet-1998386074\"><div class=\"elmet-adlabel\">Anuncios<\/div><div style=\"margin-top: 20px;margin-right: 20px;margin-bottom: 20px;margin-left: 20px;\" id=\"elmet-2426059917\"><a href=\"https:\/\/www.facebook.com\/arrincuanantigua\/\" aria-label=\"cintillo-arrin-cual\"><img loading=\"lazy\" decoding=\"async\" src=\"https:\/\/elmetropolitano.com.gt\/es\/wp-content\/uploads\/2021\/11\/cintillo-arrin-cual-1.jpg\" alt=\"\"  srcset=\"https:\/\/elmetropolitano.com.gt\/es\/wp-content\/uploads\/2021\/11\/cintillo-arrin-cual-1.jpg 750w, https:\/\/elmetropolitano.com.gt\/es\/wp-content\/uploads\/2021\/11\/cintillo-arrin-cual-1-300x36.jpg 300w, https:\/\/elmetropolitano.com.gt\/es\/wp-content\/uploads\/2021\/11\/cintillo-arrin-cual-1-600x72.jpg 600w\" sizes=\"(max-width: 750px) 100vw, 750px\" width=\"750\" height=\"90\"   \/><\/a><\/div><\/div>\n\n\n\n<p>Los capturados ya hab\u00edan sido detenidos el 1 de septiembre durante un allanamiento realizado en la zona 1 de Quetzaltenango, donde fueron localizadas tres pistolas, tolvas, municiones de distintos calibres, tel\u00e9fonos celulares y bolsas con marihuana, adem\u00e1s de un autom\u00f3vil y una motocicleta que no contaban con documentaci\u00f3n legal. En ese operativo tambi\u00e9n fueron remitidos dos adolescentes de 14 y 17 a\u00f1os al juzgado correspondiente.<\/p>\n\n\n\n<p>Aunque inicialmente fueron beneficiados por un juzgado que les dict\u00f3 falta de m\u00e9rito; el trabajo de investigaci\u00f3n y seguimiento realizado por investigadores de la #<\/p>\n\n\n\n<p>DEIC permiti\u00f3 establecer nuevos indicios que ayudaron a que un juez girara las \u00f3rdenes de captura, por lo que nuevamente quedaron a disposici\u00f3n del \u00f3rgano jurisdiccional correspondiente.<\/p>\n\n\n\n<p><a href=\"https:\/\/www.facebook.com\/hashtag\/xela?__cft__[0]=AZjf6idhky7i_itoNVUzLFaX6w8y_ld8HEIqu9oUQZW3bDw-Lp9Ua9oww0iWfonLmgU0xJcEmACR1vP0V4bSfONTMk6VpcgVSI21LoLVU9hulTI3Cd5U94a4qCryupcB4OIW-xQgphJsO-ES_Whaiv9zt5mW7OJEnPhok7K9UedNDOawiLqnkyo3Vec&amp;__tn__=*NK-R\">#Xela<\/a><a href=\"https:\/\/www.facebook.com\/hashtag\/deic?__cft__[0]=AZjf6idhky7i_itoNVUzLFaX6w8y_ld8HEIqu9oUQZW3bDw-Lp9Ua9oww0iWfonLmgU0xJcEmACR1vP0V4bSfONTMk6VpcgVSI21LoLVU9hulTI3Cd5U94a4qCryupcB4OIW-xQgphJsO-ES_Whaiv9zt5mW7OJEnPhok7K9UedNDOawiLqnkyo3Vec&amp;__tn__=*NK-R\">#DEIC<\/a><a href=\"https:\/\/www.facebook.com\/hashtag\/pncdeguatemala?__cft__[0]=AZjf6idhky7i_itoNVUzLFaX6w8y_ld8HEIqu9oUQZW3bDw-Lp9Ua9oww0iWfonLmgU0xJcEmACR1vP0V4bSfONTMk6VpcgVSI21LoLVU9hulTI3Cd5U94a4qCryupcB4OIW-xQgphJsO-ES_Whaiv9zt5mW7OJEnPhok7K9UedNDOawiLqnkyo3Vec&amp;__tn__=*NK-R\">#PNCdeGuatemala<\/a> <a href=\"https:\/\/www.facebook.com\/hashtag\/estamoscumpliendo?__cft__[0]=AZjf6idhky7i_itoNVUzLFaX6w8y_ld8HEIqu9oUQZW3bDw-Lp9Ua9oww0iWfonLmgU0xJcEmACR1vP0V4bSfONTMk6VpcgVSI21LoLVU9hulTI3Cd5U94a4qCryupcB4OIW-xQgphJsO-ES_Whaiv9zt5mW7OJEnPhok7K9UedNDOawiLqnkyo3Vec&amp;__tn__=*NK-R\">#EstamosCumpliendo<\/a> <a href=\"https:\/\/www.facebook.com\/hashtag\/protegeryservir?__cft__[0]=AZjf6idhky7i_itoNVUzLFaX6w8y_ld8HEIqu9oUQZW3bDw-Lp9Ua9oww0iWfonLmgU0xJcEmACR1vP0V4bSfONTMk6VpcgVSI21LoLVU9hulTI3Cd5U94a4qCryupcB4OIW-xQgphJsO-ES_Whaiv9zt5mW7OJEnPhok7K9UedNDOawiLqnkyo3Vec&amp;__tn__=*NK-R\">#ProtegerYServir<\/a><\/p>\n\n\n\n<figure class=\"wp-block-gallery has-nested-images columns-default is-cropped wp-block-gallery-1 is-layout-flex wp-block-gallery-is-layout-flex\">\n<figure class=\"wp-block-image size-large\"><img loading=\"lazy\" decoding=\"async\" width=\"790\" height=\"1024\" data-id=\"135830\" src=\"https:\/\/elmetropolitano.com.gt\/es\/wp-content\/uploads\/2026\/09\/791096624_1649453543847389_531374967064512112_n-1-790x1024.jpg\" alt=\"\" class=\"wp-image-135830\" srcset=\"https:\/\/elmetropolitano.com.gt\/es\/wp-content\/uploads\/2026\/09\/791096624_1649453543847389_531374967064512112_n-1-790x1024.jpg 790w, https:\/\/elmetropolitano.com.gt\/es\/wp-content\/uploads\/2026\/09\/791096624_1649453543847389_531374967064512112_n-1-232x300.jpg 232w, https:\/\/elmetropolitano.com.gt\/es\/wp-content\/uploads\/2026\/09\/791096624_1649453543847389_531374967064512112_n-1-768x995.jpg 768w, https:\/\/elmetropolitano.com.gt\/es\/wp-content\/uploads\/2026\/09\/791096624_1649453543847389_531374967064512112_n-1.jpg 988w\" sizes=\"auto, (max-width: 790px) 100vw, 790px\" \/><\/figure>\n\n\n\n<figure class=\"wp-block-image size-large\"><img loading=\"lazy\" decoding=\"async\" width=\"768\" height=\"1024\" data-id=\"135829\" src=\"https:\/\/elmetropolitano.com.gt\/es\/wp-content\/uploads\/2026\/09\/793595773_1649453553847388_4170684492671074025_n-768x1024.jpg\" alt=\"\" class=\"wp-image-135829\" srcset=\"https:\/\/elmetropolitano.com.gt\/es\/wp-content\/uploads\/2026\/09\/793595773_1649453553847388_4170684492671074025_n-768x1024.jpg 768w, https:\/\/elmetropolitano.com.gt\/es\/wp-content\/uploads\/2026\/09\/793595773_1649453553847388_4170684492671074025_n-225x300.jpg 225w, https:\/\/elmetropolitano.com.gt\/es\/wp-content\/uploads\/2026\/09\/793595773_1649453553847388_4170684492671074025_n.jpg 960w\" sizes=\"auto, (max-width: 768px) 100vw, 768px\" \/><\/figure>\n<\/figure>\n","protected":false},"excerpt":{"rendered":"<p>Investigadores de la DEIC capturaron a \u00c1ngel de 22 a\u00f1os, y Edwin de 23 a\u00f1os, ambos requeridos por un juzgado de Quetzaltenango por los delitos de asesinato y asesinato en grado de tentativa. LSeg\u00fan las investigaciones, ser\u00edan integrantes del grupo terrorista autodenominado barrio 18 y estar\u00edan vinculados con dos ataques armados ocurridos el 25 y <a class=\"read-more\" href=\"https:\/\/elmetropolitano.com.gt\/es\/investigacion-de-la-deic-permite-recapturar-a-presuntos-integrantes-de-la-terrorista-mara-18-por-asesinatos-en-xela\/\">Leer m\u00e1s<\/a><\/p>\n","protected":false},"author":1,"featured_media":135828,"comment_status":"open","ping_status":"closed","sticky":false,"template":"","format":"standard","meta":{"footnotes":""},"categories":[4],"tags":[13],"class_list":["post-135827","post","type-post","status-publish","format-standard","has-post-thumbnail","hentry","category-departamentales","tag-departamentales"],"_links":{"self":[{"href":"https:\/\/elmetropolitano.com.gt\/es\/wp-json\/wp\/v2\/posts\/135827","targetHints":{"allow":["GET"]}}],"collection":[{"href":"https:\/\/elmetropolitano.com.gt\/es\/wp-json\/wp\/v2\/posts"}],"about":[{"href":"https:\/\/elmetropolitano.com.gt\/es\/wp-json\/wp\/v2\/types\/post"}],"author":[{"embeddable":true,"href":"https:\/\/elmetropolitano.com.gt\/es\/wp-json\/wp\/v2\/users\/1"}],"replies":[{"embeddable":true,"href":"https:\/\/elmetropolitano.com.gt\/es\/wp-json\/wp\/v2\/comments?post=135827"}],"version-history":[{"count":1,"href":"https:\/\/elmetropolitano.com.gt\/es\/wp-json\/wp\/v2\/posts\/135827\/revisions"}],"predecessor-version":[{"id":135831,"href":"https:\/\/elmetropolitano.com.gt\/es\/wp-json\/wp\/v2\/posts\/135827\/revisions\/135831"}],"wp:featuredmedia":[{"embeddable":true,"href":"https:\/\/elmetropolitano.com.gt\/es\/wp-json\/wp\/v2\/media\/135828"}],"wp:attachment":[{"href":"https:\/\/elmetropolitano.com.gt\/es\/wp-json\/wp\/v2\/media?parent=135827"}],"wp:term":[{"taxonomy":"category","embeddable":true,"href":"https:\/\/elmetropolitano.com.gt\/es\/wp-json\/wp\/v2\/categories?post=135827"},{"taxonomy":"post_tag","embeddable":true,"href":"https:\/\/elmetropolitano.com.gt\/es\/wp-json\/wp\/v2\/tags?post=135827"}],"curies":[{"name":"wp","href":"https:\/\/api.w.org\/{rel}","templated":true}]}}