{"id":135885,"date":"2026-09-04T18:46:13","date_gmt":"2026-09-05T00:46:13","guid":{"rendered":"https:\/\/elmetropolitano.com.gt\/es\/?p=135885"},"modified":"2026-09-04T18:46:14","modified_gmt":"2026-09-05T00:46:14","slug":"se-reportan-danos-por-fuerte-lluvia-en-santa-lucia-cotzumalguapa","status":"publish","type":"post","link":"https:\/\/elmetropolitano.com.gt\/es\/se-reportan-danos-por-fuerte-lluvia-en-santa-lucia-cotzumalguapa\/","title":{"rendered":"Se reportan da\u00f1os por fuerte lluvia en Santa Luc\u00eda Cotzumalguapa"},"content":{"rendered":"\n<p>La fuerte lluvia acompa\u00f1ada de vientos que cayo este viernes deja serios da\u00f1os en varios sectores de Santa Luc\u00eda Cotzumalguapa, Escuintla.<\/p>\n\n\n\n<p>Preliminarmente se reportan vallas destruidas, un poste del tendido el\u00e9ctrico derribado y el techo de varios salones de la Escuela Oficial la colonia 8 de Febrero.<\/p><div class=\"elmet-contenido\" id=\"elmet-4195909676\"><div class=\"elmet-adlabel\">Anuncios<\/div><div style=\"margin-top: 20px;margin-right: 20px;margin-bottom: 20px;margin-left: 20px;\" id=\"elmet-223475467\"><a href=\"https:\/\/www.facebook.com\/arrincuanantigua\/\" aria-label=\"cintillo-arrin-cual\"><img loading=\"lazy\" decoding=\"async\" src=\"https:\/\/elmetropolitano.com.gt\/es\/wp-content\/uploads\/2021\/11\/cintillo-arrin-cual-1.jpg\" alt=\"\"  srcset=\"https:\/\/elmetropolitano.com.gt\/es\/wp-content\/uploads\/2021\/11\/cintillo-arrin-cual-1.jpg 750w, https:\/\/elmetropolitano.com.gt\/es\/wp-content\/uploads\/2021\/11\/cintillo-arrin-cual-1-300x36.jpg 300w, https:\/\/elmetropolitano.com.gt\/es\/wp-content\/uploads\/2021\/11\/cintillo-arrin-cual-1-600x72.jpg 600w\" sizes=\"(max-width: 750px) 100vw, 750px\" width=\"750\" height=\"90\"   \/><\/a><\/div><\/div>\n\n\n\n<p><a href=\"https:\/\/www.facebook.com\/hashtag\/escuintlahoy?__cft__[0]=AZgoUNo1wMHMmNL-L9RgnIJjGiiB4_fmPsNDeEvZf7B5K2N8fDZfI81fX-GWrNDa5qAVhlpp89iJ7Z5omOvpMNUzfSVteXHWi-8eU1qRRIurpwb0gXyj_Is6s-79OpozGlG4DbKmMJ4&amp;__tn__=*NK-R\">#EscuintlaHoy<\/a><a href=\"https:\/\/www.facebook.com\/hashtag\/metroredes?__cft__[0]=AZgoUNo1wMHMmNL-L9RgnIJjGiiB4_fmPsNDeEvZf7B5K2N8fDZfI81fX-GWrNDa5qAVhlpp89iJ7Z5omOvpMNUzfSVteXHWi-8eU1qRRIurpwb0gXyj_Is6s-79OpozGlG4DbKmMJ4&amp;__tn__=*NK-R\">#metroredes<\/a><\/p>\n","protected":false},"excerpt":{"rendered":"<p>La fuerte lluvia acompa\u00f1ada de vientos que cayo este viernes deja serios da\u00f1os en varios sectores de Santa Luc\u00eda Cotzumalguapa, Escuintla. Preliminarmente se reportan vallas destruidas, un poste del tendido el\u00e9ctrico derribado y el techo de varios salones de la Escuela Oficial la colonia 8 de Febrero. #EscuintlaHoy#metroredes<\/p>\n","protected":false},"author":1,"featured_media":135887,"comment_status":"open","ping_status":"closed","sticky":false,"template":"","format":"standard","meta":{"footnotes":""},"categories":[4],"tags":[13],"class_list":["post-135885","post","type-post","status-publish","format-standard","has-post-thumbnail","hentry","category-departamentales","tag-departamentales"],"_links":{"self":[{"href":"https:\/\/elmetropolitano.com.gt\/es\/wp-json\/wp\/v2\/posts\/135885","targetHints":{"allow":["GET"]}}],"collection":[{"href":"https:\/\/elmetropolitano.com.gt\/es\/wp-json\/wp\/v2\/posts"}],"about":[{"href":"https:\/\/elmetropolitano.com.gt\/es\/wp-json\/wp\/v2\/types\/post"}],"author":[{"embeddable":true,"href":"https:\/\/elmetropolitano.com.gt\/es\/wp-json\/wp\/v2\/users\/1"}],"replies":[{"embeddable":true,"href":"https:\/\/elmetropolitano.com.gt\/es\/wp-json\/wp\/v2\/comments?post=135885"}],"version-history":[{"count":1,"href":"https:\/\/elmetropolitano.com.gt\/es\/wp-json\/wp\/v2\/posts\/135885\/revisions"}],"predecessor-version":[{"id":135888,"href":"https:\/\/elmetropolitano.com.gt\/es\/wp-json\/wp\/v2\/posts\/135885\/revisions\/135888"}],"wp:featuredmedia":[{"embeddable":true,"href":"https:\/\/elmetropolitano.com.gt\/es\/wp-json\/wp\/v2\/media\/135887"}],"wp:attachment":[{"href":"https:\/\/elmetropolitano.com.gt\/es\/wp-json\/wp\/v2\/media?parent=135885"}],"wp:term":[{"taxonomy":"category","embeddable":true,"href":"https:\/\/elmetropolitano.com.gt\/es\/wp-json\/wp\/v2\/categories?post=135885"},{"taxonomy":"post_tag","embeddable":true,"href":"https:\/\/elmetropolitano.com.gt\/es\/wp-json\/wp\/v2\/tags?post=135885"}],"curies":[{"name":"wp","href":"https:\/\/api.w.org\/{rel}","templated":true}]}}