{"id":135904,"date":"2026-09-04T20:54:20","date_gmt":"2026-09-05T02:54:20","guid":{"rendered":"https:\/\/elmetropolitano.com.gt\/es\/?p=135904"},"modified":"2026-09-04T20:54:21","modified_gmt":"2026-09-05T02:54:21","slug":"bancada-vos-rechaza-trato-a-diputado-jose-chic-y-exige-renuncia-del-presidente-del-comite-olimpico","status":"publish","type":"post","link":"https:\/\/elmetropolitano.com.gt\/es\/bancada-vos-rechaza-trato-a-diputado-jose-chic-y-exige-renuncia-del-presidente-del-comite-olimpico\/","title":{"rendered":"Bancada VOS rechaza trato a diputado Jos\u00e9 Chic y exige renuncia del presidente del Comit\u00e9 Ol\u00edmpico"},"content":{"rendered":"\n<p>La bancada VOS conden\u00f3 la actitud que atribuye al presidente del Comit\u00e9 Ol\u00edmpico Guatemalteco, Gerardo Aguirre, durante una diligencia de fiscalizaci\u00f3n en instalaciones del CONADER, donde se habr\u00eda intentado impedir el ingreso del diputado Jos\u00e9 Chic, seg\u00fan lo dieron a conocer en un comunicado.<\/p>\n\n\n\n<p>De acuerdo con el pronunciamiento emitido este 4 de septiembre, VOS se\u00f1ala a Aguirre de haber actuado de manera \u201cabusiva, ilegal y prepotente\u201d contra Chic, quien realizaba labores de fiscalizaci\u00f3n como integrante del Congreso de la Rep\u00fablica. La bancada sostiene que el funcionario deportivo intent\u00f3 impedir el ingreso del legislador a las instalaciones, pese a las facultades de fiscalizaci\u00f3n que la ley otorga a los diputados.<\/p><div class=\"elmet-contenido\" id=\"elmet-3918246765\"><div class=\"elmet-adlabel\">Anuncios<\/div><div style=\"margin-top: 20px;margin-right: 20px;margin-bottom: 20px;margin-left: 20px;\" id=\"elmet-3459532463\"><a href=\"https:\/\/www.facebook.com\/arrincuanantigua\/\" aria-label=\"cintillo-arrin-cual\"><img loading=\"lazy\" decoding=\"async\" src=\"https:\/\/elmetropolitano.com.gt\/es\/wp-content\/uploads\/2021\/11\/cintillo-arrin-cual-1.jpg\" alt=\"\"  srcset=\"https:\/\/elmetropolitano.com.gt\/es\/wp-content\/uploads\/2021\/11\/cintillo-arrin-cual-1.jpg 750w, https:\/\/elmetropolitano.com.gt\/es\/wp-content\/uploads\/2021\/11\/cintillo-arrin-cual-1-300x36.jpg 300w, https:\/\/elmetropolitano.com.gt\/es\/wp-content\/uploads\/2021\/11\/cintillo-arrin-cual-1-600x72.jpg 600w\" sizes=\"(max-width: 750px) 100vw, 750px\" width=\"750\" height=\"90\"   \/><\/a><\/div><\/div>\n\n\n\n<p>La situaci\u00f3n, seg\u00fan VOS, habr\u00eda subido de tono cuando se produjo un intento de agresi\u00f3n contra el diputado. Durante los hechos tambi\u00e9n se encontraba la asistente de Chic, una joven que estaba grabando lo ocurrido, por lo que la bancada considera que la conducta mostrada durante el incidente no puede ser tolerada bajo ninguna circunstancia.<\/p>\n\n\n\n<p>Ante lo ocurrido, VOS anunci\u00f3 que promover\u00e1 las acciones legales que correspondan para establecer posibles responsabilidades administrativas, civiles o penales. Adem\u00e1s, cuestion\u00f3 que una persona al frente de una instituci\u00f3n de la importancia del Comit\u00e9 Ol\u00edmpico Guatemalteco pueda responder de esa manera ante un acto de fiscalizaci\u00f3n y exigi\u00f3 la renuncia inmediata de Gerardo Aguirre.<\/p>\n\n\n\n<p>La bancada remarc\u00f3 que la fiscalizaci\u00f3n legislativa constituye una obligaci\u00f3n constitucional y advirti\u00f3 que continuar\u00e1 defendiendo la transparencia y el uso correcto de los recursos p\u00fablicos.<\/p>\n\n\n\n<p>#VOS #Jos\u00e9Chic #GerardoAguirre #COG #metroredes #elmetropolitanogt www.elmetropolitano.com.gt www.metroredes.com<\/p>\n\n\n\n<figure class=\"wp-block-gallery has-nested-images columns-default is-cropped wp-block-gallery-1 is-layout-flex wp-block-gallery-is-layout-flex\">\n<figure class=\"wp-block-image size-large\"><img loading=\"lazy\" decoding=\"async\" width=\"1024\" height=\"1024\" data-id=\"135907\" src=\"https:\/\/elmetropolitano.com.gt\/es\/wp-content\/uploads\/2026\/09\/1-15-1024x1024.jpg\" alt=\"\" class=\"wp-image-135907\" srcset=\"https:\/\/elmetropolitano.com.gt\/es\/wp-content\/uploads\/2026\/09\/1-15-1024x1024.jpg 1024w, https:\/\/elmetropolitano.com.gt\/es\/wp-content\/uploads\/2026\/09\/1-15-300x300.jpg 300w, https:\/\/elmetropolitano.com.gt\/es\/wp-content\/uploads\/2026\/09\/1-15-150x150.jpg 150w, https:\/\/elmetropolitano.com.gt\/es\/wp-content\/uploads\/2026\/09\/1-15-768x768.jpg 768w, https:\/\/elmetropolitano.com.gt\/es\/wp-content\/uploads\/2026\/09\/1-15-1536x1536.jpg 1536w, https:\/\/elmetropolitano.com.gt\/es\/wp-content\/uploads\/2026\/09\/1-15.jpg 1600w\" sizes=\"auto, (max-width: 1024px) 100vw, 1024px\" \/><\/figure>\n\n\n\n<figure class=\"wp-block-image size-large\"><img loading=\"lazy\" decoding=\"async\" width=\"1024\" height=\"768\" data-id=\"135906\" src=\"https:\/\/elmetropolitano.com.gt\/es\/wp-content\/uploads\/2026\/09\/2-6-1024x768.jpg\" alt=\"\" class=\"wp-image-135906\" srcset=\"https:\/\/elmetropolitano.com.gt\/es\/wp-content\/uploads\/2026\/09\/2-6-1024x768.jpg 1024w, https:\/\/elmetropolitano.com.gt\/es\/wp-content\/uploads\/2026\/09\/2-6-300x225.jpg 300w, https:\/\/elmetropolitano.com.gt\/es\/wp-content\/uploads\/2026\/09\/2-6-768x576.jpg 768w, https:\/\/elmetropolitano.com.gt\/es\/wp-content\/uploads\/2026\/09\/2-6.jpg 1440w\" sizes=\"auto, (max-width: 1024px) 100vw, 1024px\" \/><\/figure>\n<\/figure>\n","protected":false},"excerpt":{"rendered":"<p>La bancada VOS conden\u00f3 la actitud que atribuye al presidente del Comit\u00e9 Ol\u00edmpico Guatemalteco, Gerardo Aguirre, durante una diligencia de fiscalizaci\u00f3n en instalaciones del CONADER, donde se habr\u00eda intentado impedir el ingreso del diputado Jos\u00e9 Chic, seg\u00fan lo dieron a conocer en un comunicado. De acuerdo con el pronunciamiento emitido este 4 de septiembre, VOS <a class=\"read-more\" href=\"https:\/\/elmetropolitano.com.gt\/es\/bancada-vos-rechaza-trato-a-diputado-jose-chic-y-exige-renuncia-del-presidente-del-comite-olimpico\/\">Leer m\u00e1s<\/a><\/p>\n","protected":false},"author":1,"featured_media":135905,"comment_status":"open","ping_status":"closed","sticky":false,"template":"","format":"standard","meta":{"footnotes":""},"categories":[2],"tags":[12],"class_list":["post-135904","post","type-post","status-publish","format-standard","has-post-thumbnail","hentry","category-nacionales","tag-nacionales"],"_links":{"self":[{"href":"https:\/\/elmetropolitano.com.gt\/es\/wp-json\/wp\/v2\/posts\/135904","targetHints":{"allow":["GET"]}}],"collection":[{"href":"https:\/\/elmetropolitano.com.gt\/es\/wp-json\/wp\/v2\/posts"}],"about":[{"href":"https:\/\/elmetropolitano.com.gt\/es\/wp-json\/wp\/v2\/types\/post"}],"author":[{"embeddable":true,"href":"https:\/\/elmetropolitano.com.gt\/es\/wp-json\/wp\/v2\/users\/1"}],"replies":[{"embeddable":true,"href":"https:\/\/elmetropolitano.com.gt\/es\/wp-json\/wp\/v2\/comments?post=135904"}],"version-history":[{"count":1,"href":"https:\/\/elmetropolitano.com.gt\/es\/wp-json\/wp\/v2\/posts\/135904\/revisions"}],"predecessor-version":[{"id":135908,"href":"https:\/\/elmetropolitano.com.gt\/es\/wp-json\/wp\/v2\/posts\/135904\/revisions\/135908"}],"wp:featuredmedia":[{"embeddable":true,"href":"https:\/\/elmetropolitano.com.gt\/es\/wp-json\/wp\/v2\/media\/135905"}],"wp:attachment":[{"href":"https:\/\/elmetropolitano.com.gt\/es\/wp-json\/wp\/v2\/media?parent=135904"}],"wp:term":[{"taxonomy":"category","embeddable":true,"href":"https:\/\/elmetropolitano.com.gt\/es\/wp-json\/wp\/v2\/categories?post=135904"},{"taxonomy":"post_tag","embeddable":true,"href":"https:\/\/elmetropolitano.com.gt\/es\/wp-json\/wp\/v2\/tags?post=135904"}],"curies":[{"name":"wp","href":"https:\/\/api.w.org\/{rel}","templated":true}]}}