{"id":135917,"date":"2026-09-05T08:55:15","date_gmt":"2026-09-05T14:55:15","guid":{"rendered":"https:\/\/elmetropolitano.com.gt\/es\/?p=135917"},"modified":"2026-09-05T08:55:16","modified_gmt":"2026-09-05T14:55:16","slug":"sicarios-asesinan-a-ex-candidato-a-alcalde-por-el-municipio-de-esquipulas","status":"publish","type":"post","link":"https:\/\/elmetropolitano.com.gt\/es\/sicarios-asesinan-a-ex-candidato-a-alcalde-por-el-municipio-de-esquipulas\/","title":{"rendered":"Sicarios asesinan a ex candidato a alcalde por el Municipio de Esquipulas"},"content":{"rendered":"\n<p>Un hecho de violencia registrado la noche de este viernes en Esquipulas que dej\u00f3 sin vida a Diatmar Everardo Zacar\u00edas Beza, de 38 a\u00f1os, quien particip\u00f3 como candidato a la Alcald\u00eda de Esquipulas en las elecciones de 2023 y posteriormente aspir\u00f3 a la Gobernaci\u00f3n Departamental de Chiquimula.<\/p>\n\n\n\n<p>Se a establecido que Zacar\u00edas Beza llegaba a su residencia, ubicada en la colonia Los Cerritos, Esquipulas, cuando fue sorprendido por sicarios que lo esperaban d<\/p><div class=\"elmet-contenido\" id=\"elmet-639370905\"><div class=\"elmet-adlabel\">Anuncios<\/div><div style=\"margin-top: 20px;margin-right: 20px;margin-bottom: 20px;margin-left: 20px;\" id=\"elmet-2726613829\"><a href=\"https:\/\/www.facebook.com\/arrincuanantigua\/\" aria-label=\"cintillo-arrin-cual\"><img loading=\"lazy\" decoding=\"async\" src=\"https:\/\/elmetropolitano.com.gt\/es\/wp-content\/uploads\/2021\/11\/cintillo-arrin-cual-1.jpg\" alt=\"\"  srcset=\"https:\/\/elmetropolitano.com.gt\/es\/wp-content\/uploads\/2021\/11\/cintillo-arrin-cual-1.jpg 750w, https:\/\/elmetropolitano.com.gt\/es\/wp-content\/uploads\/2021\/11\/cintillo-arrin-cual-1-300x36.jpg 300w, https:\/\/elmetropolitano.com.gt\/es\/wp-content\/uploads\/2021\/11\/cintillo-arrin-cual-1-600x72.jpg 600w\" sizes=\"(max-width: 750px) 100vw, 750px\" width=\"750\" height=\"90\"   \/><\/a><\/div><\/div>\n\n\n\n<p>Los Bomberos Voluntarios de la 30 Compa\u00f1\u00eda llegaron al lugar del ataque donde le brindaron atenci\u00f3n y lo trasladaron a\u00fan con signos vitales hacia un centro asistencial; sin embargo, minutos despu\u00e9s se confirm\u00f3 su fallecimiento.<\/p>\n\n\n\n<p>Zacar\u00edas Beza particip\u00f3 en las elecciones generales de 2023 como candidato a alcalde de Esquipulas por el partido Visi\u00f3n con Valores VIVA<\/p>\n\n\n\n<p>En 2024 tambi\u00e9n form\u00f3 parte del proceso de aspirantes a gobernador departamental de Chiquimula en la actualidad trabajaba en una empresa financiera<\/p>\n\n\n\n<p><a href=\"https:\/\/www.facebook.com\/hashtag\/violencia?__cft__[0]=AZgiUdHZ-2kjeOo2vMHijNfMI2V4FxNYBQ7fKuEt5th__1THMYtHWaotNZ9HmXgL6PZCMz-DL1HE9dN8Ba5meXpo3HqTl8UDkq4tU69zQ3SB0Eotb-fCe0jIaHoJsJkeOeY4RSFiT-hZUfg7iRp4ShiXFvg-FVMdXEOG5LScQDaHDvgRYTZWVsyt6go&amp;__tn__=*NK-R\">#Violencia<\/a><a href=\"https:\/\/www.facebook.com\/hashtag\/pncdeguatemala?__cft__[0]=AZgiUdHZ-2kjeOo2vMHijNfMI2V4FxNYBQ7fKuEt5th__1THMYtHWaotNZ9HmXgL6PZCMz-DL1HE9dN8Ba5meXpo3HqTl8UDkq4tU69zQ3SB0Eotb-fCe0jIaHoJsJkeOeY4RSFiT-hZUfg7iRp4ShiXFvg-FVMdXEOG5LScQDaHDvgRYTZWVsyt6go&amp;__tn__=*NK-R\">#PNCdeGuatemala<\/a><a href=\"https:\/\/www.facebook.com\/hashtag\/esquipulas?__cft__[0]=AZgiUdHZ-2kjeOo2vMHijNfMI2V4FxNYBQ7fKuEt5th__1THMYtHWaotNZ9HmXgL6PZCMz-DL1HE9dN8Ba5meXpo3HqTl8UDkq4tU69zQ3SB0Eotb-fCe0jIaHoJsJkeOeY4RSFiT-hZUfg7iRp4ShiXFvg-FVMdXEOG5LScQDaHDvgRYTZWVsyt6go&amp;__tn__=*NK-R\">#Esquipulas<\/a><\/p>\n\n\n\n<figure class=\"wp-block-gallery has-nested-images columns-default is-cropped wp-block-gallery-1 is-layout-flex wp-block-gallery-is-layout-flex\">\n<figure class=\"wp-block-image size-large\"><img loading=\"lazy\" decoding=\"async\" width=\"371\" height=\"367\" data-id=\"135919\" src=\"https:\/\/elmetropolitano.com.gt\/es\/wp-content\/uploads\/2026\/09\/1-17.jpg\" alt=\"\" class=\"wp-image-135919\" srcset=\"https:\/\/elmetropolitano.com.gt\/es\/wp-content\/uploads\/2026\/09\/1-17.jpg 371w, https:\/\/elmetropolitano.com.gt\/es\/wp-content\/uploads\/2026\/09\/1-17-300x297.jpg 300w\" sizes=\"auto, (max-width: 371px) 100vw, 371px\" \/><\/figure>\n\n\n\n<figure class=\"wp-block-image size-large\"><img loading=\"lazy\" decoding=\"async\" width=\"960\" height=\"720\" data-id=\"135920\" src=\"https:\/\/elmetropolitano.com.gt\/es\/wp-content\/uploads\/2026\/09\/2-7.jpg\" alt=\"\" class=\"wp-image-135920\" srcset=\"https:\/\/elmetropolitano.com.gt\/es\/wp-content\/uploads\/2026\/09\/2-7.jpg 960w, https:\/\/elmetropolitano.com.gt\/es\/wp-content\/uploads\/2026\/09\/2-7-300x225.jpg 300w, https:\/\/elmetropolitano.com.gt\/es\/wp-content\/uploads\/2026\/09\/2-7-768x576.jpg 768w\" sizes=\"auto, (max-width: 960px) 100vw, 960px\" \/><\/figure>\n<\/figure>\n","protected":false},"excerpt":{"rendered":"<p>Un hecho de violencia registrado la noche de este viernes en Esquipulas que dej\u00f3 sin vida a Diatmar Everardo Zacar\u00edas Beza, de 38 a\u00f1os, quien particip\u00f3 como candidato a la Alcald\u00eda de Esquipulas en las elecciones de 2023 y posteriormente aspir\u00f3 a la Gobernaci\u00f3n Departamental de Chiquimula. Se a establecido que Zacar\u00edas Beza llegaba a <a class=\"read-more\" href=\"https:\/\/elmetropolitano.com.gt\/es\/sicarios-asesinan-a-ex-candidato-a-alcalde-por-el-municipio-de-esquipulas\/\">Leer m\u00e1s<\/a><\/p>\n","protected":false},"author":1,"featured_media":135918,"comment_status":"open","ping_status":"closed","sticky":false,"template":"","format":"standard","meta":{"footnotes":""},"categories":[4],"tags":[13],"class_list":["post-135917","post","type-post","status-publish","format-standard","has-post-thumbnail","hentry","category-departamentales","tag-departamentales"],"_links":{"self":[{"href":"https:\/\/elmetropolitano.com.gt\/es\/wp-json\/wp\/v2\/posts\/135917","targetHints":{"allow":["GET"]}}],"collection":[{"href":"https:\/\/elmetropolitano.com.gt\/es\/wp-json\/wp\/v2\/posts"}],"about":[{"href":"https:\/\/elmetropolitano.com.gt\/es\/wp-json\/wp\/v2\/types\/post"}],"author":[{"embeddable":true,"href":"https:\/\/elmetropolitano.com.gt\/es\/wp-json\/wp\/v2\/users\/1"}],"replies":[{"embeddable":true,"href":"https:\/\/elmetropolitano.com.gt\/es\/wp-json\/wp\/v2\/comments?post=135917"}],"version-history":[{"count":1,"href":"https:\/\/elmetropolitano.com.gt\/es\/wp-json\/wp\/v2\/posts\/135917\/revisions"}],"predecessor-version":[{"id":135921,"href":"https:\/\/elmetropolitano.com.gt\/es\/wp-json\/wp\/v2\/posts\/135917\/revisions\/135921"}],"wp:featuredmedia":[{"embeddable":true,"href":"https:\/\/elmetropolitano.com.gt\/es\/wp-json\/wp\/v2\/media\/135918"}],"wp:attachment":[{"href":"https:\/\/elmetropolitano.com.gt\/es\/wp-json\/wp\/v2\/media?parent=135917"}],"wp:term":[{"taxonomy":"category","embeddable":true,"href":"https:\/\/elmetropolitano.com.gt\/es\/wp-json\/wp\/v2\/categories?post=135917"},{"taxonomy":"post_tag","embeddable":true,"href":"https:\/\/elmetropolitano.com.gt\/es\/wp-json\/wp\/v2\/tags?post=135917"}],"curies":[{"name":"wp","href":"https:\/\/api.w.org\/{rel}","templated":true}]}}