{"id":135926,"date":"2026-09-05T11:18:08","date_gmt":"2026-09-05T17:18:08","guid":{"rendered":"https:\/\/elmetropolitano.com.gt\/es\/?p=135926"},"modified":"2026-09-05T11:18:09","modified_gmt":"2026-09-05T17:18:09","slug":"experiencia-del-hospital-general-san-juan-de-dios-en-cirugia-oncologica-llega-a-revista-cientifica-internacional","status":"publish","type":"post","link":"https:\/\/elmetropolitano.com.gt\/es\/experiencia-del-hospital-general-san-juan-de-dios-en-cirugia-oncologica-llega-a-revista-cientifica-internacional\/","title":{"rendered":"Experiencia del Hospital General San Juan de Dios en cirug\u00eda oncol\u00f3gica llega a revista cient\u00edfica internacional"},"content":{"rendered":"\n<p>La experiencia del Hospital General San Juan de Dios en cirug\u00eda oncol\u00f3gica fue publicada en la revista cient\u00edfica internacional International Journal of Gynecological Cancer, luego de la realizaci\u00f3n del primer taller de cirug\u00eda radical en c\u00e1ncer ginecol\u00f3gico desarrollado en Centroam\u00e9rica.<\/p>\n\n\n\n<p>El taller se llev\u00f3 a cabo en agosto de 2025 en las salas de operaciones del hospital y estuvo a cargo del Departamento de Ginecolog\u00eda Oncol\u00f3gica. En la actividad participaron m\u00e9dicos provenientes de 13 pa\u00edses de Latinoam\u00e9rica, adem\u00e1s de docentes nacionales e internacionales.<\/p><div class=\"elmet-contenido\" id=\"elmet-401799931\"><div class=\"elmet-adlabel\">Anuncios<\/div><div style=\"margin-top: 20px;margin-right: 20px;margin-bottom: 20px;margin-left: 20px;\" id=\"elmet-511042172\"><a href=\"https:\/\/www.facebook.com\/arrincuanantigua\/\" aria-label=\"cintillo-arrin-cual\"><img loading=\"lazy\" decoding=\"async\" src=\"https:\/\/elmetropolitano.com.gt\/es\/wp-content\/uploads\/2021\/11\/cintillo-arrin-cual-1.jpg\" alt=\"\"  srcset=\"https:\/\/elmetropolitano.com.gt\/es\/wp-content\/uploads\/2021\/11\/cintillo-arrin-cual-1.jpg 750w, https:\/\/elmetropolitano.com.gt\/es\/wp-content\/uploads\/2021\/11\/cintillo-arrin-cual-1-300x36.jpg 300w, https:\/\/elmetropolitano.com.gt\/es\/wp-content\/uploads\/2021\/11\/cintillo-arrin-cual-1-600x72.jpg 600w\" sizes=\"(max-width: 750px) 100vw, 750px\" width=\"750\" height=\"90\"   \/><\/a><\/div><\/div>\n\n\n\n<p>Durante el taller se practicaron cirug\u00edas en vivo a pacientes con c\u00e1ncer de cuello uterino, ovario y endometrio. La actividad permiti\u00f3 fortalecer los conocimientos y habilidades de los profesionales mediante procedimientos quir\u00fargicos de alta complejidad.<\/p>\n\n\n\n<p>La publicaci\u00f3n cient\u00edfica permite compartir con la comunidad m\u00e9dica internacional la experiencia desarrollada en Guatemala en materia de formaci\u00f3n quir\u00fargica. El taller cont\u00f3 con el respaldo de la Sociedad Internacional de C\u00e1ncer Ginecol\u00f3gico y la Asociaci\u00f3n Guatemalteca de Oncolog\u00eda.<\/p>\n\n\n\n<p>El art\u00edculo tambi\u00e9n resalta la importancia de la capacitaci\u00f3n continua para mejorar la atenci\u00f3n de los pacientes. Este reconocimiento representa un avance para la proyecci\u00f3n acad\u00e9mica de los profesionales guatemaltecos y demuestra el valor del conocimiento generado dentro de la red p\u00fablica de salud.<\/p>\n\n\n\n<p>Asimismo, la publicaci\u00f3n permite que esta experiencia est\u00e9 disponible para equipos m\u00e9dicos de Guatemala, la regi\u00f3n y otras partes del mundo, adem\u00e1s de abrir oportunidades para futuras colaboraciones e intercambio de conocimientos en el campo de la cirug\u00eda oncol\u00f3gica.<\/p>\n\n\n\n<p>Texto Cindy Alonzo<\/p>\n\n\n\n<p>#HospitalGeneral #ciruj\u00edaondol\u00f3gica #metroredes #elmetropolitanogt www.elmetropolitano.com.gt www.metroredes.com<\/p>\n","protected":false},"excerpt":{"rendered":"<p>La experiencia del Hospital General San Juan de Dios en cirug\u00eda oncol\u00f3gica fue publicada en la revista cient\u00edfica internacional International Journal of Gynecological Cancer, luego de la realizaci\u00f3n del primer taller de cirug\u00eda radical en c\u00e1ncer ginecol\u00f3gico desarrollado en Centroam\u00e9rica. El taller se llev\u00f3 a cabo en agosto de 2025 en las salas de operaciones <a class=\"read-more\" href=\"https:\/\/elmetropolitano.com.gt\/es\/experiencia-del-hospital-general-san-juan-de-dios-en-cirugia-oncologica-llega-a-revista-cientifica-internacional\/\">Leer m\u00e1s<\/a><\/p>\n","protected":false},"author":1,"featured_media":135927,"comment_status":"open","ping_status":"closed","sticky":false,"template":"","format":"standard","meta":{"footnotes":""},"categories":[2],"tags":[12],"class_list":["post-135926","post","type-post","status-publish","format-standard","has-post-thumbnail","hentry","category-nacionales","tag-nacionales"],"_links":{"self":[{"href":"https:\/\/elmetropolitano.com.gt\/es\/wp-json\/wp\/v2\/posts\/135926","targetHints":{"allow":["GET"]}}],"collection":[{"href":"https:\/\/elmetropolitano.com.gt\/es\/wp-json\/wp\/v2\/posts"}],"about":[{"href":"https:\/\/elmetropolitano.com.gt\/es\/wp-json\/wp\/v2\/types\/post"}],"author":[{"embeddable":true,"href":"https:\/\/elmetropolitano.com.gt\/es\/wp-json\/wp\/v2\/users\/1"}],"replies":[{"embeddable":true,"href":"https:\/\/elmetropolitano.com.gt\/es\/wp-json\/wp\/v2\/comments?post=135926"}],"version-history":[{"count":1,"href":"https:\/\/elmetropolitano.com.gt\/es\/wp-json\/wp\/v2\/posts\/135926\/revisions"}],"predecessor-version":[{"id":135928,"href":"https:\/\/elmetropolitano.com.gt\/es\/wp-json\/wp\/v2\/posts\/135926\/revisions\/135928"}],"wp:featuredmedia":[{"embeddable":true,"href":"https:\/\/elmetropolitano.com.gt\/es\/wp-json\/wp\/v2\/media\/135927"}],"wp:attachment":[{"href":"https:\/\/elmetropolitano.com.gt\/es\/wp-json\/wp\/v2\/media?parent=135926"}],"wp:term":[{"taxonomy":"category","embeddable":true,"href":"https:\/\/elmetropolitano.com.gt\/es\/wp-json\/wp\/v2\/categories?post=135926"},{"taxonomy":"post_tag","embeddable":true,"href":"https:\/\/elmetropolitano.com.gt\/es\/wp-json\/wp\/v2\/tags?post=135926"}],"curies":[{"name":"wp","href":"https:\/\/api.w.org\/{rel}","templated":true}]}}