{"id":135955,"date":"2026-09-05T20:09:07","date_gmt":"2026-09-06T02:09:07","guid":{"rendered":"https:\/\/elmetropolitano.com.gt\/es\/?p=135955"},"modified":"2026-09-05T20:09:09","modified_gmt":"2026-09-06T02:09:09","slug":"capturado-en-desfile-hipico-de-jalapa-por-portacion-ostentosa-de-armas","status":"publish","type":"post","link":"https:\/\/elmetropolitano.com.gt\/es\/capturado-en-desfile-hipico-de-jalapa-por-portacion-ostentosa-de-armas\/","title":{"rendered":"Capturado en desfile h\u00edpico de Jalapa por portaci\u00f3n ostentosa de armas"},"content":{"rendered":"\n<p>Agentes de la Polic\u00eda Nacional Civil PNC de la Comisar\u00eda 22 han dado cumplimiento a lo contemplado en la Ley de Armas y Municiones, procediendo a capturar a Francisco Guti\u00e9rrez Galicia de 41 a\u00f1os, en la calzada Juan Jos\u00e9 Bonilla, Jalapa, quien portaba una carabina calibre .223 marca Taurus, sin contar con la licencia respectiva emitida por la DIGECAM.<\/p>\n\n\n\n<p>Este individuo tambi\u00e9n portaba, durante el desfile h\u00edpico, de manera visible, una pistola Jericho, del calibre 9mm. Con tres cargadores, de la que si present\u00f3 su licencia respectiva.<\/p><div class=\"elmet-contenido\" id=\"elmet-3871901960\"><div class=\"elmet-adlabel\">Anuncios<\/div><div style=\"margin-top: 20px;margin-right: 20px;margin-bottom: 20px;margin-left: 20px;\" id=\"elmet-1005401491\"><a href=\"https:\/\/www.facebook.com\/arrincuanantigua\/\" aria-label=\"cintillo-arrin-cual\"><img loading=\"lazy\" decoding=\"async\" src=\"https:\/\/elmetropolitano.com.gt\/es\/wp-content\/uploads\/2021\/11\/cintillo-arrin-cual-1.jpg\" alt=\"\"  srcset=\"https:\/\/elmetropolitano.com.gt\/es\/wp-content\/uploads\/2021\/11\/cintillo-arrin-cual-1.jpg 750w, https:\/\/elmetropolitano.com.gt\/es\/wp-content\/uploads\/2021\/11\/cintillo-arrin-cual-1-300x36.jpg 300w, https:\/\/elmetropolitano.com.gt\/es\/wp-content\/uploads\/2021\/11\/cintillo-arrin-cual-1-600x72.jpg 600w\" sizes=\"(max-width: 750px) 100vw, 750px\" width=\"750\" height=\"90\"   \/><\/a><\/div><\/div>\n\n\n\n<p>Fue consignado junto a las armas, tolvas y municiones al juzgado de paz de Jalapa para que resolviera su situaci\u00f3n jur\u00eddica<\/p>\n\n\n\n<p>La PNC reitero el llamado a no portar ostentosamente armas de fuego, ni en desfiles, ni en centros comerciales, restaurantes o en la v\u00eda p\u00fablica, ya que esta estrictamente prohibido por la ley; evite problemas judiciales.<\/p>\n\n\n\n<p><a href=\"https:\/\/www.facebook.com\/hashtag\/feriadejalapa?__cft__[0]=AZjJczC0hzI3gdxrlFRGhBAY-KRErrLyvXgcXmiD2HS3nVWIHyKL7Ebds1pVT_ZhtQVQVCD-0sbcuEx8dZgJr_9uTtiurF2HD4H08S0QW-FNlW_bjNLiq8IcpjfdPUO6sVedatlaaweLw0aa3lwLfszgGCFokfh4Q5a-hDD-LNrcDN8YCnbmUMXyMLI&amp;__tn__=*NK-R\">#FeriaDeJalapa<\/a><a href=\"https:\/\/www.facebook.com\/hashtag\/metroreses?__cft__[0]=AZjJczC0hzI3gdxrlFRGhBAY-KRErrLyvXgcXmiD2HS3nVWIHyKL7Ebds1pVT_ZhtQVQVCD-0sbcuEx8dZgJr_9uTtiurF2HD4H08S0QW-FNlW_bjNLiq8IcpjfdPUO6sVedatlaaweLw0aa3lwLfszgGCFokfh4Q5a-hDD-LNrcDN8YCnbmUMXyMLI&amp;__tn__=*NK-R\">#Metroreses<\/a> <a href=\"https:\/\/www.facebook.com\/hashtag\/estamoscumpliendo?__cft__[0]=AZjJczC0hzI3gdxrlFRGhBAY-KRErrLyvXgcXmiD2HS3nVWIHyKL7Ebds1pVT_ZhtQVQVCD-0sbcuEx8dZgJr_9uTtiurF2HD4H08S0QW-FNlW_bjNLiq8IcpjfdPUO6sVedatlaaweLw0aa3lwLfszgGCFokfh4Q5a-hDD-LNrcDN8YCnbmUMXyMLI&amp;__tn__=*NK-R\">#EstamosCumpliendo<\/a> <a href=\"https:\/\/www.facebook.com\/hashtag\/protegeryservir?__cft__[0]=AZjJczC0hzI3gdxrlFRGhBAY-KRErrLyvXgcXmiD2HS3nVWIHyKL7Ebds1pVT_ZhtQVQVCD-0sbcuEx8dZgJr_9uTtiurF2HD4H08S0QW-FNlW_bjNLiq8IcpjfdPUO6sVedatlaaweLw0aa3lwLfszgGCFokfh4Q5a-hDD-LNrcDN8YCnbmUMXyMLI&amp;__tn__=*NK-R\">#ProtegerYServir<\/a><\/p>\n\n\n\n<figure class=\"wp-block-gallery has-nested-images columns-default is-cropped wp-block-gallery-1 is-layout-flex wp-block-gallery-is-layout-flex\">\n<figure class=\"wp-block-image size-large\"><img loading=\"lazy\" decoding=\"async\" width=\"876\" height=\"960\" data-id=\"135961\" src=\"https:\/\/elmetropolitano.com.gt\/es\/wp-content\/uploads\/2026\/09\/1-21.jpg\" alt=\"\" class=\"wp-image-135961\" srcset=\"https:\/\/elmetropolitano.com.gt\/es\/wp-content\/uploads\/2026\/09\/1-21.jpg 876w, https:\/\/elmetropolitano.com.gt\/es\/wp-content\/uploads\/2026\/09\/1-21-274x300.jpg 274w, https:\/\/elmetropolitano.com.gt\/es\/wp-content\/uploads\/2026\/09\/1-21-768x842.jpg 768w\" sizes=\"auto, (max-width: 876px) 100vw, 876px\" \/><\/figure>\n\n\n\n<figure class=\"wp-block-image size-large\"><img loading=\"lazy\" decoding=\"async\" width=\"450\" height=\"800\" data-id=\"135960\" src=\"https:\/\/elmetropolitano.com.gt\/es\/wp-content\/uploads\/2026\/09\/2-9.jpg\" alt=\"\" class=\"wp-image-135960\" srcset=\"https:\/\/elmetropolitano.com.gt\/es\/wp-content\/uploads\/2026\/09\/2-9.jpg 450w, https:\/\/elmetropolitano.com.gt\/es\/wp-content\/uploads\/2026\/09\/2-9-169x300.jpg 169w\" sizes=\"auto, (max-width: 450px) 100vw, 450px\" \/><\/figure>\n\n\n\n<figure class=\"wp-block-image size-large\"><img loading=\"lazy\" decoding=\"async\" width=\"447\" height=\"800\" data-id=\"135959\" src=\"https:\/\/elmetropolitano.com.gt\/es\/wp-content\/uploads\/2026\/09\/3-9.jpg\" alt=\"\" class=\"wp-image-135959\" srcset=\"https:\/\/elmetropolitano.com.gt\/es\/wp-content\/uploads\/2026\/09\/3-9.jpg 447w, https:\/\/elmetropolitano.com.gt\/es\/wp-content\/uploads\/2026\/09\/3-9-168x300.jpg 168w\" sizes=\"auto, (max-width: 447px) 100vw, 447px\" \/><\/figure>\n\n\n\n<figure class=\"wp-block-image size-large\"><img loading=\"lazy\" decoding=\"async\" width=\"450\" height=\"800\" data-id=\"135957\" src=\"https:\/\/elmetropolitano.com.gt\/es\/wp-content\/uploads\/2026\/09\/4-3.jpg\" alt=\"\" class=\"wp-image-135957\" srcset=\"https:\/\/elmetropolitano.com.gt\/es\/wp-content\/uploads\/2026\/09\/4-3.jpg 450w, https:\/\/elmetropolitano.com.gt\/es\/wp-content\/uploads\/2026\/09\/4-3-169x300.jpg 169w\" sizes=\"auto, (max-width: 450px) 100vw, 450px\" \/><\/figure>\n\n\n\n<figure class=\"wp-block-image size-large\"><img loading=\"lazy\" decoding=\"async\" width=\"540\" height=\"960\" data-id=\"135958\" src=\"https:\/\/elmetropolitano.com.gt\/es\/wp-content\/uploads\/2026\/09\/5-2.jpg\" alt=\"\" class=\"wp-image-135958\" srcset=\"https:\/\/elmetropolitano.com.gt\/es\/wp-content\/uploads\/2026\/09\/5-2.jpg 540w, https:\/\/elmetropolitano.com.gt\/es\/wp-content\/uploads\/2026\/09\/5-2-169x300.jpg 169w\" sizes=\"auto, (max-width: 540px) 100vw, 540px\" \/><\/figure>\n<\/figure>\n","protected":false},"excerpt":{"rendered":"<p>Agentes de la Polic\u00eda Nacional Civil PNC de la Comisar\u00eda 22 han dado cumplimiento a lo contemplado en la Ley de Armas y Municiones, procediendo a capturar a Francisco Guti\u00e9rrez Galicia de 41 a\u00f1os, en la calzada Juan Jos\u00e9 Bonilla, Jalapa, quien portaba una carabina calibre .223 marca Taurus, sin contar con la licencia respectiva <a class=\"read-more\" href=\"https:\/\/elmetropolitano.com.gt\/es\/capturado-en-desfile-hipico-de-jalapa-por-portacion-ostentosa-de-armas\/\">Leer m\u00e1s<\/a><\/p>\n","protected":false},"author":1,"featured_media":135956,"comment_status":"open","ping_status":"closed","sticky":false,"template":"","format":"standard","meta":{"footnotes":""},"categories":[4],"tags":[13],"class_list":["post-135955","post","type-post","status-publish","format-standard","has-post-thumbnail","hentry","category-departamentales","tag-departamentales"],"_links":{"self":[{"href":"https:\/\/elmetropolitano.com.gt\/es\/wp-json\/wp\/v2\/posts\/135955","targetHints":{"allow":["GET"]}}],"collection":[{"href":"https:\/\/elmetropolitano.com.gt\/es\/wp-json\/wp\/v2\/posts"}],"about":[{"href":"https:\/\/elmetropolitano.com.gt\/es\/wp-json\/wp\/v2\/types\/post"}],"author":[{"embeddable":true,"href":"https:\/\/elmetropolitano.com.gt\/es\/wp-json\/wp\/v2\/users\/1"}],"replies":[{"embeddable":true,"href":"https:\/\/elmetropolitano.com.gt\/es\/wp-json\/wp\/v2\/comments?post=135955"}],"version-history":[{"count":1,"href":"https:\/\/elmetropolitano.com.gt\/es\/wp-json\/wp\/v2\/posts\/135955\/revisions"}],"predecessor-version":[{"id":135962,"href":"https:\/\/elmetropolitano.com.gt\/es\/wp-json\/wp\/v2\/posts\/135955\/revisions\/135962"}],"wp:featuredmedia":[{"embeddable":true,"href":"https:\/\/elmetropolitano.com.gt\/es\/wp-json\/wp\/v2\/media\/135956"}],"wp:attachment":[{"href":"https:\/\/elmetropolitano.com.gt\/es\/wp-json\/wp\/v2\/media?parent=135955"}],"wp:term":[{"taxonomy":"category","embeddable":true,"href":"https:\/\/elmetropolitano.com.gt\/es\/wp-json\/wp\/v2\/categories?post=135955"},{"taxonomy":"post_tag","embeddable":true,"href":"https:\/\/elmetropolitano.com.gt\/es\/wp-json\/wp\/v2\/tags?post=135955"}],"curies":[{"name":"wp","href":"https:\/\/api.w.org\/{rel}","templated":true}]}}