{"id":58204,"date":"2022-12-04T22:14:05","date_gmt":"2022-12-05T04:14:05","guid":{"rendered":"https:\/\/elmetropolitano.com.gt\/es\/?p=58204"},"modified":"2022-12-04T22:14:06","modified_gmt":"2022-12-05T04:14:06","slug":"emporium-es-reconocida-por-su-contribucion-al-desarrollo-de-la-juventud","status":"publish","type":"post","link":"https:\/\/elmetropolitano.com.gt\/es\/emporium-es-reconocida-por-su-contribucion-al-desarrollo-de-la-juventud\/","title":{"rendered":"EMPORIUM es reconocida por su contribuci\u00f3n al desarrollo de la juventud"},"content":{"rendered":"\n<p>Con el objetivo de brindar oportunidades a j\u00f3venes, en calidad de aprendices, que les permita adquirir y desarrollar su primera experiencia laboral, el Ministerio de Trabajo y Previsi\u00f3n Social (Mintrab) y Corporaci\u00f3n Emporium, implementaron en mayo pasado el programa Beca Mi Primer Empleo, mismo que responde a la Pol\u00edtica Nacional de Empleo Digno (PNED), Eje 2: \u201cDesarrollo del Capital Humano\u201d.<\/p>\n\n\n\n<p>Actualmente, <a><\/a>este programa promueve la contrataci\u00f3n de j\u00f3venes guatemaltecos entre 18 y 24 a\u00f1os, con escolaridad m\u00ednima de ciclo primario, quienes, durante cuatro meses, desarrollan funciones operativas en puestos administrativos, \u00e1rea de ventas, producci\u00f3n, entre otros.<\/p><div class=\"elmet-contenido\" id=\"elmet-3827229984\"><div class=\"elmet-adlabel\">Anuncios<\/div><div style=\"margin-top: 20px;margin-right: 20px;margin-bottom: 20px;margin-left: 20px;\" id=\"elmet-372539556\"><a href=\"https:\/\/www.facebook.com\/arrincuanantigua\/\" aria-label=\"cintillo-arrin-cual\"><img loading=\"lazy\" decoding=\"async\" src=\"https:\/\/elmetropolitano.com.gt\/es\/wp-content\/uploads\/2021\/11\/cintillo-arrin-cual-1.jpg\" alt=\"\"  srcset=\"https:\/\/elmetropolitano.com.gt\/es\/wp-content\/uploads\/2021\/11\/cintillo-arrin-cual-1.jpg 750w, https:\/\/elmetropolitano.com.gt\/es\/wp-content\/uploads\/2021\/11\/cintillo-arrin-cual-1-300x36.jpg 300w, https:\/\/elmetropolitano.com.gt\/es\/wp-content\/uploads\/2021\/11\/cintillo-arrin-cual-1-600x72.jpg 600w\" sizes=\"(max-width: 750px) 100vw, 750px\" width=\"750\" height=\"90\"   \/><\/a><\/div><\/div>\n\n\n\n<p>Durante el periodo comprendido de mayo a agosto 2022, un grupo de cuatro j\u00f3venes fueron seleccionados por Corporaci\u00f3n Emporium Guatemala para desempa\u00f1ar tareas acordes a sus competencias y perfil acad\u00e9mico, logrando con esto la integraci\u00f3n al mercado laboral de los mismos.<\/p>\n\n\n\n<p>Al t\u00e9rmino del programa, los j\u00f3venes con un alto desempe\u00f1o y resultados en el \u00e1rea a la que fueron asignados recibieron la oportunidad de continuar laborando de forma permanente para la marca.<\/p>\n\n\n\n<p>Por esta raz\u00f3n, el pasado 30 de noviembre durante un acto oficial, el Mintrab otorg\u00f3 un reconocimiento a Corporaci\u00f3n Emporium por ser de las empresas con mayor apertura y cumplimiento; con las pol\u00edticas del programa durante el tiempo pactado, por ambas instituciones, para esta primera implementaci\u00f3n del convenio. As\u00ed mismo, la se\u00f1orita Saida Cordero, quien form\u00f3 parte del primer grupo de j\u00f3venes seleccionados, fue reconocida por alcanzar un alto desempe\u00f1o durante la beca otorgada.<\/p>\n\n\n\n<p>\u201cEn Corporaci\u00f3n Emporium nos caracterizamos por promover el desarrollo de nuestros colaboradores, y otorgar la oportunidad a j\u00f3venes que deseen adquirir experiencia laboral en la industria de la moda\u201d, coment\u00f3 Vilma Urizar, Gerente de Recursos Humanos de la organizaci\u00f3n.<\/p>\n\n\n\n<p>En Corporaci\u00f3n Emporium, un alto porcentaje de su personal se ha desarrollado de manera interna, logrando adquirir y aplicar habilidades que se ven reflejadas en la ejecuci\u00f3n de las funciones de cada puesto.<\/p>\n\n\n\n<p>Nos sentimos satisfechos de brindar a la juventud guatemalteca la oportunidad de ingresar al mundo laboral, para que formen parte de nuestro equipo de colaboradores, quienes con su trabajo contribuyen a fortalecer y mejorar cada d\u00eda nuestros productos y servicios, para cada uno de los clientes que conf\u00eda en la marca, coment\u00f3 Roberto Morales, Gerente General de Corporaci\u00f3n Emporium<\/p>\n\n\n\n<p><a href=\"https:\/\/www.facebook.com\/hashtag\/metroredes?__eep__=6&amp;__cft__[0]=AZXUBwCnukQJNUK8si7rv5omfXvXZzOj7IWWNpnyQ-5kI3ikYTf0PZ0bq26wYrIh5IA1IY8Cz2yBwrf5_zCsu_ZwA6LXmCd17ikRtQDkWO_zuzxF-xlSmispsLhD7sWn-bBRQZ-u6jaaXXjAkAQ-PEsUetggUqp3b7tzZ9NA7lL92ERcnyQ6C2YJKYF_7z1sEJ0&amp;__tn__=*NK-R\">#metroredes<\/a><a href=\"https:\/\/www.facebook.com\/hashtag\/emporium?__eep__=6&amp;__cft__[0]=AZXUBwCnukQJNUK8si7rv5omfXvXZzOj7IWWNpnyQ-5kI3ikYTf0PZ0bq26wYrIh5IA1IY8Cz2yBwrf5_zCsu_ZwA6LXmCd17ikRtQDkWO_zuzxF-xlSmispsLhD7sWn-bBRQZ-u6jaaXXjAkAQ-PEsUetggUqp3b7tzZ9NA7lL92ERcnyQ6C2YJKYF_7z1sEJ0&amp;__tn__=*NK-R\">#Emporium<\/a><\/p>\n\n\n\n<figure class=\"wp-block-gallery has-nested-images columns-default is-cropped wp-block-gallery-1 is-layout-flex wp-block-gallery-is-layout-flex\">\n<figure class=\"wp-block-image size-large\"><img loading=\"lazy\" decoding=\"async\" width=\"960\" height=\"720\" data-id=\"58206\" src=\"https:\/\/elmetropolitano.com.gt\/es\/wp-content\/uploads\/2022\/12\/318377299_672563414563295_7658394817381331762_n.jpg\" alt=\"\" class=\"wp-image-58206\" srcset=\"https:\/\/elmetropolitano.com.gt\/es\/wp-content\/uploads\/2022\/12\/318377299_672563414563295_7658394817381331762_n.jpg 960w, https:\/\/elmetropolitano.com.gt\/es\/wp-content\/uploads\/2022\/12\/318377299_672563414563295_7658394817381331762_n-300x225.jpg 300w, https:\/\/elmetropolitano.com.gt\/es\/wp-content\/uploads\/2022\/12\/318377299_672563414563295_7658394817381331762_n-768x576.jpg 768w, https:\/\/elmetropolitano.com.gt\/es\/wp-content\/uploads\/2022\/12\/318377299_672563414563295_7658394817381331762_n-600x450.jpg 600w\" sizes=\"auto, (max-width: 960px) 100vw, 960px\" \/><\/figure>\n<\/figure>\n","protected":false},"excerpt":{"rendered":"<p>Con el objetivo de brindar oportunidades a j\u00f3venes, en calidad de aprendices, que les permita adquirir y desarrollar su primera experiencia laboral, el Ministerio de Trabajo y Previsi\u00f3n Social (Mintrab) y Corporaci\u00f3n Emporium, implementaron en mayo pasado el programa Beca Mi Primer Empleo, mismo que responde a la Pol\u00edtica Nacional de Empleo Digno (PNED), Eje <a class=\"read-more\" href=\"https:\/\/elmetropolitano.com.gt\/es\/emporium-es-reconocida-por-su-contribucion-al-desarrollo-de-la-juventud\/\">Leer m\u00e1s<\/a><\/p>\n","protected":false},"author":1,"featured_media":58205,"comment_status":"open","ping_status":"closed","sticky":false,"template":"","format":"standard","meta":{"footnotes":""},"categories":[31],"tags":[32],"class_list":["post-58204","post","type-post","status-publish","format-standard","has-post-thumbnail","hentry","category-metroimpulso","tag-metroimpulso"],"_links":{"self":[{"href":"https:\/\/elmetropolitano.com.gt\/es\/wp-json\/wp\/v2\/posts\/58204","targetHints":{"allow":["GET"]}}],"collection":[{"href":"https:\/\/elmetropolitano.com.gt\/es\/wp-json\/wp\/v2\/posts"}],"about":[{"href":"https:\/\/elmetropolitano.com.gt\/es\/wp-json\/wp\/v2\/types\/post"}],"author":[{"embeddable":true,"href":"https:\/\/elmetropolitano.com.gt\/es\/wp-json\/wp\/v2\/users\/1"}],"replies":[{"embeddable":true,"href":"https:\/\/elmetropolitano.com.gt\/es\/wp-json\/wp\/v2\/comments?post=58204"}],"version-history":[{"count":1,"href":"https:\/\/elmetropolitano.com.gt\/es\/wp-json\/wp\/v2\/posts\/58204\/revisions"}],"predecessor-version":[{"id":58207,"href":"https:\/\/elmetropolitano.com.gt\/es\/wp-json\/wp\/v2\/posts\/58204\/revisions\/58207"}],"wp:featuredmedia":[{"embeddable":true,"href":"https:\/\/elmetropolitano.com.gt\/es\/wp-json\/wp\/v2\/media\/58205"}],"wp:attachment":[{"href":"https:\/\/elmetropolitano.com.gt\/es\/wp-json\/wp\/v2\/media?parent=58204"}],"wp:term":[{"taxonomy":"category","embeddable":true,"href":"https:\/\/elmetropolitano.com.gt\/es\/wp-json\/wp\/v2\/categories?post=58204"},{"taxonomy":"post_tag","embeddable":true,"href":"https:\/\/elmetropolitano.com.gt\/es\/wp-json\/wp\/v2\/tags?post=58204"}],"curies":[{"name":"wp","href":"https:\/\/api.w.org\/{rel}","templated":true}]}}