{"id":58208,"date":"2022-12-04T22:15:49","date_gmt":"2022-12-05T04:15:49","guid":{"rendered":"https:\/\/elmetropolitano.com.gt\/es\/?p=58208"},"modified":"2022-12-04T22:15:50","modified_gmt":"2022-12-05T04:15:50","slug":"francisco-arredondo-participara-con-creo","status":"publish","type":"post","link":"https:\/\/elmetropolitano.com.gt\/es\/francisco-arredondo-participara-con-creo\/","title":{"rendered":"Francisco Arredondo participar\u00e1 con CREO"},"content":{"rendered":"\n<p>El Doctor Francisco Arredondo ya se subi\u00f3 al veh\u00edculo del Partido Compromiso Renovaci\u00f3n y Orden CREO, con miras a las elecciones generales del pr\u00f3ximo a\u00f1o por lo que ya es el precandidato presidencial de esta instituci\u00f3n pol\u00edtica seg\u00fan se conoci\u00f3 este domingo.<\/p>\n\n\n\n<p>Una <a><\/a>fuente del partido CREO dio a conocer al Peri\u00f3dico El Metropolitano que las negociaciones duraron varios meses pero al final llegaron a t\u00e9rmino final con la incorporaci\u00f3n del Doctor Arredondo como precandidato a la presidencia de la mano de CREO<\/p><div class=\"elmet-contenido\" id=\"elmet-631724143\"><div class=\"elmet-adlabel\">Anuncios<\/div><div style=\"margin-top: 20px;margin-right: 20px;margin-bottom: 20px;margin-left: 20px;\" id=\"elmet-1256211848\"><a href=\"https:\/\/www.facebook.com\/arrincuanantigua\/\" aria-label=\"cintillo-arrin-cual\"><img loading=\"lazy\" decoding=\"async\" src=\"https:\/\/elmetropolitano.com.gt\/es\/wp-content\/uploads\/2021\/11\/cintillo-arrin-cual-1.jpg\" alt=\"\"  srcset=\"https:\/\/elmetropolitano.com.gt\/es\/wp-content\/uploads\/2021\/11\/cintillo-arrin-cual-1.jpg 750w, https:\/\/elmetropolitano.com.gt\/es\/wp-content\/uploads\/2021\/11\/cintillo-arrin-cual-1-300x36.jpg 300w, https:\/\/elmetropolitano.com.gt\/es\/wp-content\/uploads\/2021\/11\/cintillo-arrin-cual-1-600x72.jpg 600w\" sizes=\"(max-width: 750px) 100vw, 750px\" width=\"750\" height=\"90\"   \/><\/a><\/div><\/div>\n\n\n\n<p>A los coordinadores de CREO a nivel nacional ya se les comunic\u00f3 la llegada de Arredondo al Partido lo que fue bien recibida por qu\u00e9 consideran que lleg\u00f3 a complementar el equipo<\/p>\n\n\n\n<p>El Partido CREO tiene programada para el 22 de Enero del pr\u00f3ximo a\u00f1o la celebraci\u00f3n de la gran Asmablea Nacional de proclamaci\u00f3n de su Binomio Presidencial. \ufffc<\/p>\n\n\n\n<p>Texto Ram\u00f3n Hern\u00e1ndez S<\/p>\n\n\n\n<p><a href=\"https:\/\/www.facebook.com\/hashtag\/caminoeleccionesgt?__eep__=6&amp;__cft__[0]=AZX8c5nNogSvvl0SFXD4GCqBXYEaH2ErLP_T6_K7XXuf4neAhLGzbjbYJbO_gsrfm4Iu30pBZQNtHc4BpNOsETylO6eSqih6vrgOqhS0eoZXe4ODs2U0wBhhctwBZVYiO-f7YwyaBtmpJWTGC9-P3bitCDcHW8m5w7qkTKxOajJjHIEl0dgi1WgmqOFUG7dh7jE&amp;__tn__=*NK-R\">#CaminoEleccionesGT<\/a><a href=\"https:\/\/www.facebook.com\/hashtag\/afiliate?__eep__=6&amp;__cft__[0]=AZX8c5nNogSvvl0SFXD4GCqBXYEaH2ErLP_T6_K7XXuf4neAhLGzbjbYJbO_gsrfm4Iu30pBZQNtHc4BpNOsETylO6eSqih6vrgOqhS0eoZXe4ODs2U0wBhhctwBZVYiO-f7YwyaBtmpJWTGC9-P3bitCDcHW8m5w7qkTKxOajJjHIEl0dgi1WgmqOFUG7dh7jE&amp;__tn__=*NK-R\">#Afiliate<\/a><\/p>\n\n\n\n<p><a href=\"https:\/\/www.facebook.com\/hashtag\/metroredes?__eep__=6&amp;__cft__[0]=AZX8c5nNogSvvl0SFXD4GCqBXYEaH2ErLP_T6_K7XXuf4neAhLGzbjbYJbO_gsrfm4Iu30pBZQNtHc4BpNOsETylO6eSqih6vrgOqhS0eoZXe4ODs2U0wBhhctwBZVYiO-f7YwyaBtmpJWTGC9-P3bitCDcHW8m5w7qkTKxOajJjHIEl0dgi1WgmqOFUG7dh7jE&amp;__tn__=*NK-R\">#metroredes<\/a><a href=\"https:\/\/www.facebook.com\/hashtag\/partidocreo?__eep__=6&amp;__cft__[0]=AZX8c5nNogSvvl0SFXD4GCqBXYEaH2ErLP_T6_K7XXuf4neAhLGzbjbYJbO_gsrfm4Iu30pBZQNtHc4BpNOsETylO6eSqih6vrgOqhS0eoZXe4ODs2U0wBhhctwBZVYiO-f7YwyaBtmpJWTGC9-P3bitCDcHW8m5w7qkTKxOajJjHIEl0dgi1WgmqOFUG7dh7jE&amp;__tn__=*NK-R\">#PartidoCreo<\/a><\/p>\n\n\n\n<figure class=\"wp-block-gallery has-nested-images columns-default is-cropped wp-block-gallery-1 is-layout-flex wp-block-gallery-is-layout-flex\">\n<figure class=\"wp-block-image size-large\"><img loading=\"lazy\" decoding=\"async\" width=\"1024\" height=\"1024\" data-id=\"58210\" src=\"https:\/\/elmetropolitano.com.gt\/es\/wp-content\/uploads\/2022\/12\/317722248_673052607847709_5716956030575491414_n-1024x1024.jpg\" alt=\"\" class=\"wp-image-58210\" srcset=\"https:\/\/elmetropolitano.com.gt\/es\/wp-content\/uploads\/2022\/12\/317722248_673052607847709_5716956030575491414_n-1024x1024.jpg 1024w, https:\/\/elmetropolitano.com.gt\/es\/wp-content\/uploads\/2022\/12\/317722248_673052607847709_5716956030575491414_n-300x300.jpg 300w, https:\/\/elmetropolitano.com.gt\/es\/wp-content\/uploads\/2022\/12\/317722248_673052607847709_5716956030575491414_n-150x150.jpg 150w, https:\/\/elmetropolitano.com.gt\/es\/wp-content\/uploads\/2022\/12\/317722248_673052607847709_5716956030575491414_n-768x768.jpg 768w, https:\/\/elmetropolitano.com.gt\/es\/wp-content\/uploads\/2022\/12\/317722248_673052607847709_5716956030575491414_n-600x600.jpg 600w, https:\/\/elmetropolitano.com.gt\/es\/wp-content\/uploads\/2022\/12\/317722248_673052607847709_5716956030575491414_n-100x100.jpg 100w, https:\/\/elmetropolitano.com.gt\/es\/wp-content\/uploads\/2022\/12\/317722248_673052607847709_5716956030575491414_n.jpg 1232w\" sizes=\"auto, (max-width: 1024px) 100vw, 1024px\" \/><\/figure>\n<\/figure>\n","protected":false},"excerpt":{"rendered":"<p>El Doctor Francisco Arredondo ya se subi\u00f3 al veh\u00edculo del Partido Compromiso Renovaci\u00f3n y Orden CREO, con miras a las elecciones generales del pr\u00f3ximo a\u00f1o por lo que ya es el precandidato presidencial de esta instituci\u00f3n pol\u00edtica seg\u00fan se conoci\u00f3 este domingo. Una fuente del partido CREO dio a conocer al Peri\u00f3dico El Metropolitano que <a class=\"read-more\" href=\"https:\/\/elmetropolitano.com.gt\/es\/francisco-arredondo-participara-con-creo\/\">Leer m\u00e1s<\/a><\/p>\n","protected":false},"author":1,"featured_media":58209,"comment_status":"open","ping_status":"closed","sticky":false,"template":"","format":"standard","meta":{"footnotes":""},"categories":[97],"tags":[98],"class_list":["post-58208","post","type-post","status-publish","format-standard","has-post-thumbnail","hentry","category-politica","tag-politica"],"_links":{"self":[{"href":"https:\/\/elmetropolitano.com.gt\/es\/wp-json\/wp\/v2\/posts\/58208","targetHints":{"allow":["GET"]}}],"collection":[{"href":"https:\/\/elmetropolitano.com.gt\/es\/wp-json\/wp\/v2\/posts"}],"about":[{"href":"https:\/\/elmetropolitano.com.gt\/es\/wp-json\/wp\/v2\/types\/post"}],"author":[{"embeddable":true,"href":"https:\/\/elmetropolitano.com.gt\/es\/wp-json\/wp\/v2\/users\/1"}],"replies":[{"embeddable":true,"href":"https:\/\/elmetropolitano.com.gt\/es\/wp-json\/wp\/v2\/comments?post=58208"}],"version-history":[{"count":1,"href":"https:\/\/elmetropolitano.com.gt\/es\/wp-json\/wp\/v2\/posts\/58208\/revisions"}],"predecessor-version":[{"id":58211,"href":"https:\/\/elmetropolitano.com.gt\/es\/wp-json\/wp\/v2\/posts\/58208\/revisions\/58211"}],"wp:featuredmedia":[{"embeddable":true,"href":"https:\/\/elmetropolitano.com.gt\/es\/wp-json\/wp\/v2\/media\/58209"}],"wp:attachment":[{"href":"https:\/\/elmetropolitano.com.gt\/es\/wp-json\/wp\/v2\/media?parent=58208"}],"wp:term":[{"taxonomy":"category","embeddable":true,"href":"https:\/\/elmetropolitano.com.gt\/es\/wp-json\/wp\/v2\/categories?post=58208"},{"taxonomy":"post_tag","embeddable":true,"href":"https:\/\/elmetropolitano.com.gt\/es\/wp-json\/wp\/v2\/tags?post=58208"}],"curies":[{"name":"wp","href":"https:\/\/api.w.org\/{rel}","templated":true}]}}