{"id":58212,"date":"2022-12-04T22:18:02","date_gmt":"2022-12-05T04:18:02","guid":{"rendered":"https:\/\/elmetropolitano.com.gt\/es\/?p=58212"},"modified":"2022-12-04T22:18:06","modified_gmt":"2022-12-05T04:18:06","slug":"en-la-zona-7-capitalina-los-buenos-somos-mas-expresa-mario-mendez-montenegro","status":"publish","type":"post","link":"https:\/\/elmetropolitano.com.gt\/es\/en-la-zona-7-capitalina-los-buenos-somos-mas-expresa-mario-mendez-montenegro\/","title":{"rendered":"En la zona 7 capitalina los buenos somos m\u00e1s expresa Mario M\u00e9ndez Montenegro"},"content":{"rendered":"\n<p>Sin importar la lluvia y el fr\u00edo, m\u00e1s de 500 vecinos de las colonias, El Amparo, Ni\u00f1o Dormido, Kjell Laugerud, Santa Rita y 21 de noviembre, entre otras, se dieron cita para conocer m\u00e1s de la ideolog\u00eda y filosof\u00eda del partido VAMOS en una exitosa jornada de formaci\u00f3n pol\u00edtica y afiliaci\u00f3n.<\/p>\n\n\n\n<p>La actividad fue enmarcada en el art\u00edculo 20, inciso H, de la ley Electoral y de Partidos Pol\u00edticos. Los <a><\/a>vecinos se mostraron dispuestos a sumarse al partido de los Buenos Guatemaltecos y juntos buscar soluciones a las diversas problem\u00e1ticas que enfrentan.<\/p><div class=\"elmet-contenido\" id=\"elmet-3407131849\"><div class=\"elmet-adlabel\">Anuncios<\/div><div style=\"margin-top: 20px;margin-right: 20px;margin-bottom: 20px;margin-left: 20px;\" id=\"elmet-1359424496\"><a href=\"https:\/\/www.facebook.com\/arrincuanantigua\/\" aria-label=\"cintillo-arrin-cual\"><img loading=\"lazy\" decoding=\"async\" src=\"https:\/\/elmetropolitano.com.gt\/es\/wp-content\/uploads\/2021\/11\/cintillo-arrin-cual-1.jpg\" alt=\"\"  srcset=\"https:\/\/elmetropolitano.com.gt\/es\/wp-content\/uploads\/2021\/11\/cintillo-arrin-cual-1.jpg 750w, https:\/\/elmetropolitano.com.gt\/es\/wp-content\/uploads\/2021\/11\/cintillo-arrin-cual-1-300x36.jpg 300w, https:\/\/elmetropolitano.com.gt\/es\/wp-content\/uploads\/2021\/11\/cintillo-arrin-cual-1-600x72.jpg 600w\" sizes=\"(max-width: 750px) 100vw, 750px\" width=\"750\" height=\"90\"   \/><\/a><\/div><\/div>\n\n\n\n<p>En la jornada participaron los coordinadores de la regi\u00f3n Metropolitana, Mario M\u00e9ndez Montenegro, Oscar Recinos y Henry Valdez, entre otros. La l\u00edder de la comunidad, Sandra Mel\u00e9ndez, agradeci\u00f3 por el inter\u00e9s mostrado en escuchar los problemas que aquejan a la zona 7, entre ellos, el servicio irregular de agua y transporte p\u00fablico. La falta de alumbrado p\u00fablico, muros de contenci\u00f3n y acceso a vivienda digna.<\/p>\n\n\n\n<p>#metroredes<\/p>\n\n\n\n<figure class=\"wp-block-gallery has-nested-images columns-default is-cropped wp-block-gallery-1 is-layout-flex wp-block-gallery-is-layout-flex\">\n<figure class=\"wp-block-image size-large\"><img loading=\"lazy\" decoding=\"async\" width=\"1024\" height=\"682\" data-id=\"58214\" src=\"https:\/\/elmetropolitano.com.gt\/es\/wp-content\/uploads\/2022\/12\/317924431_673074174512219_447148541643787923_n-1024x682.jpg\" alt=\"\" class=\"wp-image-58214\" srcset=\"https:\/\/elmetropolitano.com.gt\/es\/wp-content\/uploads\/2022\/12\/317924431_673074174512219_447148541643787923_n-1024x682.jpg 1024w, https:\/\/elmetropolitano.com.gt\/es\/wp-content\/uploads\/2022\/12\/317924431_673074174512219_447148541643787923_n-300x200.jpg 300w, https:\/\/elmetropolitano.com.gt\/es\/wp-content\/uploads\/2022\/12\/317924431_673074174512219_447148541643787923_n-768x512.jpg 768w, https:\/\/elmetropolitano.com.gt\/es\/wp-content\/uploads\/2022\/12\/317924431_673074174512219_447148541643787923_n-600x400.jpg 600w, https:\/\/elmetropolitano.com.gt\/es\/wp-content\/uploads\/2022\/12\/317924431_673074174512219_447148541643787923_n.jpg 1280w\" sizes=\"auto, (max-width: 1024px) 100vw, 1024px\" \/><\/figure>\n\n\n\n<figure class=\"wp-block-image size-large\"><img loading=\"lazy\" decoding=\"async\" width=\"1024\" height=\"683\" data-id=\"58215\" src=\"https:\/\/elmetropolitano.com.gt\/es\/wp-content\/uploads\/2022\/12\/318241328_673074177845552_3427166407367911290_n-1024x683.jpg\" alt=\"\" class=\"wp-image-58215\" srcset=\"https:\/\/elmetropolitano.com.gt\/es\/wp-content\/uploads\/2022\/12\/318241328_673074177845552_3427166407367911290_n-1024x683.jpg 1024w, https:\/\/elmetropolitano.com.gt\/es\/wp-content\/uploads\/2022\/12\/318241328_673074177845552_3427166407367911290_n-300x200.jpg 300w, https:\/\/elmetropolitano.com.gt\/es\/wp-content\/uploads\/2022\/12\/318241328_673074177845552_3427166407367911290_n-768x512.jpg 768w, https:\/\/elmetropolitano.com.gt\/es\/wp-content\/uploads\/2022\/12\/318241328_673074177845552_3427166407367911290_n-600x400.jpg 600w, https:\/\/elmetropolitano.com.gt\/es\/wp-content\/uploads\/2022\/12\/318241328_673074177845552_3427166407367911290_n.jpg 1368w\" sizes=\"auto, (max-width: 1024px) 100vw, 1024px\" \/><\/figure>\n\n\n\n<figure class=\"wp-block-image size-large\"><img loading=\"lazy\" decoding=\"async\" width=\"1024\" height=\"683\" data-id=\"58216\" src=\"https:\/\/elmetropolitano.com.gt\/es\/wp-content\/uploads\/2022\/12\/318296339_673074204512216_1943504445540523580_n-1024x683.jpg\" alt=\"\" class=\"wp-image-58216\" srcset=\"https:\/\/elmetropolitano.com.gt\/es\/wp-content\/uploads\/2022\/12\/318296339_673074204512216_1943504445540523580_n-1024x683.jpg 1024w, https:\/\/elmetropolitano.com.gt\/es\/wp-content\/uploads\/2022\/12\/318296339_673074204512216_1943504445540523580_n-300x200.jpg 300w, https:\/\/elmetropolitano.com.gt\/es\/wp-content\/uploads\/2022\/12\/318296339_673074204512216_1943504445540523580_n-768x512.jpg 768w, https:\/\/elmetropolitano.com.gt\/es\/wp-content\/uploads\/2022\/12\/318296339_673074204512216_1943504445540523580_n-600x400.jpg 600w, https:\/\/elmetropolitano.com.gt\/es\/wp-content\/uploads\/2022\/12\/318296339_673074204512216_1943504445540523580_n.jpg 1368w\" sizes=\"auto, (max-width: 1024px) 100vw, 1024px\" \/><\/figure>\n<\/figure>\n","protected":false},"excerpt":{"rendered":"<p>Sin importar la lluvia y el fr\u00edo, m\u00e1s de 500 vecinos de las colonias, El Amparo, Ni\u00f1o Dormido, Kjell Laugerud, Santa Rita y 21 de noviembre, entre otras, se dieron cita para conocer m\u00e1s de la ideolog\u00eda y filosof\u00eda del partido VAMOS en una exitosa jornada de formaci\u00f3n pol\u00edtica y afiliaci\u00f3n. La actividad fue enmarcada <a class=\"read-more\" href=\"https:\/\/elmetropolitano.com.gt\/es\/en-la-zona-7-capitalina-los-buenos-somos-mas-expresa-mario-mendez-montenegro\/\">Leer m\u00e1s<\/a><\/p>\n","protected":false},"author":1,"featured_media":58213,"comment_status":"open","ping_status":"closed","sticky":false,"template":"","format":"standard","meta":{"footnotes":""},"categories":[97],"tags":[98],"class_list":["post-58212","post","type-post","status-publish","format-standard","has-post-thumbnail","hentry","category-politica","tag-politica"],"_links":{"self":[{"href":"https:\/\/elmetropolitano.com.gt\/es\/wp-json\/wp\/v2\/posts\/58212","targetHints":{"allow":["GET"]}}],"collection":[{"href":"https:\/\/elmetropolitano.com.gt\/es\/wp-json\/wp\/v2\/posts"}],"about":[{"href":"https:\/\/elmetropolitano.com.gt\/es\/wp-json\/wp\/v2\/types\/post"}],"author":[{"embeddable":true,"href":"https:\/\/elmetropolitano.com.gt\/es\/wp-json\/wp\/v2\/users\/1"}],"replies":[{"embeddable":true,"href":"https:\/\/elmetropolitano.com.gt\/es\/wp-json\/wp\/v2\/comments?post=58212"}],"version-history":[{"count":1,"href":"https:\/\/elmetropolitano.com.gt\/es\/wp-json\/wp\/v2\/posts\/58212\/revisions"}],"predecessor-version":[{"id":58217,"href":"https:\/\/elmetropolitano.com.gt\/es\/wp-json\/wp\/v2\/posts\/58212\/revisions\/58217"}],"wp:featuredmedia":[{"embeddable":true,"href":"https:\/\/elmetropolitano.com.gt\/es\/wp-json\/wp\/v2\/media\/58213"}],"wp:attachment":[{"href":"https:\/\/elmetropolitano.com.gt\/es\/wp-json\/wp\/v2\/media?parent=58212"}],"wp:term":[{"taxonomy":"category","embeddable":true,"href":"https:\/\/elmetropolitano.com.gt\/es\/wp-json\/wp\/v2\/categories?post=58212"},{"taxonomy":"post_tag","embeddable":true,"href":"https:\/\/elmetropolitano.com.gt\/es\/wp-json\/wp\/v2\/tags?post=58212"}],"curies":[{"name":"wp","href":"https:\/\/api.w.org\/{rel}","templated":true}]}}