{"id":58226,"date":"2022-12-04T22:22:38","date_gmt":"2022-12-05T04:22:38","guid":{"rendered":"https:\/\/elmetropolitano.com.gt\/es\/?p=58226"},"modified":"2022-12-04T22:22:39","modified_gmt":"2022-12-05T04:22:39","slug":"los-queme-quieren-el-poder-en-quetzaltenango-y-van-con-victoria","status":"publish","type":"post","link":"https:\/\/elmetropolitano.com.gt\/es\/los-queme-quieren-el-poder-en-quetzaltenango-y-van-con-victoria\/","title":{"rendered":"Los Quem\u00e9 quieren el poder en Quetzaltenango y van con VICTORIA"},"content":{"rendered":"\n<p>Durante el desarrollo de la departamental y Municipal del partido VICTORIA en el departamento de Quetzaltenango este fin de semana design\u00f3 a Augusto Queme como candidato a diputado por el departamento de Quetzaltenango y a Julio Queme como candidato alcalde de Xela<\/p>\n\n\n\n<p>Am\u00edlcar Rivera secretario general Del Partido VICTORIA felicito al equipo municipal y departamental por el excelente trabajo que han realizado<\/p><div class=\"elmet-contenido\" id=\"elmet-3058847983\"><div class=\"elmet-adlabel\">Anuncios<\/div><div style=\"margin-top: 20px;margin-right: 20px;margin-bottom: 20px;margin-left: 20px;\" id=\"elmet-2091107375\"><a href=\"https:\/\/www.facebook.com\/arrincuanantigua\/\" aria-label=\"cintillo-arrin-cual\"><img loading=\"lazy\" decoding=\"async\" src=\"https:\/\/elmetropolitano.com.gt\/es\/wp-content\/uploads\/2021\/11\/cintillo-arrin-cual-1.jpg\" alt=\"\"  srcset=\"https:\/\/elmetropolitano.com.gt\/es\/wp-content\/uploads\/2021\/11\/cintillo-arrin-cual-1.jpg 750w, https:\/\/elmetropolitano.com.gt\/es\/wp-content\/uploads\/2021\/11\/cintillo-arrin-cual-1-300x36.jpg 300w, https:\/\/elmetropolitano.com.gt\/es\/wp-content\/uploads\/2021\/11\/cintillo-arrin-cual-1-600x72.jpg 600w\" sizes=\"(max-width: 750px) 100vw, 750px\" width=\"750\" height=\"90\"   \/><\/a><\/div><\/div>\n\n\n\n<p>Acompa\u00f1an a Queme como Concejal primero Marvin Bautista, s\u00edndico primero Jorge Sol\u00eds<\/p>\n\n\n\n<p>Mientras que a Tito Queme en el listado distrital por Quetzaltenango lo acompa\u00f1an Arnulfo Mencho y Luis flores<\/p>\n\n\n\n<p><a href=\"https:\/\/www.facebook.com\/hashtag\/metroredes?__eep__=6&amp;__cft__[0]=AZXwtg_wALlIDDjEDco82Emo35MidR8V3Vd2TksEjGIIo_QAfHVg9RU_gTyOmE4aUa1O04wNLtYpapNkNmT4jUIDjimjr-qWT8LavLYxWyH3hXO3vHRVAtBcXzGD9o8HgBsNmtsfot4U0jQSfkZpC2mdkimJRnwjV6hPZJq5YKM7FRHX8OkAtnO1b4j37q4JFRc&amp;__tn__=*NK-R\">#metroredes<\/a><a href=\"https:\/\/www.facebook.com\/hashtag\/caminoeleccionesgt?__eep__=6&amp;__cft__[0]=AZXwtg_wALlIDDjEDco82Emo35MidR8V3Vd2TksEjGIIo_QAfHVg9RU_gTyOmE4aUa1O04wNLtYpapNkNmT4jUIDjimjr-qWT8LavLYxWyH3hXO3vHRVAtBcXzGD9o8HgBsNmtsfot4U0jQSfkZpC2mdkimJRnwjV6hPZJq5YKM7FRHX8OkAtnO1b4j37q4JFRc&amp;__tn__=*NK-R\">#CaminoEleccionesGT<\/a><a href=\"https:\/\/www.facebook.com\/hashtag\/af%C3%ADliate?__eep__=6&amp;__cft__[0]=AZXwtg_wALlIDDjEDco82Emo35MidR8V3Vd2TksEjGIIo_QAfHVg9RU_gTyOmE4aUa1O04wNLtYpapNkNmT4jUIDjimjr-qWT8LavLYxWyH3hXO3vHRVAtBcXzGD9o8HgBsNmtsfot4U0jQSfkZpC2mdkimJRnwjV6hPZJq5YKM7FRHX8OkAtnO1b4j37q4JFRc&amp;__tn__=*NK-R\">#Af\u00edliate<\/a><a href=\"https:\/\/www.facebook.com\/hashtag\/partidovictoria?__eep__=6&amp;__cft__[0]=AZXwtg_wALlIDDjEDco82Emo35MidR8V3Vd2TksEjGIIo_QAfHVg9RU_gTyOmE4aUa1O04wNLtYpapNkNmT4jUIDjimjr-qWT8LavLYxWyH3hXO3vHRVAtBcXzGD9o8HgBsNmtsfot4U0jQSfkZpC2mdkimJRnwjV6hPZJq5YKM7FRHX8OkAtnO1b4j37q4JFRc&amp;__tn__=*NK-R\">#PartidoVictoria<\/a><\/p>\n\n\n\n<figure class=\"wp-block-gallery has-nested-images columns-default is-cropped wp-block-gallery-1 is-layout-flex wp-block-gallery-is-layout-flex\">\n<figure class=\"wp-block-image size-large\"><img loading=\"lazy\" decoding=\"async\" width=\"1024\" height=\"683\" data-id=\"58228\" src=\"https:\/\/elmetropolitano.com.gt\/es\/wp-content\/uploads\/2022\/12\/318185492_673127637840206_8816919257895273090_n-1024x683.jpg\" alt=\"\" class=\"wp-image-58228\" srcset=\"https:\/\/elmetropolitano.com.gt\/es\/wp-content\/uploads\/2022\/12\/318185492_673127637840206_8816919257895273090_n-1024x683.jpg 1024w, https:\/\/elmetropolitano.com.gt\/es\/wp-content\/uploads\/2022\/12\/318185492_673127637840206_8816919257895273090_n-300x200.jpg 300w, https:\/\/elmetropolitano.com.gt\/es\/wp-content\/uploads\/2022\/12\/318185492_673127637840206_8816919257895273090_n-768x512.jpg 768w, https:\/\/elmetropolitano.com.gt\/es\/wp-content\/uploads\/2022\/12\/318185492_673127637840206_8816919257895273090_n-600x400.jpg 600w, https:\/\/elmetropolitano.com.gt\/es\/wp-content\/uploads\/2022\/12\/318185492_673127637840206_8816919257895273090_n.jpg 1500w\" sizes=\"auto, (max-width: 1024px) 100vw, 1024px\" \/><\/figure>\n\n\n\n<figure class=\"wp-block-image size-large\"><img loading=\"lazy\" decoding=\"async\" width=\"1024\" height=\"683\" data-id=\"58229\" src=\"https:\/\/elmetropolitano.com.gt\/es\/wp-content\/uploads\/2022\/12\/318241433_673127617840208_89942568030939351_n-1024x683.jpg\" alt=\"\" class=\"wp-image-58229\" srcset=\"https:\/\/elmetropolitano.com.gt\/es\/wp-content\/uploads\/2022\/12\/318241433_673127617840208_89942568030939351_n-1024x683.jpg 1024w, https:\/\/elmetropolitano.com.gt\/es\/wp-content\/uploads\/2022\/12\/318241433_673127617840208_89942568030939351_n-300x200.jpg 300w, https:\/\/elmetropolitano.com.gt\/es\/wp-content\/uploads\/2022\/12\/318241433_673127617840208_89942568030939351_n-768x512.jpg 768w, https:\/\/elmetropolitano.com.gt\/es\/wp-content\/uploads\/2022\/12\/318241433_673127617840208_89942568030939351_n-600x400.jpg 600w, https:\/\/elmetropolitano.com.gt\/es\/wp-content\/uploads\/2022\/12\/318241433_673127617840208_89942568030939351_n.jpg 1500w\" sizes=\"auto, (max-width: 1024px) 100vw, 1024px\" \/><\/figure>\n\n\n\n<figure class=\"wp-block-image size-large\"><img loading=\"lazy\" decoding=\"async\" width=\"1024\" height=\"683\" data-id=\"58230\" src=\"https:\/\/elmetropolitano.com.gt\/es\/wp-content\/uploads\/2022\/12\/318312440_673127611173542_3868214334950983445_n-1024x683.jpg\" alt=\"\" class=\"wp-image-58230\" srcset=\"https:\/\/elmetropolitano.com.gt\/es\/wp-content\/uploads\/2022\/12\/318312440_673127611173542_3868214334950983445_n-1024x683.jpg 1024w, https:\/\/elmetropolitano.com.gt\/es\/wp-content\/uploads\/2022\/12\/318312440_673127611173542_3868214334950983445_n-300x200.jpg 300w, https:\/\/elmetropolitano.com.gt\/es\/wp-content\/uploads\/2022\/12\/318312440_673127611173542_3868214334950983445_n-768x512.jpg 768w, https:\/\/elmetropolitano.com.gt\/es\/wp-content\/uploads\/2022\/12\/318312440_673127611173542_3868214334950983445_n-600x400.jpg 600w, https:\/\/elmetropolitano.com.gt\/es\/wp-content\/uploads\/2022\/12\/318312440_673127611173542_3868214334950983445_n.jpg 1500w\" sizes=\"auto, (max-width: 1024px) 100vw, 1024px\" \/><\/figure>\n\n\n\n<figure class=\"wp-block-image size-large\"><img loading=\"lazy\" decoding=\"async\" width=\"1024\" height=\"683\" data-id=\"58231\" src=\"https:\/\/elmetropolitano.com.gt\/es\/wp-content\/uploads\/2022\/12\/318418990_673127587840211_1387075807847374092_n-1024x683.jpg\" alt=\"\" class=\"wp-image-58231\" srcset=\"https:\/\/elmetropolitano.com.gt\/es\/wp-content\/uploads\/2022\/12\/318418990_673127587840211_1387075807847374092_n-1024x683.jpg 1024w, https:\/\/elmetropolitano.com.gt\/es\/wp-content\/uploads\/2022\/12\/318418990_673127587840211_1387075807847374092_n-300x200.jpg 300w, https:\/\/elmetropolitano.com.gt\/es\/wp-content\/uploads\/2022\/12\/318418990_673127587840211_1387075807847374092_n-768x512.jpg 768w, https:\/\/elmetropolitano.com.gt\/es\/wp-content\/uploads\/2022\/12\/318418990_673127587840211_1387075807847374092_n-600x400.jpg 600w, https:\/\/elmetropolitano.com.gt\/es\/wp-content\/uploads\/2022\/12\/318418990_673127587840211_1387075807847374092_n.jpg 1500w\" sizes=\"auto, (max-width: 1024px) 100vw, 1024px\" \/><\/figure>\n<\/figure>\n","protected":false},"excerpt":{"rendered":"<p>Durante el desarrollo de la departamental y Municipal del partido VICTORIA en el departamento de Quetzaltenango este fin de semana design\u00f3 a Augusto Queme como candidato a diputado por el departamento de Quetzaltenango y a Julio Queme como candidato alcalde de Xela Am\u00edlcar Rivera secretario general Del Partido VICTORIA felicito al equipo municipal y departamental <a class=\"read-more\" href=\"https:\/\/elmetropolitano.com.gt\/es\/los-queme-quieren-el-poder-en-quetzaltenango-y-van-con-victoria\/\">Leer m\u00e1s<\/a><\/p>\n","protected":false},"author":1,"featured_media":58227,"comment_status":"open","ping_status":"closed","sticky":false,"template":"","format":"standard","meta":{"footnotes":""},"categories":[97],"tags":[98],"class_list":["post-58226","post","type-post","status-publish","format-standard","has-post-thumbnail","hentry","category-politica","tag-politica"],"_links":{"self":[{"href":"https:\/\/elmetropolitano.com.gt\/es\/wp-json\/wp\/v2\/posts\/58226","targetHints":{"allow":["GET"]}}],"collection":[{"href":"https:\/\/elmetropolitano.com.gt\/es\/wp-json\/wp\/v2\/posts"}],"about":[{"href":"https:\/\/elmetropolitano.com.gt\/es\/wp-json\/wp\/v2\/types\/post"}],"author":[{"embeddable":true,"href":"https:\/\/elmetropolitano.com.gt\/es\/wp-json\/wp\/v2\/users\/1"}],"replies":[{"embeddable":true,"href":"https:\/\/elmetropolitano.com.gt\/es\/wp-json\/wp\/v2\/comments?post=58226"}],"version-history":[{"count":1,"href":"https:\/\/elmetropolitano.com.gt\/es\/wp-json\/wp\/v2\/posts\/58226\/revisions"}],"predecessor-version":[{"id":58232,"href":"https:\/\/elmetropolitano.com.gt\/es\/wp-json\/wp\/v2\/posts\/58226\/revisions\/58232"}],"wp:featuredmedia":[{"embeddable":true,"href":"https:\/\/elmetropolitano.com.gt\/es\/wp-json\/wp\/v2\/media\/58227"}],"wp:attachment":[{"href":"https:\/\/elmetropolitano.com.gt\/es\/wp-json\/wp\/v2\/media?parent=58226"}],"wp:term":[{"taxonomy":"category","embeddable":true,"href":"https:\/\/elmetropolitano.com.gt\/es\/wp-json\/wp\/v2\/categories?post=58226"},{"taxonomy":"post_tag","embeddable":true,"href":"https:\/\/elmetropolitano.com.gt\/es\/wp-json\/wp\/v2\/tags?post=58226"}],"curies":[{"name":"wp","href":"https:\/\/api.w.org\/{rel}","templated":true}]}}