{"id":58240,"date":"2022-12-04T22:32:34","date_gmt":"2022-12-05T04:32:34","guid":{"rendered":"https:\/\/elmetropolitano.com.gt\/es\/?p=58240"},"modified":"2022-12-04T22:32:34","modified_gmt":"2022-12-05T04:32:34","slug":"bien-abre-sede-en-mixco-bajo-la-coordinacion-de-manuel-barrientos","status":"publish","type":"post","link":"https:\/\/elmetropolitano.com.gt\/es\/bien-abre-sede-en-mixco-bajo-la-coordinacion-de-manuel-barrientos\/","title":{"rendered":"BIEN abre sede en Mixco bajo la coordinaci\u00f3n de Manuel Barrientos"},"content":{"rendered":"\n<p>El Partido Bienestar Nacional BIEN inaugur\u00f3 la tarde de este domingo su sede en el municipio de Mixco<\/p>\n\n\n\n<p>En la actividad Particip\u00f3 el coordinador departamental Cesar D\u00e1vila y el coordinador del municipio de Mixco Manuel Barrientos<\/p><div class=\"elmet-contenido\" id=\"elmet-3758408985\"><div class=\"elmet-adlabel\">Anuncios<\/div><div style=\"margin-top: 20px;margin-right: 20px;margin-bottom: 20px;margin-left: 20px;\" id=\"elmet-1881693983\"><a href=\"https:\/\/www.facebook.com\/arrincuanantigua\/\" aria-label=\"cintillo-arrin-cual\"><img loading=\"lazy\" decoding=\"async\" src=\"https:\/\/elmetropolitano.com.gt\/es\/wp-content\/uploads\/2021\/11\/cintillo-arrin-cual-1.jpg\" alt=\"\"  srcset=\"https:\/\/elmetropolitano.com.gt\/es\/wp-content\/uploads\/2021\/11\/cintillo-arrin-cual-1.jpg 750w, https:\/\/elmetropolitano.com.gt\/es\/wp-content\/uploads\/2021\/11\/cintillo-arrin-cual-1-300x36.jpg 300w, https:\/\/elmetropolitano.com.gt\/es\/wp-content\/uploads\/2021\/11\/cintillo-arrin-cual-1-600x72.jpg 600w\" sizes=\"(max-width: 750px) 100vw, 750px\" width=\"750\" height=\"90\"   \/><\/a><\/div><\/div>\n\n\n\n<p>\u201cHoy abrimos esta sede a todos los mixque\u00f1os que es el inicio del trabajo que est\u00e1 realizando en Mixco Manuel Barrientos que es un l\u00edder en la tierra de campeones\u201d expres\u00f3 Cesar D\u00e1vila<\/p>\n\n\n\n<p>Por su parte Manuel Barrientos hizo un llamado a los vecinos a que \u201cse afilien al partido del Bien para que Juntos construyamos un Mixco mejor\u201d<\/p>\n\n\n\n<p><a href=\"https:\/\/www.facebook.com\/hashtag\/caminoeleccionesgt?__eep__=6&amp;__cft__[0]=AZV6lPkQvvDxBLpIN_ufpZJQvclM1wRcc3TknwtzVxWivx2oLpK8mzLIQkYojG_02CltkSCM7VzNN29eW18HQMqAUi8MxSK0y1PteeTcyw-HWGEo8SUcGUe3u6nYoQfFXsdKIER3BTJM5oGB-oxnCRbGjGJufqLAsWGeElfsQYFZBw7D8HweWxd42wYNzWShQlA&amp;__tn__=*NK-R\">#CaminoEleccionesGT<\/a><a href=\"https:\/\/www.facebook.com\/hashtag\/afiliate?__eep__=6&amp;__cft__[0]=AZV6lPkQvvDxBLpIN_ufpZJQvclM1wRcc3TknwtzVxWivx2oLpK8mzLIQkYojG_02CltkSCM7VzNN29eW18HQMqAUi8MxSK0y1PteeTcyw-HWGEo8SUcGUe3u6nYoQfFXsdKIER3BTJM5oGB-oxnCRbGjGJufqLAsWGeElfsQYFZBw7D8HweWxd42wYNzWShQlA&amp;__tn__=*NK-R\">#Afiliate<\/a><\/p>\n\n\n\n<p><a href=\"https:\/\/www.facebook.com\/hashtag\/partidobien?__eep__=6&amp;__cft__[0]=AZV6lPkQvvDxBLpIN_ufpZJQvclM1wRcc3TknwtzVxWivx2oLpK8mzLIQkYojG_02CltkSCM7VzNN29eW18HQMqAUi8MxSK0y1PteeTcyw-HWGEo8SUcGUe3u6nYoQfFXsdKIER3BTJM5oGB-oxnCRbGjGJufqLAsWGeElfsQYFZBw7D8HweWxd42wYNzWShQlA&amp;__tn__=*NK-R\">#PartidoBien<\/a><a href=\"https:\/\/www.facebook.com\/hashtag\/metroredes?__eep__=6&amp;__cft__[0]=AZV6lPkQvvDxBLpIN_ufpZJQvclM1wRcc3TknwtzVxWivx2oLpK8mzLIQkYojG_02CltkSCM7VzNN29eW18HQMqAUi8MxSK0y1PteeTcyw-HWGEo8SUcGUe3u6nYoQfFXsdKIER3BTJM5oGB-oxnCRbGjGJufqLAsWGeElfsQYFZBw7D8HweWxd42wYNzWShQlA&amp;__tn__=*NK-R\">#metroredes<\/a><\/p>\n\n\n\n<figure class=\"wp-block-gallery has-nested-images columns-default is-cropped wp-block-gallery-1 is-layout-flex wp-block-gallery-is-layout-flex\">\n<figure class=\"wp-block-image size-large\"><img loading=\"lazy\" decoding=\"async\" width=\"768\" height=\"1024\" data-id=\"58243\" src=\"https:\/\/elmetropolitano.com.gt\/es\/wp-content\/uploads\/2022\/12\/318006089_579544617504959_5897618892954556892_n-768x1024.jpg\" alt=\"\" class=\"wp-image-58243\" srcset=\"https:\/\/elmetropolitano.com.gt\/es\/wp-content\/uploads\/2022\/12\/318006089_579544617504959_5897618892954556892_n-768x1024.jpg 768w, https:\/\/elmetropolitano.com.gt\/es\/wp-content\/uploads\/2022\/12\/318006089_579544617504959_5897618892954556892_n-225x300.jpg 225w, https:\/\/elmetropolitano.com.gt\/es\/wp-content\/uploads\/2022\/12\/318006089_579544617504959_5897618892954556892_n-1152x1536.jpg 1152w, https:\/\/elmetropolitano.com.gt\/es\/wp-content\/uploads\/2022\/12\/318006089_579544617504959_5897618892954556892_n-600x800.jpg 600w, https:\/\/elmetropolitano.com.gt\/es\/wp-content\/uploads\/2022\/12\/318006089_579544617504959_5897618892954556892_n.jpg 1200w\" sizes=\"auto, (max-width: 768px) 100vw, 768px\" \/><\/figure>\n\n\n\n<figure class=\"wp-block-image size-large\"><img loading=\"lazy\" decoding=\"async\" width=\"1024\" height=\"576\" data-id=\"58242\" src=\"https:\/\/elmetropolitano.com.gt\/es\/wp-content\/uploads\/2022\/12\/318295992_579544627504958_5329675709891470266_n-1024x576.jpg\" alt=\"\" class=\"wp-image-58242\" srcset=\"https:\/\/elmetropolitano.com.gt\/es\/wp-content\/uploads\/2022\/12\/318295992_579544627504958_5329675709891470266_n-1024x576.jpg 1024w, https:\/\/elmetropolitano.com.gt\/es\/wp-content\/uploads\/2022\/12\/318295992_579544627504958_5329675709891470266_n-300x169.jpg 300w, https:\/\/elmetropolitano.com.gt\/es\/wp-content\/uploads\/2022\/12\/318295992_579544627504958_5329675709891470266_n-768x432.jpg 768w, https:\/\/elmetropolitano.com.gt\/es\/wp-content\/uploads\/2022\/12\/318295992_579544627504958_5329675709891470266_n-1536x864.jpg 1536w, https:\/\/elmetropolitano.com.gt\/es\/wp-content\/uploads\/2022\/12\/318295992_579544627504958_5329675709891470266_n-600x337.jpg 600w, https:\/\/elmetropolitano.com.gt\/es\/wp-content\/uploads\/2022\/12\/318295992_579544627504958_5329675709891470266_n.jpg 1599w\" sizes=\"auto, (max-width: 1024px) 100vw, 1024px\" \/><\/figure>\n<\/figure>\n","protected":false},"excerpt":{"rendered":"<p>El Partido Bienestar Nacional BIEN inaugur\u00f3 la tarde de este domingo su sede en el municipio de Mixco En la actividad Particip\u00f3 el coordinador departamental Cesar D\u00e1vila y el coordinador del municipio de Mixco Manuel Barrientos \u201cHoy abrimos esta sede a todos los mixque\u00f1os que es el inicio del trabajo que est\u00e1 realizando en Mixco <a class=\"read-more\" href=\"https:\/\/elmetropolitano.com.gt\/es\/bien-abre-sede-en-mixco-bajo-la-coordinacion-de-manuel-barrientos\/\">Leer m\u00e1s<\/a><\/p>\n","protected":false},"author":1,"featured_media":58241,"comment_status":"open","ping_status":"closed","sticky":false,"template":"","format":"standard","meta":{"footnotes":""},"categories":[97],"tags":[98],"class_list":["post-58240","post","type-post","status-publish","format-standard","has-post-thumbnail","hentry","category-politica","tag-politica"],"_links":{"self":[{"href":"https:\/\/elmetropolitano.com.gt\/es\/wp-json\/wp\/v2\/posts\/58240","targetHints":{"allow":["GET"]}}],"collection":[{"href":"https:\/\/elmetropolitano.com.gt\/es\/wp-json\/wp\/v2\/posts"}],"about":[{"href":"https:\/\/elmetropolitano.com.gt\/es\/wp-json\/wp\/v2\/types\/post"}],"author":[{"embeddable":true,"href":"https:\/\/elmetropolitano.com.gt\/es\/wp-json\/wp\/v2\/users\/1"}],"replies":[{"embeddable":true,"href":"https:\/\/elmetropolitano.com.gt\/es\/wp-json\/wp\/v2\/comments?post=58240"}],"version-history":[{"count":1,"href":"https:\/\/elmetropolitano.com.gt\/es\/wp-json\/wp\/v2\/posts\/58240\/revisions"}],"predecessor-version":[{"id":58244,"href":"https:\/\/elmetropolitano.com.gt\/es\/wp-json\/wp\/v2\/posts\/58240\/revisions\/58244"}],"wp:featuredmedia":[{"embeddable":true,"href":"https:\/\/elmetropolitano.com.gt\/es\/wp-json\/wp\/v2\/media\/58241"}],"wp:attachment":[{"href":"https:\/\/elmetropolitano.com.gt\/es\/wp-json\/wp\/v2\/media?parent=58240"}],"wp:term":[{"taxonomy":"category","embeddable":true,"href":"https:\/\/elmetropolitano.com.gt\/es\/wp-json\/wp\/v2\/categories?post=58240"},{"taxonomy":"post_tag","embeddable":true,"href":"https:\/\/elmetropolitano.com.gt\/es\/wp-json\/wp\/v2\/tags?post=58240"}],"curies":[{"name":"wp","href":"https:\/\/api.w.org\/{rel}","templated":true}]}}