{"id":58251,"date":"2022-12-05T08:58:06","date_gmt":"2022-12-05T14:58:06","guid":{"rendered":"https:\/\/elmetropolitano.com.gt\/es\/?p=58251"},"modified":"2022-12-05T08:58:07","modified_gmt":"2022-12-05T14:58:07","slug":"alianza-conjuve-y-world-vision-fortalecera-acciones-en-beneficio-de-la-juventud","status":"publish","type":"post","link":"https:\/\/elmetropolitano.com.gt\/es\/alianza-conjuve-y-world-vision-fortalecera-acciones-en-beneficio-de-la-juventud\/","title":{"rendered":"Alianza Conjuve y World Visi\u00f3n fortalecer\u00e1 acciones en beneficio de la juventud"},"content":{"rendered":"\n<p>El Consejo Nacional de la Juventud (Conjuve) y la organizaci\u00f3n World Vision firmaron un convenio de cooperaci\u00f3n que beneficiar\u00e1 a la poblaci\u00f3n de diferentes puntos del pa\u00eds.<\/p>\n\n\n\n<p>El acuerdo contiene lineamientos para el trabajo en conjunto, con miras a reforzar las actividades que propicien el desarrollo integral del citado sector.<\/p><div class=\"elmet-contenido\" id=\"elmet-3349626303\"><div class=\"elmet-adlabel\">Anuncios<\/div><div style=\"margin-top: 20px;margin-right: 20px;margin-bottom: 20px;margin-left: 20px;\" id=\"elmet-3264603504\"><a href=\"https:\/\/www.facebook.com\/arrincuanantigua\/\" aria-label=\"cintillo-arrin-cual\"><img loading=\"lazy\" decoding=\"async\" src=\"https:\/\/elmetropolitano.com.gt\/es\/wp-content\/uploads\/2021\/11\/cintillo-arrin-cual-1.jpg\" alt=\"\"  srcset=\"https:\/\/elmetropolitano.com.gt\/es\/wp-content\/uploads\/2021\/11\/cintillo-arrin-cual-1.jpg 750w, https:\/\/elmetropolitano.com.gt\/es\/wp-content\/uploads\/2021\/11\/cintillo-arrin-cual-1-300x36.jpg 300w, https:\/\/elmetropolitano.com.gt\/es\/wp-content\/uploads\/2021\/11\/cintillo-arrin-cual-1-600x72.jpg 600w\" sizes=\"(max-width: 750px) 100vw, 750px\" width=\"750\" height=\"90\"   \/><\/a><\/div><\/div>\n\n\n\n<p><a><\/a>Seg\u00fan el Conjuve, se trata de una alianza estrat\u00e9gica que permitir\u00e1 ampliar el alcance y mejorar los resultados de estrategias que ya se ejecutan en el territorio.<\/p>\n\n\n\n<p>Entre los aspectos que se fortalecer\u00edan figuran la capacitaci\u00f3n, asesor\u00eda para el empleo, apoyo al emprendimiento y formaci\u00f3n acad\u00e9mica, entre otros.<\/p>\n\n\n\n<p>Compromiso con la juventud<\/p>\n\n\n\n<p>Conjuve es la dependencia del Ejecutivo que se encarga de coordinar y articular acciones con distintos sectores de la sociedad para apoyar a los j\u00f3venes del pa\u00eds. Especialmente, prioriza tem\u00e1ticas como educaci\u00f3n, trabajo, emprendimiento y productividad.<\/p>\n\n\n\n<p>Adem\u00e1s, cuenta con proyectos para motivar a esta poblaci\u00f3n a que se involucre en la toma de decisiones en sus comunidades, lo cual impacta en la generaci\u00f3n de nuevos liderazgos.<\/p>\n\n\n\n<p>La entidad coordina tanto con ministerios y secretar\u00edas de Estado como con autoridades locales y l\u00edderes comunitarios para efectuar diversas actividades tambi\u00e9n en el \u00e1mbito cultural y deportivo.<\/p>\n\n\n\n<p>Como parte de su trabajo, se establecen y gestionan alianzas como esta con World Vision.<\/p>\n\n\n\n<p>Sobre el cooperante<\/p>\n\n\n\n<p>La confraternidad internacional llamada World Vision es una organizaci\u00f3n cristiana que brinda ayuda humanitaria y contribuye con el desarrollo y promoci\u00f3n de la justicia.<\/p>\n\n\n\n<p>En ese sentido, ha trabajado por m\u00e1s de 40 a\u00f1os en Guatemala, implementando programas y proyectos en apoyo a los que ya ejecuta el Gobierno. Su presencia se centra especialmente en \u00e1reas vulnerables.<\/p>\n\n\n\n<p>De acuerdo con lo informado, al trabajar con Conjuve se busca mejorar la atenci\u00f3n a los adolescentes y j\u00f3venes, por ser un grupo priorizado.<\/p>\n\n\n\n<p>Texto Veylin Herrera<\/p>\n\n\n\n<p><a href=\"https:\/\/www.facebook.com\/hashtag\/metroredes?__eep__=6&amp;__cft__[0]=AZVdTUt-UDPxVkcbtFzARl0hJNrFi8flnAjpi9kixjZ3242wVjNC90rDL1taly6Ep7JVqz07Z60hns2iUtsXDMV8Ywkwx8poeJgVIVnYg3Vr6Jf72H-L-pMPPtRlA_3UiyF57OeLayUpdZsEDTycSxLdU23kkE8jd5t_o4SMT3ZxNXEbfxWCEr6n9GWhb-qNnDw&amp;__tn__=*NK-R\">#metroredes<\/a><a href=\"https:\/\/www.facebook.com\/hashtag\/conjuve?__eep__=6&amp;__cft__[0]=AZVdTUt-UDPxVkcbtFzARl0hJNrFi8flnAjpi9kixjZ3242wVjNC90rDL1taly6Ep7JVqz07Z60hns2iUtsXDMV8Ywkwx8poeJgVIVnYg3Vr6Jf72H-L-pMPPtRlA_3UiyF57OeLayUpdZsEDTycSxLdU23kkE8jd5t_o4SMT3ZxNXEbfxWCEr6n9GWhb-qNnDw&amp;__tn__=*NK-R\">#Conjuve<\/a><a href=\"https:\/\/www.facebook.com\/hashtag\/woldvision?__eep__=6&amp;__cft__[0]=AZVdTUt-UDPxVkcbtFzARl0hJNrFi8flnAjpi9kixjZ3242wVjNC90rDL1taly6Ep7JVqz07Z60hns2iUtsXDMV8Ywkwx8poeJgVIVnYg3Vr6Jf72H-L-pMPPtRlA_3UiyF57OeLayUpdZsEDTycSxLdU23kkE8jd5t_o4SMT3ZxNXEbfxWCEr6n9GWhb-qNnDw&amp;__tn__=*NK-R\">#WoldVision<\/a><\/p>\n\n\n\n<figure class=\"wp-block-gallery has-nested-images columns-default is-cropped wp-block-gallery-1 is-layout-flex wp-block-gallery-is-layout-flex\">\n<figure class=\"wp-block-image size-large\"><img loading=\"lazy\" decoding=\"async\" width=\"360\" height=\"240\" data-id=\"58253\" src=\"https:\/\/elmetropolitano.com.gt\/es\/wp-content\/uploads\/2022\/12\/318337070_580016677457753_175165120783538989_n.jpg\" alt=\"\" class=\"wp-image-58253\" srcset=\"https:\/\/elmetropolitano.com.gt\/es\/wp-content\/uploads\/2022\/12\/318337070_580016677457753_175165120783538989_n.jpg 360w, https:\/\/elmetropolitano.com.gt\/es\/wp-content\/uploads\/2022\/12\/318337070_580016677457753_175165120783538989_n-300x200.jpg 300w\" sizes=\"auto, (max-width: 360px) 100vw, 360px\" \/><\/figure>\n\n\n\n<figure class=\"wp-block-image size-large\"><img loading=\"lazy\" decoding=\"async\" width=\"360\" height=\"240\" data-id=\"58254\" src=\"https:\/\/elmetropolitano.com.gt\/es\/wp-content\/uploads\/2022\/12\/318525166_580016800791074_4907770363664153282_n.jpg\" alt=\"\" class=\"wp-image-58254\" srcset=\"https:\/\/elmetropolitano.com.gt\/es\/wp-content\/uploads\/2022\/12\/318525166_580016800791074_4907770363664153282_n.jpg 360w, https:\/\/elmetropolitano.com.gt\/es\/wp-content\/uploads\/2022\/12\/318525166_580016800791074_4907770363664153282_n-300x200.jpg 300w\" sizes=\"auto, (max-width: 360px) 100vw, 360px\" \/><\/figure>\n<\/figure>\n","protected":false},"excerpt":{"rendered":"<p>El Consejo Nacional de la Juventud (Conjuve) y la organizaci\u00f3n World Vision firmaron un convenio de cooperaci\u00f3n que beneficiar\u00e1 a la poblaci\u00f3n de diferentes puntos del pa\u00eds. El acuerdo contiene lineamientos para el trabajo en conjunto, con miras a reforzar las actividades que propicien el desarrollo integral del citado sector. Seg\u00fan el Conjuve, se trata <a class=\"read-more\" href=\"https:\/\/elmetropolitano.com.gt\/es\/alianza-conjuve-y-world-vision-fortalecera-acciones-en-beneficio-de-la-juventud\/\">Leer m\u00e1s<\/a><\/p>\n","protected":false},"author":1,"featured_media":58252,"comment_status":"open","ping_status":"closed","sticky":false,"template":"","format":"standard","meta":{"footnotes":""},"categories":[43],"tags":[44],"class_list":["post-58251","post","type-post","status-publish","format-standard","has-post-thumbnail","hentry","category-deportes","tag-deportes"],"_links":{"self":[{"href":"https:\/\/elmetropolitano.com.gt\/es\/wp-json\/wp\/v2\/posts\/58251","targetHints":{"allow":["GET"]}}],"collection":[{"href":"https:\/\/elmetropolitano.com.gt\/es\/wp-json\/wp\/v2\/posts"}],"about":[{"href":"https:\/\/elmetropolitano.com.gt\/es\/wp-json\/wp\/v2\/types\/post"}],"author":[{"embeddable":true,"href":"https:\/\/elmetropolitano.com.gt\/es\/wp-json\/wp\/v2\/users\/1"}],"replies":[{"embeddable":true,"href":"https:\/\/elmetropolitano.com.gt\/es\/wp-json\/wp\/v2\/comments?post=58251"}],"version-history":[{"count":1,"href":"https:\/\/elmetropolitano.com.gt\/es\/wp-json\/wp\/v2\/posts\/58251\/revisions"}],"predecessor-version":[{"id":58255,"href":"https:\/\/elmetropolitano.com.gt\/es\/wp-json\/wp\/v2\/posts\/58251\/revisions\/58255"}],"wp:featuredmedia":[{"embeddable":true,"href":"https:\/\/elmetropolitano.com.gt\/es\/wp-json\/wp\/v2\/media\/58252"}],"wp:attachment":[{"href":"https:\/\/elmetropolitano.com.gt\/es\/wp-json\/wp\/v2\/media?parent=58251"}],"wp:term":[{"taxonomy":"category","embeddable":true,"href":"https:\/\/elmetropolitano.com.gt\/es\/wp-json\/wp\/v2\/categories?post=58251"},{"taxonomy":"post_tag","embeddable":true,"href":"https:\/\/elmetropolitano.com.gt\/es\/wp-json\/wp\/v2\/tags?post=58251"}],"curies":[{"name":"wp","href":"https:\/\/api.w.org\/{rel}","templated":true}]}}