{"id":58294,"date":"2022-12-05T11:22:46","date_gmt":"2022-12-05T17:22:46","guid":{"rendered":"https:\/\/elmetropolitano.com.gt\/es\/?p=58294"},"modified":"2022-12-05T11:22:47","modified_gmt":"2022-12-05T17:22:47","slug":"partido-nosotros-realiza-jornada-de-afiliacion-en-la-democracia-huehuetenango","status":"publish","type":"post","link":"https:\/\/elmetropolitano.com.gt\/es\/partido-nosotros-realiza-jornada-de-afiliacion-en-la-democracia-huehuetenango\/","title":{"rendered":"Partido NOSOTROS realiza jornada de afiliaci\u00f3n en la Democracia, Huehuetenango"},"content":{"rendered":"\n<p>Decenas de vecinos de La Democracia, Huehuetenango, le dieron la bienvenida y aceptaci\u00f3n al secretario general del partido NOSOTROS, Rudy Guzm\u00e1n, quien presidi\u00f3 la jornada de afiliaci\u00f3n que se llev\u00f3 a cabo en ese lugar donde tuvieron muy buena aceptaci\u00f3n.<\/p>\n\n\n\n<p>Luego de la jornada de capacitaci\u00f3n y afiliaci\u00f3n que realizaron Rudy Guzm\u00e1n y el ex presidente Alfonso Portillo, brindaron una conferencia de prensa en la que respondieron a los cuestionamientos de las personas del porque el alza en la canasta b\u00e1sica.<\/p><div class=\"elmet-contenido\" id=\"elmet-1467582646\"><div class=\"elmet-adlabel\">Anuncios<\/div><div style=\"margin-top: 20px;margin-right: 20px;margin-bottom: 20px;margin-left: 20px;\" id=\"elmet-3445679068\"><a href=\"https:\/\/www.facebook.com\/arrincuanantigua\/\" aria-label=\"cintillo-arrin-cual\"><img loading=\"lazy\" decoding=\"async\" src=\"https:\/\/elmetropolitano.com.gt\/es\/wp-content\/uploads\/2021\/11\/cintillo-arrin-cual-1.jpg\" alt=\"\"  srcset=\"https:\/\/elmetropolitano.com.gt\/es\/wp-content\/uploads\/2021\/11\/cintillo-arrin-cual-1.jpg 750w, https:\/\/elmetropolitano.com.gt\/es\/wp-content\/uploads\/2021\/11\/cintillo-arrin-cual-1-300x36.jpg 300w, https:\/\/elmetropolitano.com.gt\/es\/wp-content\/uploads\/2021\/11\/cintillo-arrin-cual-1-600x72.jpg 600w\" sizes=\"(max-width: 750px) 100vw, 750px\" width=\"750\" height=\"90\"   \/><\/a><\/div><\/div>\n\n\n\n<p>El ex presidente Portillo asegur\u00f3 que est\u00e1 en riesgo la democracia sino se toman acciones concretas. \u201cEn el pa\u00eds debe existir independencia en cada uno de los poderes del estado, sin embargo, podemos caer en varias ilegalidades, por ejemplo, el congreso lleva ya tres a\u00f1os sin elegir a la nueva corte de justicia, pero ahora no se ha cumplido con esto y no lo digo s\u00f3lo yo, todos los guatemaltecos est\u00e1n siendo conscientes que se est\u00e1 manipulando los poderes y eso es peligroso para la democracia\u201d asever\u00f3.<\/p>\n\n\n\n<p>El ex presidente refiere que es preocupante que la poblaci\u00f3n no diga nada sobre el presupuesto m\u00e1s grande de la historia que ha sido aprobado y que el gobierno no ha demostrado capacidad para ejecutar los recursos.<\/p>\n\n\n\n<p>Portillo fue acompa\u00f1ado de la diputada Evelyn Morataya y junto al Secretario General del Partido Vamos, Rudy Guzm\u00e1n; Nadia De Le\u00f3n; D\u00e9bora Recinos, secretaria departamental y El\u00edas Recinos, Secretario Municipal.<\/p>\n\n\n\n<p>Huehuetenango ha iniciado con el proceso de afiliaci\u00f3n y se prev\u00e9n varias actividades para dar a conocer la ideolog\u00eda del partido.<\/p>\n\n\n\n<p>#metroredes<\/p>\n\n\n\n<figure class=\"wp-block-gallery has-nested-images columns-default is-cropped wp-block-gallery-1 is-layout-flex wp-block-gallery-is-layout-flex\">\n<figure class=\"wp-block-image size-large\"><img loading=\"lazy\" decoding=\"async\" width=\"1024\" height=\"472\" data-id=\"58296\" src=\"https:\/\/elmetropolitano.com.gt\/es\/wp-content\/uploads\/2022\/12\/bd295c1f-dcb9-4999-a0cd-467368ffda90-1024x472.jpg\" alt=\"\" class=\"wp-image-58296\" srcset=\"https:\/\/elmetropolitano.com.gt\/es\/wp-content\/uploads\/2022\/12\/bd295c1f-dcb9-4999-a0cd-467368ffda90-1024x472.jpg 1024w, https:\/\/elmetropolitano.com.gt\/es\/wp-content\/uploads\/2022\/12\/bd295c1f-dcb9-4999-a0cd-467368ffda90-300x138.jpg 300w, https:\/\/elmetropolitano.com.gt\/es\/wp-content\/uploads\/2022\/12\/bd295c1f-dcb9-4999-a0cd-467368ffda90-768x354.jpg 768w, https:\/\/elmetropolitano.com.gt\/es\/wp-content\/uploads\/2022\/12\/bd295c1f-dcb9-4999-a0cd-467368ffda90-600x277.jpg 600w, https:\/\/elmetropolitano.com.gt\/es\/wp-content\/uploads\/2022\/12\/bd295c1f-dcb9-4999-a0cd-467368ffda90.jpg 1280w\" sizes=\"auto, (max-width: 1024px) 100vw, 1024px\" \/><\/figure>\n\n\n\n<figure class=\"wp-block-image size-large\"><img loading=\"lazy\" decoding=\"async\" width=\"1024\" height=\"472\" data-id=\"58297\" src=\"https:\/\/elmetropolitano.com.gt\/es\/wp-content\/uploads\/2022\/12\/ec1148b8-42e6-407e-9fbe-71879dceb782-1024x472.jpg\" alt=\"\" class=\"wp-image-58297\" srcset=\"https:\/\/elmetropolitano.com.gt\/es\/wp-content\/uploads\/2022\/12\/ec1148b8-42e6-407e-9fbe-71879dceb782-1024x472.jpg 1024w, https:\/\/elmetropolitano.com.gt\/es\/wp-content\/uploads\/2022\/12\/ec1148b8-42e6-407e-9fbe-71879dceb782-300x138.jpg 300w, https:\/\/elmetropolitano.com.gt\/es\/wp-content\/uploads\/2022\/12\/ec1148b8-42e6-407e-9fbe-71879dceb782-768x354.jpg 768w, https:\/\/elmetropolitano.com.gt\/es\/wp-content\/uploads\/2022\/12\/ec1148b8-42e6-407e-9fbe-71879dceb782-600x277.jpg 600w, https:\/\/elmetropolitano.com.gt\/es\/wp-content\/uploads\/2022\/12\/ec1148b8-42e6-407e-9fbe-71879dceb782.jpg 1280w\" sizes=\"auto, (max-width: 1024px) 100vw, 1024px\" \/><\/figure>\n\n\n\n<figure class=\"wp-block-image size-large\"><img loading=\"lazy\" decoding=\"async\" width=\"1024\" height=\"678\" data-id=\"58298\" src=\"https:\/\/elmetropolitano.com.gt\/es\/wp-content\/uploads\/2022\/12\/f48a2443-bb1e-4c59-a2ef-1e7da20738a8-1024x678.jpg\" alt=\"\" class=\"wp-image-58298\" srcset=\"https:\/\/elmetropolitano.com.gt\/es\/wp-content\/uploads\/2022\/12\/f48a2443-bb1e-4c59-a2ef-1e7da20738a8-1024x678.jpg 1024w, https:\/\/elmetropolitano.com.gt\/es\/wp-content\/uploads\/2022\/12\/f48a2443-bb1e-4c59-a2ef-1e7da20738a8-300x199.jpg 300w, https:\/\/elmetropolitano.com.gt\/es\/wp-content\/uploads\/2022\/12\/f48a2443-bb1e-4c59-a2ef-1e7da20738a8-768x508.jpg 768w, https:\/\/elmetropolitano.com.gt\/es\/wp-content\/uploads\/2022\/12\/f48a2443-bb1e-4c59-a2ef-1e7da20738a8-600x397.jpg 600w, https:\/\/elmetropolitano.com.gt\/es\/wp-content\/uploads\/2022\/12\/f48a2443-bb1e-4c59-a2ef-1e7da20738a8.jpg 1280w\" sizes=\"auto, (max-width: 1024px) 100vw, 1024px\" \/><\/figure>\n\n\n\n<figure class=\"wp-block-image size-large\"><img loading=\"lazy\" decoding=\"async\" width=\"1024\" height=\"678\" data-id=\"58299\" src=\"https:\/\/elmetropolitano.com.gt\/es\/wp-content\/uploads\/2022\/12\/f7427d99-7347-421f-9580-d2ab5e3ffb70-1024x678.jpg\" alt=\"\" class=\"wp-image-58299\" srcset=\"https:\/\/elmetropolitano.com.gt\/es\/wp-content\/uploads\/2022\/12\/f7427d99-7347-421f-9580-d2ab5e3ffb70-1024x678.jpg 1024w, https:\/\/elmetropolitano.com.gt\/es\/wp-content\/uploads\/2022\/12\/f7427d99-7347-421f-9580-d2ab5e3ffb70-300x199.jpg 300w, https:\/\/elmetropolitano.com.gt\/es\/wp-content\/uploads\/2022\/12\/f7427d99-7347-421f-9580-d2ab5e3ffb70-768x508.jpg 768w, https:\/\/elmetropolitano.com.gt\/es\/wp-content\/uploads\/2022\/12\/f7427d99-7347-421f-9580-d2ab5e3ffb70-600x397.jpg 600w, https:\/\/elmetropolitano.com.gt\/es\/wp-content\/uploads\/2022\/12\/f7427d99-7347-421f-9580-d2ab5e3ffb70.jpg 1280w\" sizes=\"auto, (max-width: 1024px) 100vw, 1024px\" \/><\/figure>\n<\/figure>\n","protected":false},"excerpt":{"rendered":"<p>Decenas de vecinos de La Democracia, Huehuetenango, le dieron la bienvenida y aceptaci\u00f3n al secretario general del partido NOSOTROS, Rudy Guzm\u00e1n, quien presidi\u00f3 la jornada de afiliaci\u00f3n que se llev\u00f3 a cabo en ese lugar donde tuvieron muy buena aceptaci\u00f3n. Luego de la jornada de capacitaci\u00f3n y afiliaci\u00f3n que realizaron Rudy Guzm\u00e1n y el ex <a class=\"read-more\" href=\"https:\/\/elmetropolitano.com.gt\/es\/partido-nosotros-realiza-jornada-de-afiliacion-en-la-democracia-huehuetenango\/\">Leer m\u00e1s<\/a><\/p>\n","protected":false},"author":1,"featured_media":58295,"comment_status":"open","ping_status":"closed","sticky":false,"template":"","format":"standard","meta":{"footnotes":""},"categories":[97],"tags":[98],"class_list":["post-58294","post","type-post","status-publish","format-standard","has-post-thumbnail","hentry","category-politica","tag-politica"],"_links":{"self":[{"href":"https:\/\/elmetropolitano.com.gt\/es\/wp-json\/wp\/v2\/posts\/58294","targetHints":{"allow":["GET"]}}],"collection":[{"href":"https:\/\/elmetropolitano.com.gt\/es\/wp-json\/wp\/v2\/posts"}],"about":[{"href":"https:\/\/elmetropolitano.com.gt\/es\/wp-json\/wp\/v2\/types\/post"}],"author":[{"embeddable":true,"href":"https:\/\/elmetropolitano.com.gt\/es\/wp-json\/wp\/v2\/users\/1"}],"replies":[{"embeddable":true,"href":"https:\/\/elmetropolitano.com.gt\/es\/wp-json\/wp\/v2\/comments?post=58294"}],"version-history":[{"count":1,"href":"https:\/\/elmetropolitano.com.gt\/es\/wp-json\/wp\/v2\/posts\/58294\/revisions"}],"predecessor-version":[{"id":58300,"href":"https:\/\/elmetropolitano.com.gt\/es\/wp-json\/wp\/v2\/posts\/58294\/revisions\/58300"}],"wp:featuredmedia":[{"embeddable":true,"href":"https:\/\/elmetropolitano.com.gt\/es\/wp-json\/wp\/v2\/media\/58295"}],"wp:attachment":[{"href":"https:\/\/elmetropolitano.com.gt\/es\/wp-json\/wp\/v2\/media?parent=58294"}],"wp:term":[{"taxonomy":"category","embeddable":true,"href":"https:\/\/elmetropolitano.com.gt\/es\/wp-json\/wp\/v2\/categories?post=58294"},{"taxonomy":"post_tag","embeddable":true,"href":"https:\/\/elmetropolitano.com.gt\/es\/wp-json\/wp\/v2\/tags?post=58294"}],"curies":[{"name":"wp","href":"https:\/\/api.w.org\/{rel}","templated":true}]}}